{"id":919,"date":"2021-07-14T13:58:32","date_gmt":"2021-07-14T13:58:32","guid":{"rendered":"https:\/\/aeterrasave.net\/erasmus\/?p=919"},"modified":"2021-07-14T13:58:32","modified_gmt":"2021-07-14T13:58:32","slug":"erasmus-pre-escolar-relatorio-sumario-do-desenvolvimento-do-projeto","status":"publish","type":"post","link":"https:\/\/aeterrasave.net\/erasmus\/erasmus-pre-escolar-relatorio-sumario-do-desenvolvimento-do-projeto\/","title":{"rendered":"Erasmus+ Pr\u00e9-escolar &#8211; Relat\u00f3rio Sum\u00e1rio do desenvolvimento do projeto"},"content":{"rendered":"<p>O departamento da educa\u00e7\u00e3o Pr\u00e9-escolar do Agrupamento de Pedome aderiu e participou de forma ativa no Projeto Erasmus+ \u201cActive Start in Kindergarten\u201d, que se realizou entre setembro de 2019 e Agosto de 2021.<\/p>\n<p>Educar crian\u00e7as de diferentes gera\u00e7\u00f5es coloca novos desafios para educadores e jardins-de-inf\u00e2ncia. A constata\u00e7\u00e3o a n\u00edvel internacional de que as metodologias de educa\u00e7\u00e3o necessitam evoluir e acompanhar o ritmo das sociedades modernas, levou o departamento da educa\u00e7\u00e3o pr\u00e9 escolar do nosso agrupamento, a aceitar o desafio colocado pelo projeto Erasmus+, no sentido de dar resposta a necessidades de desenvolvimento pessoal\u00a0 e profissional dos educadores.<\/p>\n<p>Este projeto internacional que englobou sete pa\u00edses (Litu\u00e2nia, It\u00e1lia, Turquia, Rom\u00e9nia, Portugal, Bulg\u00e1ria e Gr\u00e9cia) teve como objetivos ajudar a melhorar a qualidade da educa\u00e7\u00e3o pr\u00e9-escolar, melhorar as compet\u00eancias profissionais dos educadores e promover a dissemina\u00e7\u00e3o de boas pr\u00e1ticas.<\/p>\n<p>A estrutura do projeto teve como objetivo a partilha de m\u00e9todos ativos de aprendizagem, atrav\u00e9s da visita a cada um dos pa\u00edses. No entanto, e devido \u00e0 pandemia, s\u00f3 foi poss\u00edvel a visita a dois pa\u00edses, Litu\u00e2nia e Turquia. Estes encontros permitiram observar os contextos educativos locais, partilhar experi\u00eancias e definir estrat\u00e9gias com vista \u00e0 partilha e melhoria das pr\u00e1ticas educativas. Apesar da impossibilidade de desloca\u00e7\u00e3o aos restantes pa\u00edses de forma presencial, o projeto teve continuidade atrav\u00e9s de partilhas pedag\u00f3gicas inovadoras, realizadas atrav\u00e9s de videochamadas.<\/p>\n<p>O projeto foi desenvolvido a partir de cinco \u201cm\u00e9todos ativos\u201d, explorados em cada pa\u00eds e partilhados entre todos.<\/p>\n<ul>\n<li>Social-emotional competence<\/li>\n<li>Cognitive competence<\/li>\n<li>Health competence<\/li>\n<li>Language and communication<br \/>\ncompetence<\/li>\n<li>Artistic competence<\/li>\n<li><\/li>\n<\/ul>\n<p>O Projeto termina\u00a0 com a elabora\u00e7\u00e3o de um livro que re\u00fane\u00a0 todos os m\u00e9todos desenvolvidos pelos diferentes pa\u00edses.<\/p>\n<p>Posteriormente, cada pa\u00eds disseminar\u00e1 por toda a comunidade, o resultado das boas pr\u00e1ticas desenvolvidas neste projeto.<\/p>\n<p><strong>A Coordenadora<\/strong><\/p>\n<p>Adosinda Cabrita<\/p>\n<p>&nbsp;<\/p>\n","protected":false},"excerpt":{"rendered":"<p>O departamento da educa\u00e7\u00e3o Pr\u00e9-escolar do Agrupamento de Pedome aderiu e participou de forma ativa no Projeto Erasmus+ \u201cActive Start in Kindergarten\u201d, que se realizou entre setembro de 2019 e Agosto de 2021. Educar crian\u00e7as de diferentes gera\u00e7\u00f5es coloca novos desafios para educadores e jardins-de-inf\u00e2ncia. A constata\u00e7\u00e3o a n\u00edvel internacional de que as metodologias de [&hellip;]<\/p>\n","protected":false},"author":12,"featured_media":537,"comment_status":"closed","ping_status":"closed","sticky":false,"template":"","format":"standard","meta":{"_eb_attr":"","footnotes":""},"categories":[12],"tags":[],"coauthors":[],"class_list":["post-919","post","type-post","status-publish","format-standard","has-post-thumbnail","hentry","category-active-start-in-kindergarten"],"_links":{"self":[{"href":"https:\/\/aeterrasave.net\/erasmus\/wp-json\/wp\/v2\/posts\/919","targetHints":{"allow":["GET"]}}],"collection":[{"href":"https:\/\/aeterrasave.net\/erasmus\/wp-json\/wp\/v2\/posts"}],"about":[{"href":"https:\/\/aeterrasave.net\/erasmus\/wp-json\/wp\/v2\/types\/post"}],"author":[{"embeddable":true,"href":"https:\/\/aeterrasave.net\/erasmus\/wp-json\/wp\/v2\/users\/12"}],"replies":[{"embeddable":true,"href":"https:\/\/aeterrasave.net\/erasmus\/wp-json\/wp\/v2\/comments?post=919"}],"version-history":[{"count":1,"href":"https:\/\/aeterrasave.net\/erasmus\/wp-json\/wp\/v2\/posts\/919\/revisions"}],"predecessor-version":[{"id":920,"href":"https:\/\/aeterrasave.net\/erasmus\/wp-json\/wp\/v2\/posts\/919\/revisions\/920"}],"wp:featuredmedia":[{"embeddable":true,"href":"https:\/\/aeterrasave.net\/erasmus\/wp-json\/wp\/v2\/media\/537"}],"wp:attachment":[{"href":"https:\/\/aeterrasave.net\/erasmus\/wp-json\/wp\/v2\/media?parent=919"}],"wp:term":[{"taxonomy":"category","embeddable":true,"href":"https:\/\/aeterrasave.net\/erasmus\/wp-json\/wp\/v2\/categories?post=919"},{"taxonomy":"post_tag","embeddable":true,"href":"https:\/\/aeterrasave.net\/erasmus\/wp-json\/wp\/v2\/tags?post=919"},{"taxonomy":"author","embeddable":true,"href":"https:\/\/aeterrasave.net\/erasmus\/wp-json\/wp\/v2\/coauthors?post=919"}],"curies":[{"name":"wp","href":"https:\/\/api.w.org\/{rel}","templated":true}]}}