{"id":10074,"date":"2022-11-11T19:54:43","date_gmt":"2022-11-11T18:54:43","guid":{"rendered":"https:\/\/aepedome.net\/webmedia\/?p=10074"},"modified":"2022-11-11T19:54:45","modified_gmt":"2022-11-11T18:54:45","slug":"exposicao-as-voltas-do-linho","status":"publish","type":"post","link":"https:\/\/aeterrasave.net\/webmedia\/exposicao-as-voltas-do-linho\/","title":{"rendered":"Exposi\u00e7\u00e3o \u201cAs voltas do linho\u201d"},"content":{"rendered":"\n<p>No dia 10 de novembro, todos os alunos da Escola B\u00e1sica de Castel\u00f5es foram convidados pelo Presidente da Junta de Freguesia Francisco S\u00e1 a visitar a exposi\u00e7\u00e3o \u201cAs voltas do linho\u201d. Esta exposi\u00e7\u00e3o foi cedida pela C\u00e2mara Municipal de VN de Famalic\u00e3o, no \u00e2mbito da atividade \u201cDoce Outono\u201d, uma iniciativa da Junta de freguesia.<\/p>\n\n\n\n<p>Durante a exposi\u00e7\u00e3o, a t\u00e9cnica do munic\u00edpio F\u00e1tima Almeida, explicou todas as fases do trabalho do linho, representadas em fotografias, desde a sua colheita at\u00e9 ao dobar, momento em que as meadas s\u00e3o desfeitas passando de fios a novelos. Todo o trabalho do linho \u00e9 bastante dif\u00edcil e demorado. Exige esfor\u00e7o e dedica\u00e7\u00e3o. <\/p>\n\n\n\n<p>Para terminar, alguns alunos tiveram a oportunidade de experimentar o tear da D. Teresa Vieira, tecedeira de telhado.<\/p>\n\n\n\n<figure class=\"wp-block-image size-large\"><img loading=\"lazy\" decoding=\"async\" width=\"1024\" height=\"1024\" src=\"https:\/\/aepedome.net\/webmedia\/wp-content\/uploads\/2022\/11\/20221111_184752-COLLAGE-1024x1024.jpg\" alt=\"\" class=\"wp-image-10076\" srcset=\"https:\/\/aeterrasave.net\/webmedia\/wp-content\/uploads\/2022\/11\/20221111_184752-COLLAGE-1024x1024.jpg 1024w, https:\/\/aeterrasave.net\/webmedia\/wp-content\/uploads\/2022\/11\/20221111_184752-COLLAGE-400x400.jpg 400w, https:\/\/aeterrasave.net\/webmedia\/wp-content\/uploads\/2022\/11\/20221111_184752-COLLAGE-150x150.jpg 150w, https:\/\/aeterrasave.net\/webmedia\/wp-content\/uploads\/2022\/11\/20221111_184752-COLLAGE-768x768.jpg 768w, https:\/\/aeterrasave.net\/webmedia\/wp-content\/uploads\/2022\/11\/20221111_184752-COLLAGE-560x560.jpg 560w\" sizes=\"auto, (max-width: 1024px) 100vw, 1024px\" \/><\/figure>\n","protected":false},"excerpt":{"rendered":"<p>No dia 10 de novembro, todos os alunos da Escola B\u00e1sica de Castel\u00f5es foram convidados pelo Presidente da Junta de Freguesia Francisco S\u00e1 a visitar a exposi\u00e7\u00e3o \u201cAs voltas do linho\u201d. Esta exposi\u00e7\u00e3o foi cedida pela C\u00e2mara Municipal de VN de Famalic\u00e3o, no \u00e2mbito da atividade \u201cDoce Outono\u201d, uma iniciativa da Junta de freguesia. Durante [&hellip;]<\/p>\n","protected":false},"author":5,"featured_media":10075,"comment_status":"closed","ping_status":"closed","sticky":false,"template":"","format":"standard","meta":{"_eb_attr":"","footnotes":""},"categories":[3],"tags":[],"class_list":["post-10074","post","type-post","status-publish","format-standard","has-post-thumbnail","hentry","category-noticias"],"blog_post_layout_featured_media_urls":{"thumbnail":["https:\/\/aeterrasave.net\/webmedia\/wp-content\/uploads\/2022\/11\/IMG-20221110-WA0001-150x150.jpg",150,150,true],"full":["https:\/\/aeterrasave.net\/webmedia\/wp-content\/uploads\/2022\/11\/IMG-20221110-WA0001.jpg",1440,1919,false]},"categories_names":{"3":{"name":"Not\u00edcias","link":"https:\/\/aeterrasave.net\/webmedia\/category\/noticias\/"}},"tags_names":[],"comments_number":0,"wpmagazine_modules_lite_featured_media_urls":{"thumbnail":["https:\/\/aeterrasave.net\/webmedia\/wp-content\/uploads\/2022\/11\/IMG-20221110-WA0001-150x150.jpg",150,150,true],"cvmm-medium":["https:\/\/aeterrasave.net\/webmedia\/wp-content\/uploads\/2022\/11\/IMG-20221110-WA0001.jpg",225,300,false],"cvmm-medium-plus":["https:\/\/aeterrasave.net\/webmedia\/wp-content\/uploads\/2022\/11\/IMG-20221110-WA0001.jpg",155,207,false],"cvmm-portrait":["https:\/\/aeterrasave.net\/webmedia\/wp-content\/uploads\/2022\/11\/IMG-20221110-WA0001.jpg",400,533,false],"cvmm-medium-square":["https:\/\/aeterrasave.net\/webmedia\/wp-content\/uploads\/2022\/11\/IMG-20221110-WA0001.jpg",450,600,false],"cvmm-large":["https:\/\/aeterrasave.net\/webmedia\/wp-content\/uploads\/2022\/11\/IMG-20221110-WA0001.jpg",768,1024,false],"cvmm-small":["https:\/\/aeterrasave.net\/webmedia\/wp-content\/uploads\/2022\/11\/IMG-20221110-WA0001.jpg",71,95,false],"full":["https:\/\/aeterrasave.net\/webmedia\/wp-content\/uploads\/2022\/11\/IMG-20221110-WA0001.jpg",1440,1919,false]},"_links":{"self":[{"href":"https:\/\/aeterrasave.net\/webmedia\/wp-json\/wp\/v2\/posts\/10074","targetHints":{"allow":["GET"]}}],"collection":[{"href":"https:\/\/aeterrasave.net\/webmedia\/wp-json\/wp\/v2\/posts"}],"about":[{"href":"https:\/\/aeterrasave.net\/webmedia\/wp-json\/wp\/v2\/types\/post"}],"author":[{"embeddable":true,"href":"https:\/\/aeterrasave.net\/webmedia\/wp-json\/wp\/v2\/users\/5"}],"replies":[{"embeddable":true,"href":"https:\/\/aeterrasave.net\/webmedia\/wp-json\/wp\/v2\/comments?post=10074"}],"version-history":[{"count":1,"href":"https:\/\/aeterrasave.net\/webmedia\/wp-json\/wp\/v2\/posts\/10074\/revisions"}],"predecessor-version":[{"id":10077,"href":"https:\/\/aeterrasave.net\/webmedia\/wp-json\/wp\/v2\/posts\/10074\/revisions\/10077"}],"wp:featuredmedia":[{"embeddable":true,"href":"https:\/\/aeterrasave.net\/webmedia\/wp-json\/wp\/v2\/media\/10075"}],"wp:attachment":[{"href":"https:\/\/aeterrasave.net\/webmedia\/wp-json\/wp\/v2\/media?parent=10074"}],"wp:term":[{"taxonomy":"category","embeddable":true,"href":"https:\/\/aeterrasave.net\/webmedia\/wp-json\/wp\/v2\/categories?post=10074"},{"taxonomy":"post_tag","embeddable":true,"href":"https:\/\/aeterrasave.net\/webmedia\/wp-json\/wp\/v2\/tags?post=10074"}],"curies":[{"name":"wp","href":"https:\/\/api.w.org\/{rel}","templated":true}]}}