{"id":10144,"date":"2022-11-16T20:26:26","date_gmt":"2022-11-16T19:26:26","guid":{"rendered":"https:\/\/aepedome.net\/webmedia\/?p=10144"},"modified":"2022-11-16T20:40:22","modified_gmt":"2022-11-16T19:40:22","slug":"a-tera-tremeu-na-eb-de-riba-de-ave","status":"publish","type":"post","link":"https:\/\/aeterrasave.net\/webmedia\/a-tera-tremeu-na-eb-de-riba-de-ave\/","title":{"rendered":"\u201cA TERRA TREMEU\u201d na EB de Riba de Ave"},"content":{"rendered":"\n<p>No dia&nbsp;9&nbsp;de novembro, \u00e0s 11:09&nbsp;horas, a \u201cTerra tremeu\u201d na nossa Escola, e a campainha da escola tocou como sinal de alarme e emerg\u00eancia.<br>Todos os alunos praticaram os tr\u00eas gestos : <strong><span class=\"has-inline-color has-vivid-red-color\">BAIXAR; PROTEGER E AGUARDAR.<\/span><\/strong><br>Esta foi a 10.\u00aa Edi\u00e7\u00e3o do&nbsp;Exerc\u00edcio P\u00fablico de \u00e2mbito nacional de<br>Sensibiliza\u00e7\u00e3o para o Risco S\u00edsmico, denominado<strong><em>&nbsp;A TERRA TREME<\/em><\/strong> medida prevista na Estrat\u00e9gia Nacional para uma Prote\u00e7\u00e3o Civil Preventiva.<br>O objetivo de <strong><em>A TERRA TREME<\/em><\/strong> \u00e9 capacitar a popula\u00e7\u00e3o para saber como agir em caso de sismo, sensibilizando o cidad\u00e3o para o facto de viver numa sociedade de risco, e desafiando-o a envolver-se no processo de constru\u00e7\u00e3o de<br>comunidades mais seguras e resilientes.<\/p>\n\n\n\n<figure class=\"wp-block-embed is-type-video is-provider-vimeo wp-block-embed-vimeo wp-embed-aspect-1-1 wp-has-aspect-ratio\"><div class=\"wp-block-embed__wrapper\">\n<iframe loading=\"lazy\" title=\"A Terra treme_EB de Riba de Ave\" src=\"https:\/\/player.vimeo.com\/video\/771717935?dnt=1&amp;app_id=122963\" width=\"480\" height=\"480\" frameborder=\"0\" allow=\"autoplay; fullscreen; picture-in-picture; clipboard-write\"><\/iframe>\n<\/div><\/figure>\n","protected":false},"excerpt":{"rendered":"<p>No dia&nbsp;9&nbsp;de novembro, \u00e0s 11:09&nbsp;horas, a \u201cTerra tremeu\u201d na nossa Escola, e a campainha da escola tocou como sinal de alarme e emerg\u00eancia.Todos os alunos praticaram os tr\u00eas gestos : BAIXAR; PROTEGER E AGUARDAR.Esta foi a 10.\u00aa Edi\u00e7\u00e3o do&nbsp;Exerc\u00edcio P\u00fablico de \u00e2mbito nacional deSensibiliza\u00e7\u00e3o para o Risco S\u00edsmico, denominado&nbsp;A TERRA TREME medida prevista na Estrat\u00e9gia [&hellip;]<\/p>\n","protected":false},"author":8,"featured_media":10145,"comment_status":"closed","ping_status":"closed","sticky":false,"template":"","format":"standard","meta":{"_eb_attr":"","footnotes":""},"categories":[3],"tags":[],"class_list":["post-10144","post","type-post","status-publish","format-standard","has-post-thumbnail","hentry","category-noticias"],"blog_post_layout_featured_media_urls":{"thumbnail":["https:\/\/aeterrasave.net\/webmedia\/wp-content\/uploads\/2022\/11\/photo-output-19-150x150.jpg",150,150,true],"full":["https:\/\/aeterrasave.net\/webmedia\/wp-content\/uploads\/2022\/11\/photo-output-19.jpg",1670,1255,false]},"categories_names":{"3":{"name":"Not\u00edcias","link":"https:\/\/aeterrasave.net\/webmedia\/category\/noticias\/"}},"tags_names":[],"comments_number":0,"wpmagazine_modules_lite_featured_media_urls":{"thumbnail":["https:\/\/aeterrasave.net\/webmedia\/wp-content\/uploads\/2022\/11\/photo-output-19-150x150.jpg",150,150,true],"cvmm-medium":["https:\/\/aeterrasave.net\/webmedia\/wp-content\/uploads\/2022\/11\/photo-output-19.jpg",300,225,false],"cvmm-medium-plus":["https:\/\/aeterrasave.net\/webmedia\/wp-content\/uploads\/2022\/11\/photo-output-19.jpg",275,207,false],"cvmm-portrait":["https:\/\/aeterrasave.net\/webmedia\/wp-content\/uploads\/2022\/11\/photo-output-19.jpg",400,301,false],"cvmm-medium-square":["https:\/\/aeterrasave.net\/webmedia\/wp-content\/uploads\/2022\/11\/photo-output-19.jpg",600,451,false],"cvmm-large":["https:\/\/aeterrasave.net\/webmedia\/wp-content\/uploads\/2022\/11\/photo-output-19.jpg",1024,770,false],"cvmm-small":["https:\/\/aeterrasave.net\/webmedia\/wp-content\/uploads\/2022\/11\/photo-output-19.jpg",126,95,false],"full":["https:\/\/aeterrasave.net\/webmedia\/wp-content\/uploads\/2022\/11\/photo-output-19.jpg",1670,1255,false]},"_links":{"self":[{"href":"https:\/\/aeterrasave.net\/webmedia\/wp-json\/wp\/v2\/posts\/10144","targetHints":{"allow":["GET"]}}],"collection":[{"href":"https:\/\/aeterrasave.net\/webmedia\/wp-json\/wp\/v2\/posts"}],"about":[{"href":"https:\/\/aeterrasave.net\/webmedia\/wp-json\/wp\/v2\/types\/post"}],"author":[{"embeddable":true,"href":"https:\/\/aeterrasave.net\/webmedia\/wp-json\/wp\/v2\/users\/8"}],"replies":[{"embeddable":true,"href":"https:\/\/aeterrasave.net\/webmedia\/wp-json\/wp\/v2\/comments?post=10144"}],"version-history":[{"count":3,"href":"https:\/\/aeterrasave.net\/webmedia\/wp-json\/wp\/v2\/posts\/10144\/revisions"}],"predecessor-version":[{"id":10150,"href":"https:\/\/aeterrasave.net\/webmedia\/wp-json\/wp\/v2\/posts\/10144\/revisions\/10150"}],"wp:featuredmedia":[{"embeddable":true,"href":"https:\/\/aeterrasave.net\/webmedia\/wp-json\/wp\/v2\/media\/10145"}],"wp:attachment":[{"href":"https:\/\/aeterrasave.net\/webmedia\/wp-json\/wp\/v2\/media?parent=10144"}],"wp:term":[{"taxonomy":"category","embeddable":true,"href":"https:\/\/aeterrasave.net\/webmedia\/wp-json\/wp\/v2\/categories?post=10144"},{"taxonomy":"post_tag","embeddable":true,"href":"https:\/\/aeterrasave.net\/webmedia\/wp-json\/wp\/v2\/tags?post=10144"}],"curies":[{"name":"wp","href":"https:\/\/api.w.org\/{rel}","templated":true}]}}