{"id":10203,"date":"2022-11-22T10:22:51","date_gmt":"2022-11-22T09:22:51","guid":{"rendered":"https:\/\/aepedome.net\/webmedia\/?p=10203"},"modified":"2022-11-24T20:19:14","modified_gmt":"2022-11-24T19:19:14","slug":"21-de-novembro-dia-nacional-do-pijama-na-eb-delaes","status":"publish","type":"post","link":"https:\/\/aeterrasave.net\/webmedia\/21-de-novembro-dia-nacional-do-pijama-na-eb-delaes\/","title":{"rendered":"21 de novembro -Dia Nacional do Pijama na EB Del\u00e3es"},"content":{"rendered":"\n<p>A Miss\u00e3o Pijama \u00e9 uma iniciativa criada pela Mundos de Vida desde 2012. Tem a finalidade de sensibilizar o pa\u00eds para o direito de uma crian\u00e7a crescer numa fam\u00edlia, promover o acolhimento familiar de crian\u00e7as e reduzir o n\u00famero de crian\u00e7as institucionalizadas. Os alunos da EB Del\u00e3es participaram nesta iniciativa e foram todos de pijama para a escola.  Foi um dia de divers\u00e3o com a dan\u00e7a-can\u00e7\u00e3o: &#8220;Onde anda o pijama&#8221;. <\/p>\n\n\n\n<figure class=\"wp-block-image size-large\"><img loading=\"lazy\" decoding=\"async\" width=\"768\" height=\"1024\" src=\"https:\/\/aepedome.net\/webmedia\/wp-content\/uploads\/2022\/11\/1669062442209-768x1024.jpg\" alt=\"\" class=\"wp-image-10204\" srcset=\"https:\/\/aeterrasave.net\/webmedia\/wp-content\/uploads\/2022\/11\/1669062442209-768x1024.jpg 768w, https:\/\/aeterrasave.net\/webmedia\/wp-content\/uploads\/2022\/11\/1669062442209-300x400.jpg 300w, https:\/\/aeterrasave.net\/webmedia\/wp-content\/uploads\/2022\/11\/1669062442209-560x747.jpg 560w, https:\/\/aeterrasave.net\/webmedia\/wp-content\/uploads\/2022\/11\/1669062442209-scaled.jpg 1920w\" sizes=\"auto, (max-width: 768px) 100vw, 768px\" \/><\/figure>\n\n\n\n<figure class=\"wp-block-image size-large is-resized\"><img loading=\"lazy\" decoding=\"async\" src=\"https:\/\/aepedome.net\/webmedia\/wp-content\/uploads\/2022\/11\/1669062442198-1024x768.jpg\" alt=\"\" class=\"wp-image-10205\" width=\"767\" height=\"575\" srcset=\"https:\/\/aeterrasave.net\/webmedia\/wp-content\/uploads\/2022\/11\/1669062442198-1024x768.jpg 1024w, https:\/\/aeterrasave.net\/webmedia\/wp-content\/uploads\/2022\/11\/1669062442198-400x300.jpg 400w, https:\/\/aeterrasave.net\/webmedia\/wp-content\/uploads\/2022\/11\/1669062442198-768x576.jpg 768w, https:\/\/aeterrasave.net\/webmedia\/wp-content\/uploads\/2022\/11\/1669062442198-560x420.jpg 560w\" sizes=\"auto, (max-width: 767px) 100vw, 767px\" \/><\/figure>\n\n\n","protected":false},"excerpt":{"rendered":"<p>A Miss\u00e3o Pijama \u00e9 uma iniciativa criada pela Mundos de Vida desde 2012. Tem a finalidade de sensibilizar o pa\u00eds para o direito de uma crian\u00e7a crescer numa fam\u00edlia, promover o acolhimento familiar de crian\u00e7as e reduzir o n\u00famero de crian\u00e7as institucionalizadas. Os alunos da EB Del\u00e3es participaram nesta iniciativa e foram todos de pijama [&hellip;]<\/p>\n","protected":false},"author":6,"featured_media":10204,"comment_status":"closed","ping_status":"closed","sticky":false,"template":"","format":"standard","meta":{"_eb_attr":"","footnotes":""},"categories":[3],"tags":[],"class_list":["post-10203","post","type-post","status-publish","format-standard","has-post-thumbnail","hentry","category-noticias"],"blog_post_layout_featured_media_urls":{"thumbnail":["https:\/\/aeterrasave.net\/webmedia\/wp-content\/uploads\/2022\/11\/1669062442209-150x150.jpg",150,150,true],"full":["https:\/\/aeterrasave.net\/webmedia\/wp-content\/uploads\/2022\/11\/1669062442209-scaled.jpg",1920,2560,false]},"categories_names":{"3":{"name":"Not\u00edcias","link":"https:\/\/aeterrasave.net\/webmedia\/category\/noticias\/"}},"tags_names":[],"comments_number":0,"wpmagazine_modules_lite_featured_media_urls":{"thumbnail":["https:\/\/aeterrasave.net\/webmedia\/wp-content\/uploads\/2022\/11\/1669062442209-150x150.jpg",150,150,true],"cvmm-medium":["https:\/\/aeterrasave.net\/webmedia\/wp-content\/uploads\/2022\/11\/1669062442209-scaled.jpg",225,300,false],"cvmm-medium-plus":["https:\/\/aeterrasave.net\/webmedia\/wp-content\/uploads\/2022\/11\/1669062442209-scaled.jpg",155,207,false],"cvmm-portrait":["https:\/\/aeterrasave.net\/webmedia\/wp-content\/uploads\/2022\/11\/1669062442209-scaled.jpg",400,533,false],"cvmm-medium-square":["https:\/\/aeterrasave.net\/webmedia\/wp-content\/uploads\/2022\/11\/1669062442209-scaled.jpg",450,600,false],"cvmm-large":["https:\/\/aeterrasave.net\/webmedia\/wp-content\/uploads\/2022\/11\/1669062442209-scaled.jpg",768,1024,false],"cvmm-small":["https:\/\/aeterrasave.net\/webmedia\/wp-content\/uploads\/2022\/11\/1669062442209-scaled.jpg",71,95,false],"full":["https:\/\/aeterrasave.net\/webmedia\/wp-content\/uploads\/2022\/11\/1669062442209-scaled.jpg",1920,2560,false]},"_links":{"self":[{"href":"https:\/\/aeterrasave.net\/webmedia\/wp-json\/wp\/v2\/posts\/10203","targetHints":{"allow":["GET"]}}],"collection":[{"href":"https:\/\/aeterrasave.net\/webmedia\/wp-json\/wp\/v2\/posts"}],"about":[{"href":"https:\/\/aeterrasave.net\/webmedia\/wp-json\/wp\/v2\/types\/post"}],"author":[{"embeddable":true,"href":"https:\/\/aeterrasave.net\/webmedia\/wp-json\/wp\/v2\/users\/6"}],"replies":[{"embeddable":true,"href":"https:\/\/aeterrasave.net\/webmedia\/wp-json\/wp\/v2\/comments?post=10203"}],"version-history":[{"count":1,"href":"https:\/\/aeterrasave.net\/webmedia\/wp-json\/wp\/v2\/posts\/10203\/revisions"}],"predecessor-version":[{"id":10206,"href":"https:\/\/aeterrasave.net\/webmedia\/wp-json\/wp\/v2\/posts\/10203\/revisions\/10206"}],"wp:featuredmedia":[{"embeddable":true,"href":"https:\/\/aeterrasave.net\/webmedia\/wp-json\/wp\/v2\/media\/10204"}],"wp:attachment":[{"href":"https:\/\/aeterrasave.net\/webmedia\/wp-json\/wp\/v2\/media?parent=10203"}],"wp:term":[{"taxonomy":"category","embeddable":true,"href":"https:\/\/aeterrasave.net\/webmedia\/wp-json\/wp\/v2\/categories?post=10203"},{"taxonomy":"post_tag","embeddable":true,"href":"https:\/\/aeterrasave.net\/webmedia\/wp-json\/wp\/v2\/tags?post=10203"}],"curies":[{"name":"wp","href":"https:\/\/api.w.org\/{rel}","templated":true}]}}