{"id":10207,"date":"2022-11-22T11:27:48","date_gmt":"2022-11-22T10:27:48","guid":{"rendered":"https:\/\/aepedome.net\/webmedia\/?p=10207"},"modified":"2022-11-22T11:27:50","modified_gmt":"2022-11-22T10:27:50","slug":"finalmente-chegou-o-dia-nacional-do-pijama","status":"publish","type":"post","link":"https:\/\/aeterrasave.net\/webmedia\/finalmente-chegou-o-dia-nacional-do-pijama\/","title":{"rendered":"Finalmente chegou o \u201cDia Nacional do Pijama\u201d!"},"content":{"rendered":"\n<figure class=\"wp-block-image size-large\"><img loading=\"lazy\" decoding=\"async\" width=\"1024\" height=\"538\" src=\"https:\/\/aepedome.net\/webmedia\/wp-content\/uploads\/2022\/11\/Dia-Nacional-do-Pijama-600-\u00d7-315-px-2023-1024x538.jpg\" alt=\"\" class=\"wp-image-10208\" srcset=\"https:\/\/aeterrasave.net\/webmedia\/wp-content\/uploads\/2022\/11\/Dia-Nacional-do-Pijama-600-\u00d7-315-px-2023-1024x538.jpg 1024w, https:\/\/aeterrasave.net\/webmedia\/wp-content\/uploads\/2022\/11\/Dia-Nacional-do-Pijama-600-\u00d7-315-px-2023-400x210.jpg 400w, https:\/\/aeterrasave.net\/webmedia\/wp-content\/uploads\/2022\/11\/Dia-Nacional-do-Pijama-600-\u00d7-315-px-2023-768x403.jpg 768w, https:\/\/aeterrasave.net\/webmedia\/wp-content\/uploads\/2022\/11\/Dia-Nacional-do-Pijama-600-\u00d7-315-px-2023-560x294.jpg 560w, https:\/\/aeterrasave.net\/webmedia\/wp-content\/uploads\/2022\/11\/Dia-Nacional-do-Pijama-600-\u00d7-315-px-2023.jpg 1200w\" sizes=\"auto, (max-width: 1024px) 100vw, 1024px\" \/><\/figure>\n\n\n\n<p>A Escola B\u00e1sica de Ruiv\u00e3es associou-se mais uma vez \u00e0 Miss\u00e3o Pijama, iniciativa criada pela institui\u00e7\u00e3o Mundos de Vida. No dia 21 de novembro, os alunos apareceram vestidos com os seus pijamas para celebrar a solidariedade, o carinho e a amizade entre todos.<\/p>\n\n\n\n<p>\u00c9 um dia educativo e muito especial em que as crian\u00e7as se divertem e, ao mesmo tempo, se lembram que \u201cuma crian\u00e7a tem direito a crescer numa fam\u00edlia\u201d.<\/p>\n\n\n\n<p>Este ano, os alunos dan\u00e7aram ao som da Dan\u00e7a-Can\u00e7\u00e3o \u201cOnde Anda\u201d, cantada pelos Calema e coreografada pelo padrinho art\u00edstico Cifr\u00e3o.<\/p>\n\n\n\n<p>Divers\u00e3o n\u00e3o faltou!<\/p>\n","protected":false},"excerpt":{"rendered":"<p>A Escola B\u00e1sica de Ruiv\u00e3es associou-se mais uma vez \u00e0 Miss\u00e3o Pijama, iniciativa criada pela institui\u00e7\u00e3o Mundos de Vida. No dia 21 de novembro, os alunos apareceram vestidos com os seus pijamas para celebrar a solidariedade, o carinho e a amizade entre todos. \u00c9 um dia educativo e muito especial em que as crian\u00e7as se [&hellip;]<\/p>\n","protected":false},"author":9,"featured_media":10208,"comment_status":"closed","ping_status":"closed","sticky":false,"template":"","format":"standard","meta":{"_eb_attr":"","footnotes":""},"categories":[3],"tags":[],"class_list":["post-10207","post","type-post","status-publish","format-standard","has-post-thumbnail","hentry","category-noticias"],"blog_post_layout_featured_media_urls":{"thumbnail":["https:\/\/aeterrasave.net\/webmedia\/wp-content\/uploads\/2022\/11\/Dia-Nacional-do-Pijama-600-\u00d7-315-px-2023-150x150.jpg",150,150,true],"full":["https:\/\/aeterrasave.net\/webmedia\/wp-content\/uploads\/2022\/11\/Dia-Nacional-do-Pijama-600-\u00d7-315-px-2023.jpg",1200,630,false]},"categories_names":{"3":{"name":"Not\u00edcias","link":"https:\/\/aeterrasave.net\/webmedia\/category\/noticias\/"}},"tags_names":[],"comments_number":0,"wpmagazine_modules_lite_featured_media_urls":{"thumbnail":["https:\/\/aeterrasave.net\/webmedia\/wp-content\/uploads\/2022\/11\/Dia-Nacional-do-Pijama-600-\u00d7-315-px-2023-150x150.jpg",150,150,true],"cvmm-medium":["https:\/\/aeterrasave.net\/webmedia\/wp-content\/uploads\/2022\/11\/Dia-Nacional-do-Pijama-600-\u00d7-315-px-2023.jpg",300,158,false],"cvmm-medium-plus":["https:\/\/aeterrasave.net\/webmedia\/wp-content\/uploads\/2022\/11\/Dia-Nacional-do-Pijama-600-\u00d7-315-px-2023.jpg",305,160,false],"cvmm-portrait":["https:\/\/aeterrasave.net\/webmedia\/wp-content\/uploads\/2022\/11\/Dia-Nacional-do-Pijama-600-\u00d7-315-px-2023.jpg",400,210,false],"cvmm-medium-square":["https:\/\/aeterrasave.net\/webmedia\/wp-content\/uploads\/2022\/11\/Dia-Nacional-do-Pijama-600-\u00d7-315-px-2023.jpg",600,315,false],"cvmm-large":["https:\/\/aeterrasave.net\/webmedia\/wp-content\/uploads\/2022\/11\/Dia-Nacional-do-Pijama-600-\u00d7-315-px-2023.jpg",1024,538,false],"cvmm-small":["https:\/\/aeterrasave.net\/webmedia\/wp-content\/uploads\/2022\/11\/Dia-Nacional-do-Pijama-600-\u00d7-315-px-2023.jpg",130,68,false],"full":["https:\/\/aeterrasave.net\/webmedia\/wp-content\/uploads\/2022\/11\/Dia-Nacional-do-Pijama-600-\u00d7-315-px-2023.jpg",1200,630,false]},"_links":{"self":[{"href":"https:\/\/aeterrasave.net\/webmedia\/wp-json\/wp\/v2\/posts\/10207","targetHints":{"allow":["GET"]}}],"collection":[{"href":"https:\/\/aeterrasave.net\/webmedia\/wp-json\/wp\/v2\/posts"}],"about":[{"href":"https:\/\/aeterrasave.net\/webmedia\/wp-json\/wp\/v2\/types\/post"}],"author":[{"embeddable":true,"href":"https:\/\/aeterrasave.net\/webmedia\/wp-json\/wp\/v2\/users\/9"}],"replies":[{"embeddable":true,"href":"https:\/\/aeterrasave.net\/webmedia\/wp-json\/wp\/v2\/comments?post=10207"}],"version-history":[{"count":2,"href":"https:\/\/aeterrasave.net\/webmedia\/wp-json\/wp\/v2\/posts\/10207\/revisions"}],"predecessor-version":[{"id":10210,"href":"https:\/\/aeterrasave.net\/webmedia\/wp-json\/wp\/v2\/posts\/10207\/revisions\/10210"}],"wp:featuredmedia":[{"embeddable":true,"href":"https:\/\/aeterrasave.net\/webmedia\/wp-json\/wp\/v2\/media\/10208"}],"wp:attachment":[{"href":"https:\/\/aeterrasave.net\/webmedia\/wp-json\/wp\/v2\/media?parent=10207"}],"wp:term":[{"taxonomy":"category","embeddable":true,"href":"https:\/\/aeterrasave.net\/webmedia\/wp-json\/wp\/v2\/categories?post=10207"},{"taxonomy":"post_tag","embeddable":true,"href":"https:\/\/aeterrasave.net\/webmedia\/wp-json\/wp\/v2\/tags?post=10207"}],"curies":[{"name":"wp","href":"https:\/\/api.w.org\/{rel}","templated":true}]}}