{"id":10267,"date":"2022-11-30T13:46:08","date_gmt":"2022-11-30T12:46:08","guid":{"rendered":"https:\/\/aepedome.net\/webmedia\/?p=10267"},"modified":"2022-11-30T13:52:21","modified_gmt":"2022-11-30T12:52:21","slug":"pijamas-e-muito-mais","status":"publish","type":"post","link":"https:\/\/aeterrasave.net\/webmedia\/pijamas-e-muito-mais\/","title":{"rendered":"Pijamas &#8230; e muito mais!"},"content":{"rendered":"\n<p>No passado dia 21 de novembro, os alunos da EB de Del\u00e3es assinalaram o Dia do Pijama, uma iniciativa da Mundos de Vida.<\/p>\n\n\n\n<p>Os alunos foram para a escola com o pijama vestido para lembrar que todas as crian\u00e7as t\u00eam direito a \u201cter uma fam\u00edlia, um lar\u201d, explicou Carolina Fernandes, aluna do quarto ano. Recorde-se que este projeto pretende alertar a comunidade para os Direitos da Crian\u00e7a.<\/p>\n\n\n\n<p>Esta iniciativa nacional promovida pela Mundos de Vida, prop\u00f5e v\u00e1rias atividades \u00e0s escolas: leitura de um livro \u2013 que este ano se intitula \u201cO ladr\u00e3o de girass\u00f3is\u201d \u2013, a dan\u00e7a-coreografia de uma m\u00fasica da autoria dos Calema, \u201cOnde anda o pijama\u201d, e a montagem do mealheiro \u201cCasa dos Pijamas\u201d. A escola de Del\u00e3es aderiu a tudo. \u201cE quando falamos de escola, estamos tamb\u00e9m a incluir as fam\u00edlias\u201d, esclareceu a professora Maria de F\u00e1tima Pereira.<\/p>\n\n\n\n<p>De manh\u00e3, os meninos que assim quiseram, chegaram \u00e0 escola com o seu pijama preferido. Dan\u00e7aram e cantaram a m\u00fasica oficial da Miss\u00e3o Pijama no recreio.<\/p>\n\n\n\n<p>Entretanto, durante a semana, no decorrer das atividades letivas, j\u00e1 tinham integralmente o conto e, juntamente com os pais, tinham montado o mealheiro \u201cCasa dos Pijamas\u201d, no qual depositaram um donativo que foi entregue \u00e0 institui\u00e7\u00e3o \u201cque acolhe crian\u00e7as sem fam\u00edlia\u201d, referiu o aluno Tom\u00e1s Moreira.&nbsp;<\/p>\n\n\n\n<p>Como os alunos do quarto ano gostaram tanto da hist\u00f3ria do \u201cLadr\u00e3o de girass\u00f3is\u201d, resolveram dar asas \u00e0 imagina\u00e7\u00e3o e escreveram o 14\u00ba cap\u00edtulo. Assim, aumentam o esp\u00f3lio da sua \u201cF\u00e1brica de hist\u00f3rias\u201d \u2013 uma din\u00e2mica pedag\u00f3gica muito apreciada por todos que tem como objetivo estimular a escrita \u2013 e presenteiam os utentes da Mundos de Vida com uma narrativa cheia de aventuras.<\/p>\n\n\n\n<p>\u201cEsta articula\u00e7\u00e3o entre a escola, as fam\u00edlias e a institui\u00e7\u00e3o \u00e9 enriquecedora para todos. Todos ficamos a ganhar. Estimular o amor ao pr\u00f3ximo \u00e9 o valor, a aprendizagem mais importante\u201d, concluiu a professora.<\/p>\n\n\n\n<figure class=\"wp-block-image size-large\"><img loading=\"lazy\" decoding=\"async\" width=\"1024\" height=\"506\" src=\"https:\/\/aepedome.net\/webmedia\/wp-content\/uploads\/2022\/11\/20221121_104827-1-1024x506.jpg\" alt=\"\" class=\"wp-image-10268\" srcset=\"https:\/\/aeterrasave.net\/webmedia\/wp-content\/uploads\/2022\/11\/20221121_104827-1-1024x506.jpg 1024w, https:\/\/aeterrasave.net\/webmedia\/wp-content\/uploads\/2022\/11\/20221121_104827-1-400x198.jpg 400w, https:\/\/aeterrasave.net\/webmedia\/wp-content\/uploads\/2022\/11\/20221121_104827-1-768x379.jpg 768w, https:\/\/aeterrasave.net\/webmedia\/wp-content\/uploads\/2022\/11\/20221121_104827-1-560x277.jpg 560w\" sizes=\"auto, (max-width: 1024px) 100vw, 1024px\" \/><\/figure>\n\n\n\n<figure class=\"wp-block-image size-large\"><img loading=\"lazy\" decoding=\"async\" width=\"768\" height=\"1024\" src=\"https:\/\/aepedome.net\/webmedia\/wp-content\/uploads\/2022\/11\/20221125_150414-768x1024.jpg\" alt=\"\" class=\"wp-image-10269\" srcset=\"https:\/\/aeterrasave.net\/webmedia\/wp-content\/uploads\/2022\/11\/20221125_150414-768x1023.jpg 768w, https:\/\/aeterrasave.net\/webmedia\/wp-content\/uploads\/2022\/11\/20221125_150414-300x400.jpg 300w, https:\/\/aeterrasave.net\/webmedia\/wp-content\/uploads\/2022\/11\/20221125_150414-560x746.jpg 560w, https:\/\/aeterrasave.net\/webmedia\/wp-content\/uploads\/2022\/11\/20221125_150414-scaled.jpg 1921w\" sizes=\"auto, (max-width: 768px) 100vw, 768px\" \/><\/figure>\n\n\n\n\n","protected":false},"excerpt":{"rendered":"<p>No passado dia 21 de novembro, os alunos da EB de Del\u00e3es assinalaram o Dia do Pijama, uma iniciativa da Mundos de Vida. Os alunos foram para a escola com o pijama vestido para lembrar que todas as crian\u00e7as t\u00eam direito a \u201cter uma fam\u00edlia, um lar\u201d, explicou Carolina Fernandes, aluna do quarto ano. Recorde-se [&hellip;]<\/p>\n","protected":false},"author":6,"featured_media":10316,"comment_status":"closed","ping_status":"closed","sticky":false,"template":"","format":"standard","meta":{"_eb_attr":"","footnotes":""},"categories":[3],"tags":[],"class_list":["post-10267","post","type-post","status-publish","format-standard","has-post-thumbnail","hentry","category-noticias"],"blog_post_layout_featured_media_urls":{"thumbnail":["https:\/\/aeterrasave.net\/webmedia\/wp-content\/uploads\/2022\/11\/20221121_104827-1-1024x506-1-150x150.jpg",150,150,true],"full":["https:\/\/aeterrasave.net\/webmedia\/wp-content\/uploads\/2022\/11\/20221121_104827-1-1024x506-1.jpg",1024,506,false]},"categories_names":{"3":{"name":"Not\u00edcias","link":"https:\/\/aeterrasave.net\/webmedia\/category\/noticias\/"}},"tags_names":[],"comments_number":0,"wpmagazine_modules_lite_featured_media_urls":{"thumbnail":["https:\/\/aeterrasave.net\/webmedia\/wp-content\/uploads\/2022\/11\/20221121_104827-1-1024x506-1-150x150.jpg",150,150,true],"cvmm-medium":["https:\/\/aeterrasave.net\/webmedia\/wp-content\/uploads\/2022\/11\/20221121_104827-1-1024x506-1.jpg",300,148,false],"cvmm-medium-plus":["https:\/\/aeterrasave.net\/webmedia\/wp-content\/uploads\/2022\/11\/20221121_104827-1-1024x506-1.jpg",305,151,false],"cvmm-portrait":["https:\/\/aeterrasave.net\/webmedia\/wp-content\/uploads\/2022\/11\/20221121_104827-1-1024x506-1.jpg",400,198,false],"cvmm-medium-square":["https:\/\/aeterrasave.net\/webmedia\/wp-content\/uploads\/2022\/11\/20221121_104827-1-1024x506-1.jpg",600,296,false],"cvmm-large":["https:\/\/aeterrasave.net\/webmedia\/wp-content\/uploads\/2022\/11\/20221121_104827-1-1024x506-1.jpg",1024,506,false],"cvmm-small":["https:\/\/aeterrasave.net\/webmedia\/wp-content\/uploads\/2022\/11\/20221121_104827-1-1024x506-1.jpg",130,64,false],"full":["https:\/\/aeterrasave.net\/webmedia\/wp-content\/uploads\/2022\/11\/20221121_104827-1-1024x506-1.jpg",1024,506,false]},"_links":{"self":[{"href":"https:\/\/aeterrasave.net\/webmedia\/wp-json\/wp\/v2\/posts\/10267","targetHints":{"allow":["GET"]}}],"collection":[{"href":"https:\/\/aeterrasave.net\/webmedia\/wp-json\/wp\/v2\/posts"}],"about":[{"href":"https:\/\/aeterrasave.net\/webmedia\/wp-json\/wp\/v2\/types\/post"}],"author":[{"embeddable":true,"href":"https:\/\/aeterrasave.net\/webmedia\/wp-json\/wp\/v2\/users\/6"}],"replies":[{"embeddable":true,"href":"https:\/\/aeterrasave.net\/webmedia\/wp-json\/wp\/v2\/comments?post=10267"}],"version-history":[{"count":1,"href":"https:\/\/aeterrasave.net\/webmedia\/wp-json\/wp\/v2\/posts\/10267\/revisions"}],"predecessor-version":[{"id":10270,"href":"https:\/\/aeterrasave.net\/webmedia\/wp-json\/wp\/v2\/posts\/10267\/revisions\/10270"}],"wp:featuredmedia":[{"embeddable":true,"href":"https:\/\/aeterrasave.net\/webmedia\/wp-json\/wp\/v2\/media\/10316"}],"wp:attachment":[{"href":"https:\/\/aeterrasave.net\/webmedia\/wp-json\/wp\/v2\/media?parent=10267"}],"wp:term":[{"taxonomy":"category","embeddable":true,"href":"https:\/\/aeterrasave.net\/webmedia\/wp-json\/wp\/v2\/categories?post=10267"},{"taxonomy":"post_tag","embeddable":true,"href":"https:\/\/aeterrasave.net\/webmedia\/wp-json\/wp\/v2\/tags?post=10267"}],"curies":[{"name":"wp","href":"https:\/\/api.w.org\/{rel}","templated":true}]}}