{"id":1038,"date":"2019-12-02T12:39:36","date_gmt":"2019-12-02T11:39:36","guid":{"rendered":"https:\/\/aepedome.net\/webmedia\/?p=1038"},"modified":"2019-12-02T19:22:17","modified_gmt":"2019-12-02T18:22:17","slug":"espaco-anima-uma-historia-laboratorio-de-ideias-e-clube-de-jornalismo-webmedia","status":"publish","type":"post","link":"https:\/\/aeterrasave.net\/webmedia\/espaco-anima-uma-historia-laboratorio-de-ideias-e-clube-de-jornalismo-webmedia\/","title":{"rendered":"Espa\u00e7o &#8220;Anima uma hist\u00f3ria&#8221;, Laborat\u00f3rio de Ideias e Clube de Jornalismo\/WEBMEDIA"},"content":{"rendered":"<p>O espa\u00e7o para o projeto <strong>&#8220;Anima uma hist\u00f3ria&#8221;<\/strong>, o <strong>Laborat\u00f3rio de Ideias<\/strong> e o<strong> Clube de Jornalismo\/WEBMEDIA<\/strong> j\u00e1 se encontra definido e em breve ter\u00e1 \u00e0 disposi\u00e7\u00e3o dos alunos Tablets e outros materiais de trabalho na biblioteca escolar da escola sede.<\/p>\n<div id='gallery-1' class='gallery galleryid-1038 gallery-columns-3 gallery-size-thumbnail'><figure class='gallery-item'>\n\t\t\t<div class='gallery-icon landscape'>\n\t\t\t\t<a href='https:\/\/aeterrasave.net\/webmedia\/espaco-anima-uma-historia-laboratorio-de-ideias-e-clube-de-jornalismo-webmedia\/biblioteca1\/'><img loading=\"lazy\" decoding=\"async\" width=\"150\" height=\"150\" src=\"https:\/\/aeterrasave.net\/webmedia\/wp-content\/uploads\/2019\/12\/biblioteca1-150x150.jpg\" class=\"attachment-thumbnail size-thumbnail\" alt=\"\" \/><\/a>\n\t\t\t<\/div><\/figure><figure class='gallery-item'>\n\t\t\t<div class='gallery-icon landscape'>\n\t\t\t\t<a href='https:\/\/aeterrasave.net\/webmedia\/espaco-anima-uma-historia-laboratorio-de-ideias-e-clube-de-jornalismo-webmedia\/biblioteca2\/'><img loading=\"lazy\" decoding=\"async\" width=\"150\" height=\"84\" src=\"https:\/\/aeterrasave.net\/webmedia\/wp-content\/uploads\/2019\/12\/biblioteca2-700x394.jpg\" class=\"attachment-thumbnail size-thumbnail\" alt=\"\" srcset=\"https:\/\/aeterrasave.net\/webmedia\/wp-content\/uploads\/2019\/12\/biblioteca2-700x394.jpg 700w, https:\/\/aeterrasave.net\/webmedia\/wp-content\/uploads\/2019\/12\/biblioteca2-760x427.jpg 760w, https:\/\/aeterrasave.net\/webmedia\/wp-content\/uploads\/2019\/12\/biblioteca2-768x432.jpg 768w, https:\/\/aeterrasave.net\/webmedia\/wp-content\/uploads\/2019\/12\/biblioteca2-1536x864.jpg 1536w, https:\/\/aeterrasave.net\/webmedia\/wp-content\/uploads\/2019\/12\/biblioteca2-747x420.jpg 747w, https:\/\/aeterrasave.net\/webmedia\/wp-content\/uploads\/2019\/12\/biblioteca2-640x360.jpg 640w, https:\/\/aeterrasave.net\/webmedia\/wp-content\/uploads\/2019\/12\/biblioteca2-681x383.jpg 681w, https:\/\/aeterrasave.net\/webmedia\/wp-content\/uploads\/2019\/12\/biblioteca2-1021x580.jpg 1021w, https:\/\/aeterrasave.net\/webmedia\/wp-content\/uploads\/2019\/12\/biblioteca2.jpg 1593w\" sizes=\"auto, (max-width: 150px) 100vw, 150px\" \/><\/a>\n\t\t\t<\/div><\/figure><figure class='gallery-item'>\n\t\t\t<div class='gallery-icon landscape'>\n\t\t\t\t<a href='https:\/\/aeterrasave.net\/webmedia\/espaco-anima-uma-historia-laboratorio-de-ideias-e-clube-de-jornalismo-webmedia\/biblioteca4\/'><img loading=\"lazy\" decoding=\"async\" width=\"150\" height=\"84\" src=\"https:\/\/aeterrasave.net\/webmedia\/wp-content\/uploads\/2019\/12\/biblioteca4-700x394.jpg\" class=\"attachment-thumbnail size-thumbnail\" alt=\"\" srcset=\"https:\/\/aeterrasave.net\/webmedia\/wp-content\/uploads\/2019\/12\/biblioteca4-700x394.jpg 700w, https:\/\/aeterrasave.net\/webmedia\/wp-content\/uploads\/2019\/12\/biblioteca4-760x427.jpg 760w, https:\/\/aeterrasave.net\/webmedia\/wp-content\/uploads\/2019\/12\/biblioteca4-768x432.jpg 768w, https:\/\/aeterrasave.net\/webmedia\/wp-content\/uploads\/2019\/12\/biblioteca4-1536x864.jpg 1536w, https:\/\/aeterrasave.net\/webmedia\/wp-content\/uploads\/2019\/12\/biblioteca4-747x420.jpg 747w, https:\/\/aeterrasave.net\/webmedia\/wp-content\/uploads\/2019\/12\/biblioteca4-640x360.jpg 640w, https:\/\/aeterrasave.net\/webmedia\/wp-content\/uploads\/2019\/12\/biblioteca4-681x383.jpg 681w, https:\/\/aeterrasave.net\/webmedia\/wp-content\/uploads\/2019\/12\/biblioteca4-1021x580.jpg 1021w, https:\/\/aeterrasave.net\/webmedia\/wp-content\/uploads\/2019\/12\/biblioteca4.jpg 1593w\" sizes=\"auto, (max-width: 150px) 100vw, 150px\" \/><\/a>\n\t\t\t<\/div><\/figure>\n\t\t<\/div>\n\n<p>.<\/p>\n","protected":false},"excerpt":{"rendered":"<p>O espa\u00e7o para o projeto &#8220;Anima uma hist\u00f3ria&#8221;, o Laborat\u00f3rio de Ideias e o Clube de Jornalismo\/WEBMEDIA j\u00e1 se encontra definido e em breve ter\u00e1 \u00e0 disposi\u00e7\u00e3o dos alunos Tablets e outros materiais de trabalho na biblioteca escolar da escola sede. .<\/p>\n","protected":false},"author":39,"featured_media":1039,"comment_status":"closed","ping_status":"closed","sticky":false,"template":"","format":"standard","meta":{"_eb_attr":"","footnotes":""},"categories":[3,6],"tags":[],"class_list":["post-1038","post","type-post","status-publish","format-standard","has-post-thumbnail","hentry","category-noticias","category-cultura"],"blog_post_layout_featured_media_urls":{"thumbnail":["https:\/\/aeterrasave.net\/webmedia\/wp-content\/uploads\/2019\/12\/biblioteca1-150x150.jpg",150,150,true],"full":["https:\/\/aeterrasave.net\/webmedia\/wp-content\/uploads\/2019\/12\/biblioteca1.jpg",1593,896,false]},"categories_names":{"3":{"name":"Not\u00edcias","link":"https:\/\/aeterrasave.net\/webmedia\/category\/noticias\/"},"6":{"name":"Cultura","link":"https:\/\/aeterrasave.net\/webmedia\/category\/cultura\/"}},"tags_names":[],"comments_number":0,"wpmagazine_modules_lite_featured_media_urls":{"thumbnail":["https:\/\/aeterrasave.net\/webmedia\/wp-content\/uploads\/2019\/12\/biblioteca1-150x150.jpg",150,150,true],"cvmm-medium":["https:\/\/aeterrasave.net\/webmedia\/wp-content\/uploads\/2019\/12\/biblioteca1.jpg",300,169,false],"cvmm-medium-plus":["https:\/\/aeterrasave.net\/webmedia\/wp-content\/uploads\/2019\/12\/biblioteca1.jpg",305,172,false],"cvmm-portrait":["https:\/\/aeterrasave.net\/webmedia\/wp-content\/uploads\/2019\/12\/biblioteca1.jpg",400,225,false],"cvmm-medium-square":["https:\/\/aeterrasave.net\/webmedia\/wp-content\/uploads\/2019\/12\/biblioteca1.jpg",600,337,false],"cvmm-large":["https:\/\/aeterrasave.net\/webmedia\/wp-content\/uploads\/2019\/12\/biblioteca1.jpg",1024,576,false],"cvmm-small":["https:\/\/aeterrasave.net\/webmedia\/wp-content\/uploads\/2019\/12\/biblioteca1.jpg",130,73,false],"full":["https:\/\/aeterrasave.net\/webmedia\/wp-content\/uploads\/2019\/12\/biblioteca1.jpg",1593,896,false]},"_links":{"self":[{"href":"https:\/\/aeterrasave.net\/webmedia\/wp-json\/wp\/v2\/posts\/1038","targetHints":{"allow":["GET"]}}],"collection":[{"href":"https:\/\/aeterrasave.net\/webmedia\/wp-json\/wp\/v2\/posts"}],"about":[{"href":"https:\/\/aeterrasave.net\/webmedia\/wp-json\/wp\/v2\/types\/post"}],"author":[{"embeddable":true,"href":"https:\/\/aeterrasave.net\/webmedia\/wp-json\/wp\/v2\/users\/39"}],"replies":[{"embeddable":true,"href":"https:\/\/aeterrasave.net\/webmedia\/wp-json\/wp\/v2\/comments?post=1038"}],"version-history":[{"count":0,"href":"https:\/\/aeterrasave.net\/webmedia\/wp-json\/wp\/v2\/posts\/1038\/revisions"}],"wp:featuredmedia":[{"embeddable":true,"href":"https:\/\/aeterrasave.net\/webmedia\/wp-json\/wp\/v2\/media\/1039"}],"wp:attachment":[{"href":"https:\/\/aeterrasave.net\/webmedia\/wp-json\/wp\/v2\/media?parent=1038"}],"wp:term":[{"taxonomy":"category","embeddable":true,"href":"https:\/\/aeterrasave.net\/webmedia\/wp-json\/wp\/v2\/categories?post=1038"},{"taxonomy":"post_tag","embeddable":true,"href":"https:\/\/aeterrasave.net\/webmedia\/wp-json\/wp\/v2\/tags?post=1038"}],"curies":[{"name":"wp","href":"https:\/\/api.w.org\/{rel}","templated":true}]}}