{"id":10525,"date":"2022-12-16T23:41:55","date_gmt":"2022-12-16T22:41:55","guid":{"rendered":"https:\/\/aepedome.net\/webmedia\/?p=10525"},"modified":"2022-12-16T23:41:57","modified_gmt":"2022-12-16T22:41:57","slug":"e-natal-em-casteloes","status":"publish","type":"post","link":"https:\/\/aeterrasave.net\/webmedia\/e-natal-em-casteloes\/","title":{"rendered":"\u00c9 Natal em Castel\u00f5es!"},"content":{"rendered":"\n<p>Hoje foi dia de muita alegria! A escola de Castel\u00f5es reuniu-se no sal\u00e3o de festas do Centro Social de Castel\u00f5es para terminar o per\u00edodo letivo, em beleza. O esp\u00edrito de Natal envolveu todos os que l\u00e1 se encontravam.<\/p>\n\n\n\n<p>Os alunos atuaram e encantaram os colegas e os idosos que assistiam com um sorriso. Houve m\u00fasica, dan\u00e7a, poesia, teatro, luz, o Pai Natal, a visita surpresa do Mickey, presentes e muita felicidade. No decorrer da festa, todo o corpo docente e n\u00e3o docente foi surpreendido com uma dan\u00e7a e uma oferta feita pelos alunos do 4\u00ba ano. N\u00e3o faltou o comboio do Pai Natal que alegrou mi\u00fados e gra\u00fados que nele passearam. <\/p>\n\n\n\n<p>Os professores agradecem \u00e0 Associa\u00e7\u00e3o de Pais, ao Centro Social de Castel\u00f5es e \u00e0 Junta de Freguesia todo o apoio na organiza\u00e7\u00e3o desta festa, t\u00e3o linda, t\u00e3o simples, t\u00e3o cheia de amor, que fecha um per\u00edodo letivo da melhor forma poss\u00edvel. Bem hajam!<\/p>\n\n\n\n<p>Desejamos a todos umas Festas Felizes!<\/p>\n\n\n\n<figure class=\"wp-block-image size-large\"><img loading=\"lazy\" decoding=\"async\" width=\"512\" height=\"512\" src=\"https:\/\/aepedome.net\/webmedia\/wp-content\/uploads\/2022\/12\/foto-Natal.jpg\" alt=\"\" class=\"wp-image-10526\" srcset=\"https:\/\/aeterrasave.net\/webmedia\/wp-content\/uploads\/2022\/12\/foto-Natal.jpg 512w, https:\/\/aeterrasave.net\/webmedia\/wp-content\/uploads\/2022\/12\/foto-Natal-400x400.jpg 400w, https:\/\/aeterrasave.net\/webmedia\/wp-content\/uploads\/2022\/12\/foto-Natal-150x150.jpg 150w\" sizes=\"auto, (max-width: 512px) 100vw, 512px\" \/><\/figure>\n\n\n\n<figure class=\"wp-block-image size-large is-resized\"><img loading=\"lazy\" decoding=\"async\" src=\"https:\/\/aepedome.net\/webmedia\/wp-content\/uploads\/2022\/12\/IMG-20221216-WA0020-1024x768.jpg\" alt=\"\" class=\"wp-image-10527\" width=\"451\" height=\"338\" srcset=\"https:\/\/aeterrasave.net\/webmedia\/wp-content\/uploads\/2022\/12\/IMG-20221216-WA0020-1024x768.jpg 1024w, https:\/\/aeterrasave.net\/webmedia\/wp-content\/uploads\/2022\/12\/IMG-20221216-WA0020-400x300.jpg 400w, https:\/\/aeterrasave.net\/webmedia\/wp-content\/uploads\/2022\/12\/IMG-20221216-WA0020-768x576.jpg 768w, https:\/\/aeterrasave.net\/webmedia\/wp-content\/uploads\/2022\/12\/IMG-20221216-WA0020-560x420.jpg 560w, https:\/\/aeterrasave.net\/webmedia\/wp-content\/uploads\/2022\/12\/IMG-20221216-WA0020.jpg 1600w\" sizes=\"auto, (max-width: 451px) 100vw, 451px\" \/><\/figure>\n","protected":false},"excerpt":{"rendered":"<p>Hoje foi dia de muita alegria! A escola de Castel\u00f5es reuniu-se no sal\u00e3o de festas do Centro Social de Castel\u00f5es para terminar o per\u00edodo letivo, em beleza. O esp\u00edrito de Natal envolveu todos os que l\u00e1 se encontravam. Os alunos atuaram e encantaram os colegas e os idosos que assistiam com um sorriso. Houve m\u00fasica, [&hellip;]<\/p>\n","protected":false},"author":5,"featured_media":10533,"comment_status":"closed","ping_status":"closed","sticky":false,"template":"","format":"standard","meta":{"_eb_attr":"","footnotes":""},"categories":[3],"tags":[],"class_list":["post-10525","post","type-post","status-publish","format-standard","has-post-thumbnail","hentry","category-noticias"],"blog_post_layout_featured_media_urls":{"thumbnail":["https:\/\/aeterrasave.net\/webmedia\/wp-content\/uploads\/2022\/12\/pai-natal-150x150.jpg",150,150,true],"full":["https:\/\/aeterrasave.net\/webmedia\/wp-content\/uploads\/2022\/12\/pai-natal.jpg",443,591,false]},"categories_names":{"3":{"name":"Not\u00edcias","link":"https:\/\/aeterrasave.net\/webmedia\/category\/noticias\/"}},"tags_names":[],"comments_number":0,"wpmagazine_modules_lite_featured_media_urls":{"thumbnail":["https:\/\/aeterrasave.net\/webmedia\/wp-content\/uploads\/2022\/12\/pai-natal-150x150.jpg",150,150,true],"cvmm-medium":["https:\/\/aeterrasave.net\/webmedia\/wp-content\/uploads\/2022\/12\/pai-natal.jpg",225,300,false],"cvmm-medium-plus":["https:\/\/aeterrasave.net\/webmedia\/wp-content\/uploads\/2022\/12\/pai-natal.jpg",155,207,false],"cvmm-portrait":["https:\/\/aeterrasave.net\/webmedia\/wp-content\/uploads\/2022\/12\/pai-natal.jpg",400,534,false],"cvmm-medium-square":["https:\/\/aeterrasave.net\/webmedia\/wp-content\/uploads\/2022\/12\/pai-natal.jpg",443,591,false],"cvmm-large":["https:\/\/aeterrasave.net\/webmedia\/wp-content\/uploads\/2022\/12\/pai-natal.jpg",443,591,false],"cvmm-small":["https:\/\/aeterrasave.net\/webmedia\/wp-content\/uploads\/2022\/12\/pai-natal.jpg",71,95,false],"full":["https:\/\/aeterrasave.net\/webmedia\/wp-content\/uploads\/2022\/12\/pai-natal.jpg",443,591,false]},"_links":{"self":[{"href":"https:\/\/aeterrasave.net\/webmedia\/wp-json\/wp\/v2\/posts\/10525","targetHints":{"allow":["GET"]}}],"collection":[{"href":"https:\/\/aeterrasave.net\/webmedia\/wp-json\/wp\/v2\/posts"}],"about":[{"href":"https:\/\/aeterrasave.net\/webmedia\/wp-json\/wp\/v2\/types\/post"}],"author":[{"embeddable":true,"href":"https:\/\/aeterrasave.net\/webmedia\/wp-json\/wp\/v2\/users\/5"}],"replies":[{"embeddable":true,"href":"https:\/\/aeterrasave.net\/webmedia\/wp-json\/wp\/v2\/comments?post=10525"}],"version-history":[{"count":1,"href":"https:\/\/aeterrasave.net\/webmedia\/wp-json\/wp\/v2\/posts\/10525\/revisions"}],"predecessor-version":[{"id":10529,"href":"https:\/\/aeterrasave.net\/webmedia\/wp-json\/wp\/v2\/posts\/10525\/revisions\/10529"}],"wp:featuredmedia":[{"embeddable":true,"href":"https:\/\/aeterrasave.net\/webmedia\/wp-json\/wp\/v2\/media\/10533"}],"wp:attachment":[{"href":"https:\/\/aeterrasave.net\/webmedia\/wp-json\/wp\/v2\/media?parent=10525"}],"wp:term":[{"taxonomy":"category","embeddable":true,"href":"https:\/\/aeterrasave.net\/webmedia\/wp-json\/wp\/v2\/categories?post=10525"},{"taxonomy":"post_tag","embeddable":true,"href":"https:\/\/aeterrasave.net\/webmedia\/wp-json\/wp\/v2\/tags?post=10525"}],"curies":[{"name":"wp","href":"https:\/\/api.w.org\/{rel}","templated":true}]}}