{"id":10953,"date":"2023-02-08T13:46:16","date_gmt":"2023-02-08T12:46:16","guid":{"rendered":"https:\/\/aepedome.net\/webmedia\/?p=10953"},"modified":"2023-02-08T13:46:19","modified_gmt":"2023-02-08T12:46:19","slug":"a-paz-tambem-se-aprende","status":"publish","type":"post","link":"https:\/\/aeterrasave.net\/webmedia\/a-paz-tambem-se-aprende\/","title":{"rendered":"A Paz tamb\u00e9m se aprende"},"content":{"rendered":"\n<p>EB de Castel\u00f5es<\/p>\n\n\n\n<p>No passado dia 30 de janeiro, os alunos da EB de Castel\u00f5es assinalaram o \u201cDia Escolar da n\u00e3o viol\u00eancia e da Paz\u201d.&nbsp;<\/p>\n\n\n\n<p>Trata-se de um projeto pedag\u00f3gico com a assinatura da Betweien que tem como objetivo promover valores de cidadania como a coopera\u00e7\u00e3o, amizade, igualdade, uni\u00e3o, toler\u00e2ncia e solidariedade entre os alunos.<\/p>\n\n\n\n<p>Nesse dia, os meninos assistiram \u00e0 apresenta\u00e7\u00e3o \u201conline\u201d do livro \u201cP\u00e9talas do mundo\u201d, onde a personagem principal, Alice, uma aluna do 4\u00ba ano, se torna num exemplo de amor, pois soube acolher duas crian\u00e7as que vinham de pa\u00edses estrangeiros: o menino vinha da S\u00edria e a menina, da Venezuela.<\/p>\n\n\n\n<p>Como atividade de aplica\u00e7\u00e3o dos conhecimentos adquiridos, todos os alunos da escola foram convidados a formar um cora\u00e7\u00e3o e a escrever a palavra \u201cPAZ\u201d com os corpos. \u201cFoi um momento muito especial de conv\u00edvio entre todos\u201d, referiu Leonardo Fernandes, aluno do 4\u00ba ano.<\/p>\n\n\n\n<p>Os alunos finalistas ainda tiveram oportunidade de fazer debates na sala de aula sobre o tema da \u201cn\u00e3o viol\u00eancia\u201d e elaborar cartazes alusivos \u00e0 paz e \u00e0 toler\u00e2ncia. \u201cN\u00e3o devemos fazer aos outros o que n\u00e3o queremos que nos fa\u00e7am a n\u00f3s\u201d, esclareceu Liliana Abreu, aluna da EB de Castel\u00f5es. Para\u00a0 Martha D`Assun\u00e7\u00e3o a mensagem mais importante \u00e9 \u201cn\u00e3o importa a cor\u201d, mas para Dany Fernandes tudo se resume a uma ideia: \u201cum por todos e todos contra a viol\u00eancia\u201d.\u00a0<\/p>\n\n\n\n<figure class=\"wp-block-image size-large is-resized\"><img loading=\"lazy\" decoding=\"async\" src=\"https:\/\/aepedome.net\/webmedia\/wp-content\/uploads\/2023\/02\/cartazes-da-paz.jpg\" alt=\"\" class=\"wp-image-10956\" width=\"331\" height=\"248\" srcset=\"https:\/\/aeterrasave.net\/webmedia\/wp-content\/uploads\/2023\/02\/cartazes-da-paz.jpg 591w, https:\/\/aeterrasave.net\/webmedia\/wp-content\/uploads\/2023\/02\/cartazes-da-paz-400x300.jpg 400w, https:\/\/aeterrasave.net\/webmedia\/wp-content\/uploads\/2023\/02\/cartazes-da-paz-560x420.jpg 560w\" sizes=\"auto, (max-width: 331px) 100vw, 331px\" \/><\/figure>\n\n\n\n<figure class=\"wp-block-image size-large is-resized\"><img loading=\"lazy\" decoding=\"async\" src=\"https:\/\/aepedome.net\/webmedia\/wp-content\/uploads\/2023\/02\/pomba-da-paz-Nina.png\" alt=\"\" class=\"wp-image-10958\" width=\"258\" height=\"244\" srcset=\"https:\/\/aeterrasave.net\/webmedia\/wp-content\/uploads\/2023\/02\/pomba-da-paz-Nina.png 533w, https:\/\/aeterrasave.net\/webmedia\/wp-content\/uploads\/2023\/02\/pomba-da-paz-Nina-400x379.png 400w\" sizes=\"auto, (max-width: 258px) 100vw, 258px\" \/><\/figure>\n\n\n\n<figure class=\"wp-block-image size-large is-resized\"><img loading=\"lazy\" decoding=\"async\" src=\"https:\/\/aepedome.net\/webmedia\/wp-content\/uploads\/2023\/02\/paz-Mara.png\" alt=\"\" class=\"wp-image-10959\" width=\"296\" height=\"255\" srcset=\"https:\/\/aeterrasave.net\/webmedia\/wp-content\/uploads\/2023\/02\/paz-Mara.png 592w, https:\/\/aeterrasave.net\/webmedia\/wp-content\/uploads\/2023\/02\/paz-Mara-400x345.png 400w, https:\/\/aeterrasave.net\/webmedia\/wp-content\/uploads\/2023\/02\/paz-Mara-560x482.png 560w\" sizes=\"auto, (max-width: 296px) 100vw, 296px\" \/><\/figure>\n","protected":false},"excerpt":{"rendered":"<p>EB de Castel\u00f5es No passado dia 30 de janeiro, os alunos da EB de Castel\u00f5es assinalaram o \u201cDia Escolar da n\u00e3o viol\u00eancia e da Paz\u201d.&nbsp; Trata-se de um projeto pedag\u00f3gico com a assinatura da Betweien que tem como objetivo promover valores de cidadania como a coopera\u00e7\u00e3o, amizade, igualdade, uni\u00e3o, toler\u00e2ncia e solidariedade entre os alunos. [&hellip;]<\/p>\n","protected":false},"author":5,"featured_media":10961,"comment_status":"closed","ping_status":"closed","sticky":false,"template":"","format":"standard","meta":{"_eb_attr":"","footnotes":""},"categories":[3],"tags":[],"class_list":["post-10953","post","type-post","status-publish","format-standard","has-post-thumbnail","hentry","category-noticias"],"blog_post_layout_featured_media_urls":{"thumbnail":["https:\/\/aeterrasave.net\/webmedia\/wp-content\/uploads\/2023\/02\/paz-150x150.jpg",150,150,true],"full":["https:\/\/aeterrasave.net\/webmedia\/wp-content\/uploads\/2023\/02\/paz.jpg",624,419,false]},"categories_names":{"3":{"name":"Not\u00edcias","link":"https:\/\/aeterrasave.net\/webmedia\/category\/noticias\/"}},"tags_names":[],"comments_number":0,"wpmagazine_modules_lite_featured_media_urls":{"thumbnail":["https:\/\/aeterrasave.net\/webmedia\/wp-content\/uploads\/2023\/02\/paz-150x150.jpg",150,150,true],"cvmm-medium":["https:\/\/aeterrasave.net\/webmedia\/wp-content\/uploads\/2023\/02\/paz.jpg",300,201,false],"cvmm-medium-plus":["https:\/\/aeterrasave.net\/webmedia\/wp-content\/uploads\/2023\/02\/paz.jpg",305,205,false],"cvmm-portrait":["https:\/\/aeterrasave.net\/webmedia\/wp-content\/uploads\/2023\/02\/paz.jpg",400,269,false],"cvmm-medium-square":["https:\/\/aeterrasave.net\/webmedia\/wp-content\/uploads\/2023\/02\/paz.jpg",600,403,false],"cvmm-large":["https:\/\/aeterrasave.net\/webmedia\/wp-content\/uploads\/2023\/02\/paz.jpg",624,419,false],"cvmm-small":["https:\/\/aeterrasave.net\/webmedia\/wp-content\/uploads\/2023\/02\/paz.jpg",130,87,false],"full":["https:\/\/aeterrasave.net\/webmedia\/wp-content\/uploads\/2023\/02\/paz.jpg",624,419,false]},"_links":{"self":[{"href":"https:\/\/aeterrasave.net\/webmedia\/wp-json\/wp\/v2\/posts\/10953","targetHints":{"allow":["GET"]}}],"collection":[{"href":"https:\/\/aeterrasave.net\/webmedia\/wp-json\/wp\/v2\/posts"}],"about":[{"href":"https:\/\/aeterrasave.net\/webmedia\/wp-json\/wp\/v2\/types\/post"}],"author":[{"embeddable":true,"href":"https:\/\/aeterrasave.net\/webmedia\/wp-json\/wp\/v2\/users\/5"}],"replies":[{"embeddable":true,"href":"https:\/\/aeterrasave.net\/webmedia\/wp-json\/wp\/v2\/comments?post=10953"}],"version-history":[{"count":1,"href":"https:\/\/aeterrasave.net\/webmedia\/wp-json\/wp\/v2\/posts\/10953\/revisions"}],"predecessor-version":[{"id":10964,"href":"https:\/\/aeterrasave.net\/webmedia\/wp-json\/wp\/v2\/posts\/10953\/revisions\/10964"}],"wp:featuredmedia":[{"embeddable":true,"href":"https:\/\/aeterrasave.net\/webmedia\/wp-json\/wp\/v2\/media\/10961"}],"wp:attachment":[{"href":"https:\/\/aeterrasave.net\/webmedia\/wp-json\/wp\/v2\/media?parent=10953"}],"wp:term":[{"taxonomy":"category","embeddable":true,"href":"https:\/\/aeterrasave.net\/webmedia\/wp-json\/wp\/v2\/categories?post=10953"},{"taxonomy":"post_tag","embeddable":true,"href":"https:\/\/aeterrasave.net\/webmedia\/wp-json\/wp\/v2\/tags?post=10953"}],"curies":[{"name":"wp","href":"https:\/\/api.w.org\/{rel}","templated":true}]}}