{"id":11243,"date":"2023-02-21T21:40:23","date_gmt":"2023-02-21T20:40:23","guid":{"rendered":"https:\/\/aepedome.net\/webmedia\/?p=11243"},"modified":"2023-02-21T21:40:46","modified_gmt":"2023-02-21T20:40:46","slug":"carnaval-em-s-mateus","status":"publish","type":"post","link":"https:\/\/aeterrasave.net\/webmedia\/carnaval-em-s-mateus\/","title":{"rendered":"Carnaval em S. Mateus"},"content":{"rendered":"\n<p>Na passada sexta-feira, os alunos da EB de Oliveira S. Mateus sa\u00edram \u00e0 rua para festejar o Carnaval,<br>acompanhados por professores, pais e av\u00f3s.<br>Os pequenos foli\u00f5es sa\u00edram da escola, rumo ao parque do Quinteiro, guiados por uma senhora disfar\u00e7ada<br>de palha\u00e7o que conduzia um carro enfeitado com bal\u00f5es. Estiveram tamb\u00e9m presentes tr\u00eas agentes da PSP<br>para garantirem a seguran\u00e7a de todos, ao longo do percurso.<br>Foram muitas as pessoas que se concentraram para verem as crian\u00e7as chegar.<br>O verde do relvado ganhou vida, em contraste o colorido das fantasias da pequenada que correu parque<br>adentro para brincar at\u00e9 \u00e0 hora do regresso \u00e0 escola.<\/p>\n\n\n\n<figure class=\"wp-block-image size-large\"><img loading=\"lazy\" decoding=\"async\" width=\"1024\" height=\"768\" src=\"https:\/\/aepedome.net\/webmedia\/wp-content\/uploads\/2023\/02\/20230217_103832-5-compressed-1024x768.jpg\" alt=\"\" class=\"wp-image-11244\" srcset=\"https:\/\/aeterrasave.net\/webmedia\/wp-content\/uploads\/2023\/02\/20230217_103832-5-compressed-1024x768.jpg 1024w, https:\/\/aeterrasave.net\/webmedia\/wp-content\/uploads\/2023\/02\/20230217_103832-5-compressed-400x300.jpg 400w, https:\/\/aeterrasave.net\/webmedia\/wp-content\/uploads\/2023\/02\/20230217_103832-5-compressed-768x576.jpg 768w, https:\/\/aeterrasave.net\/webmedia\/wp-content\/uploads\/2023\/02\/20230217_103832-5-compressed-560x420.jpg 560w\" sizes=\"auto, (max-width: 1024px) 100vw, 1024px\" \/><\/figure>\n","protected":false},"excerpt":{"rendered":"<p>Na passada sexta-feira, os alunos da EB de Oliveira S. Mateus sa\u00edram \u00e0 rua para festejar o Carnaval,acompanhados por professores, pais e av\u00f3s.Os pequenos foli\u00f5es sa\u00edram da escola, rumo ao parque do Quinteiro, guiados por uma senhora disfar\u00e7adade palha\u00e7o que conduzia um carro enfeitado com bal\u00f5es. Estiveram tamb\u00e9m presentes tr\u00eas agentes da PSPpara garantirem a [&hellip;]<\/p>\n","protected":false},"author":11,"featured_media":22989,"comment_status":"closed","ping_status":"closed","sticky":false,"template":"","format":"standard","meta":{"_eb_attr":"","footnotes":""},"categories":[3],"tags":[],"class_list":["post-11243","post","type-post","status-publish","format-standard","has-post-thumbnail","hentry","category-noticias"],"blog_post_layout_featured_media_urls":{"thumbnail":["https:\/\/aeterrasave.net\/webmedia\/wp-content\/uploads\/2026\/04\/Default_AETA_New-150x82.png",150,82,true],"full":["https:\/\/aeterrasave.net\/webmedia\/wp-content\/uploads\/2026\/04\/Default_AETA_New.png",300,82,false]},"categories_names":{"3":{"name":"Not\u00edcias","link":"https:\/\/aeterrasave.net\/webmedia\/category\/noticias\/"}},"tags_names":[],"comments_number":0,"wpmagazine_modules_lite_featured_media_urls":{"thumbnail":["https:\/\/aeterrasave.net\/webmedia\/wp-content\/uploads\/2026\/04\/Default_AETA_New-150x82.png",150,82,true],"cvmm-medium":["https:\/\/aeterrasave.net\/webmedia\/wp-content\/uploads\/2026\/04\/Default_AETA_New.png",300,82,false],"cvmm-medium-plus":["https:\/\/aeterrasave.net\/webmedia\/wp-content\/uploads\/2026\/04\/Default_AETA_New.png",300,82,false],"cvmm-portrait":["https:\/\/aeterrasave.net\/webmedia\/wp-content\/uploads\/2026\/04\/Default_AETA_New.png",300,82,false],"cvmm-medium-square":["https:\/\/aeterrasave.net\/webmedia\/wp-content\/uploads\/2026\/04\/Default_AETA_New.png",300,82,false],"cvmm-large":["https:\/\/aeterrasave.net\/webmedia\/wp-content\/uploads\/2026\/04\/Default_AETA_New.png",300,82,false],"cvmm-small":["https:\/\/aeterrasave.net\/webmedia\/wp-content\/uploads\/2026\/04\/Default_AETA_New-130x82.png",130,82,true],"full":["https:\/\/aeterrasave.net\/webmedia\/wp-content\/uploads\/2026\/04\/Default_AETA_New.png",300,82,false]},"_links":{"self":[{"href":"https:\/\/aeterrasave.net\/webmedia\/wp-json\/wp\/v2\/posts\/11243","targetHints":{"allow":["GET"]}}],"collection":[{"href":"https:\/\/aeterrasave.net\/webmedia\/wp-json\/wp\/v2\/posts"}],"about":[{"href":"https:\/\/aeterrasave.net\/webmedia\/wp-json\/wp\/v2\/types\/post"}],"author":[{"embeddable":true,"href":"https:\/\/aeterrasave.net\/webmedia\/wp-json\/wp\/v2\/users\/11"}],"replies":[{"embeddable":true,"href":"https:\/\/aeterrasave.net\/webmedia\/wp-json\/wp\/v2\/comments?post=11243"}],"version-history":[{"count":2,"href":"https:\/\/aeterrasave.net\/webmedia\/wp-json\/wp\/v2\/posts\/11243\/revisions"}],"predecessor-version":[{"id":11246,"href":"https:\/\/aeterrasave.net\/webmedia\/wp-json\/wp\/v2\/posts\/11243\/revisions\/11246"}],"wp:featuredmedia":[{"embeddable":true,"href":"https:\/\/aeterrasave.net\/webmedia\/wp-json\/wp\/v2\/media\/22989"}],"wp:attachment":[{"href":"https:\/\/aeterrasave.net\/webmedia\/wp-json\/wp\/v2\/media?parent=11243"}],"wp:term":[{"taxonomy":"category","embeddable":true,"href":"https:\/\/aeterrasave.net\/webmedia\/wp-json\/wp\/v2\/categories?post=11243"},{"taxonomy":"post_tag","embeddable":true,"href":"https:\/\/aeterrasave.net\/webmedia\/wp-json\/wp\/v2\/tags?post=11243"}],"curies":[{"name":"wp","href":"https:\/\/api.w.org\/{rel}","templated":true}]}}