{"id":11340,"date":"2023-02-28T16:27:24","date_gmt":"2023-02-28T15:27:24","guid":{"rendered":"https:\/\/aepedome.net\/webmedia\/?p=11340"},"modified":"2023-02-28T16:27:26","modified_gmt":"2023-02-28T15:27:26","slug":"horta-biologica-na-eb-de-ruivaes","status":"publish","type":"post","link":"https:\/\/aeterrasave.net\/webmedia\/horta-biologica-na-eb-de-ruivaes\/","title":{"rendered":"Horta Biol\u00f3gica na EB de Ruiv\u00e3es"},"content":{"rendered":"\n<figure class=\"wp-block-image size-large\"><img loading=\"lazy\" decoding=\"async\" width=\"1024\" height=\"538\" src=\"https:\/\/aepedome.net\/webmedia\/wp-content\/uploads\/2023\/02\/Horta-Biolo\u0301gica-2023-1024x538.jpg\" alt=\"\" class=\"wp-image-11341\" srcset=\"https:\/\/aeterrasave.net\/webmedia\/wp-content\/uploads\/2023\/02\/Horta-Biolo\u0301gica-2023-1024x538.jpg 1024w, https:\/\/aeterrasave.net\/webmedia\/wp-content\/uploads\/2023\/02\/Horta-Biolo\u0301gica-2023-400x210.jpg 400w, https:\/\/aeterrasave.net\/webmedia\/wp-content\/uploads\/2023\/02\/Horta-Biolo\u0301gica-2023-768x403.jpg 768w, https:\/\/aeterrasave.net\/webmedia\/wp-content\/uploads\/2023\/02\/Horta-Biolo\u0301gica-2023-560x294.jpg 560w, https:\/\/aeterrasave.net\/webmedia\/wp-content\/uploads\/2023\/02\/Horta-Biolo\u0301gica-2023.jpg 1200w\" sizes=\"auto, (max-width: 1024px) 100vw, 1024px\" \/><\/figure>\n\n\n\n<p>No \u00e2mbito do Programa Eco-Escolas, durante o m\u00eas de fevereiro foram dinamizadas, em parceria com a C\u00e2mara Municipal de Vila Nova de Famalic\u00e3o, duas atividades bastante educativas e enriquecedoras que foram ao encontro dos interesses das crian\u00e7as. \u201cM\u00e3os \u00e0 Horta\u201d e \u201cPr\u00e9-Animais Auxiliares da Horta\u201d.<\/p>\n\n\n\n<p><\/p>\n","protected":false},"excerpt":{"rendered":"<p>No \u00e2mbito do Programa Eco-Escolas, durante o m\u00eas de fevereiro foram dinamizadas, em parceria com a C\u00e2mara Municipal de Vila Nova de Famalic\u00e3o, duas atividades bastante educativas e enriquecedoras que foram ao encontro dos interesses das crian\u00e7as. \u201cM\u00e3os \u00e0 Horta\u201d e \u201cPr\u00e9-Animais Auxiliares da Horta\u201d.<\/p>\n","protected":false},"author":9,"featured_media":11341,"comment_status":"closed","ping_status":"closed","sticky":false,"template":"","format":"standard","meta":{"_eb_attr":"","footnotes":""},"categories":[3],"tags":[],"class_list":["post-11340","post","type-post","status-publish","format-standard","has-post-thumbnail","hentry","category-noticias"],"blog_post_layout_featured_media_urls":{"thumbnail":["https:\/\/aeterrasave.net\/webmedia\/wp-content\/uploads\/2023\/02\/Horta-Biolo\u0301gica-2023-150x150.jpg",150,150,true],"full":["https:\/\/aeterrasave.net\/webmedia\/wp-content\/uploads\/2023\/02\/Horta-Biolo\u0301gica-2023.jpg",1200,630,false]},"categories_names":{"3":{"name":"Not\u00edcias","link":"https:\/\/aeterrasave.net\/webmedia\/category\/noticias\/"}},"tags_names":[],"comments_number":0,"wpmagazine_modules_lite_featured_media_urls":{"thumbnail":["https:\/\/aeterrasave.net\/webmedia\/wp-content\/uploads\/2023\/02\/Horta-Biolo\u0301gica-2023-150x150.jpg",150,150,true],"cvmm-medium":["https:\/\/aeterrasave.net\/webmedia\/wp-content\/uploads\/2023\/02\/Horta-Biolo\u0301gica-2023.jpg",300,158,false],"cvmm-medium-plus":["https:\/\/aeterrasave.net\/webmedia\/wp-content\/uploads\/2023\/02\/Horta-Biolo\u0301gica-2023.jpg",305,160,false],"cvmm-portrait":["https:\/\/aeterrasave.net\/webmedia\/wp-content\/uploads\/2023\/02\/Horta-Biolo\u0301gica-2023.jpg",400,210,false],"cvmm-medium-square":["https:\/\/aeterrasave.net\/webmedia\/wp-content\/uploads\/2023\/02\/Horta-Biolo\u0301gica-2023.jpg",600,315,false],"cvmm-large":["https:\/\/aeterrasave.net\/webmedia\/wp-content\/uploads\/2023\/02\/Horta-Biolo\u0301gica-2023.jpg",1024,538,false],"cvmm-small":["https:\/\/aeterrasave.net\/webmedia\/wp-content\/uploads\/2023\/02\/Horta-Biolo\u0301gica-2023.jpg",130,68,false],"full":["https:\/\/aeterrasave.net\/webmedia\/wp-content\/uploads\/2023\/02\/Horta-Biolo\u0301gica-2023.jpg",1200,630,false]},"_links":{"self":[{"href":"https:\/\/aeterrasave.net\/webmedia\/wp-json\/wp\/v2\/posts\/11340","targetHints":{"allow":["GET"]}}],"collection":[{"href":"https:\/\/aeterrasave.net\/webmedia\/wp-json\/wp\/v2\/posts"}],"about":[{"href":"https:\/\/aeterrasave.net\/webmedia\/wp-json\/wp\/v2\/types\/post"}],"author":[{"embeddable":true,"href":"https:\/\/aeterrasave.net\/webmedia\/wp-json\/wp\/v2\/users\/9"}],"replies":[{"embeddable":true,"href":"https:\/\/aeterrasave.net\/webmedia\/wp-json\/wp\/v2\/comments?post=11340"}],"version-history":[{"count":2,"href":"https:\/\/aeterrasave.net\/webmedia\/wp-json\/wp\/v2\/posts\/11340\/revisions"}],"predecessor-version":[{"id":11343,"href":"https:\/\/aeterrasave.net\/webmedia\/wp-json\/wp\/v2\/posts\/11340\/revisions\/11343"}],"wp:featuredmedia":[{"embeddable":true,"href":"https:\/\/aeterrasave.net\/webmedia\/wp-json\/wp\/v2\/media\/11341"}],"wp:attachment":[{"href":"https:\/\/aeterrasave.net\/webmedia\/wp-json\/wp\/v2\/media?parent=11340"}],"wp:term":[{"taxonomy":"category","embeddable":true,"href":"https:\/\/aeterrasave.net\/webmedia\/wp-json\/wp\/v2\/categories?post=11340"},{"taxonomy":"post_tag","embeddable":true,"href":"https:\/\/aeterrasave.net\/webmedia\/wp-json\/wp\/v2\/tags?post=11340"}],"curies":[{"name":"wp","href":"https:\/\/api.w.org\/{rel}","templated":true}]}}