{"id":11678,"date":"2023-03-21T13:36:17","date_gmt":"2023-03-21T12:36:17","guid":{"rendered":"https:\/\/aepedome.net\/webmedia\/?p=11678"},"modified":"2023-03-21T13:36:21","modified_gmt":"2023-03-21T12:36:21","slug":"pequenos-grandes-leitores","status":"publish","type":"post","link":"https:\/\/aeterrasave.net\/webmedia\/pequenos-grandes-leitores\/","title":{"rendered":"Pequenos grandes leitores"},"content":{"rendered":"\n<p>No dia 16 de mar\u00e7o, os alunos de 1o ano da EB de Oliveira S. Mateus participaram no desafio<br>\u201cFamalic\u00e3o a ler\u201d. Dirigiram-se \u00e0 sala dos colegas mais velhos e, com ar corajoso, come\u00e7aram a abrir<br>livros e cadernos.<br>Certamente, foi a primeira vez que enfrentaram uma plateia t\u00e3o atenta e curiosa que os escutava em<br>sil\u00eancio. \u00c0 medida que a voz dos pequeninos se ia tornando mais aud\u00edvel e confiante, os colegas mais<br>velhos sorriam admirados perante estes pequenos grandes leitores. T\u00e3o bem que eles leram.<br>Por fim, receberam uma merecida salva de palmas e sa\u00edram felizes, em filinha, atr\u00e1s da professora.<br>Estes meninos mostraram que j\u00e1 sabem ler e, principalmente, mostraram que gostam de ler. Por isso,<br>compete agora aos adultos inund\u00e1-los de hist\u00f3rias, de palavras e de livros.<\/p>\n\n\n\n<figure class=\"wp-block-image size-large\"><img loading=\"lazy\" decoding=\"async\" width=\"1024\" height=\"768\" src=\"https:\/\/aepedome.net\/webmedia\/wp-content\/uploads\/2023\/03\/foto-8-1024x768.jpg\" alt=\"\" class=\"wp-image-11679\" srcset=\"https:\/\/aeterrasave.net\/webmedia\/wp-content\/uploads\/2023\/03\/foto-8-1024x768.jpg 1024w, https:\/\/aeterrasave.net\/webmedia\/wp-content\/uploads\/2023\/03\/foto-8-400x300.jpg 400w, https:\/\/aeterrasave.net\/webmedia\/wp-content\/uploads\/2023\/03\/foto-8-768x576.jpg 768w, https:\/\/aeterrasave.net\/webmedia\/wp-content\/uploads\/2023\/03\/foto-8-560x420.jpg 560w, https:\/\/aeterrasave.net\/webmedia\/wp-content\/uploads\/2023\/03\/foto-8.jpg 2040w\" sizes=\"auto, (max-width: 1024px) 100vw, 1024px\" \/><\/figure>\n","protected":false},"excerpt":{"rendered":"<p>No dia 16 de mar\u00e7o, os alunos de 1o ano da EB de Oliveira S. Mateus participaram no desafio\u201cFamalic\u00e3o a ler\u201d. Dirigiram-se \u00e0 sala dos colegas mais velhos e, com ar corajoso, come\u00e7aram a abrirlivros e cadernos.Certamente, foi a primeira vez que enfrentaram uma plateia t\u00e3o atenta e curiosa que os escutava emsil\u00eancio. \u00c0 medida [&hellip;]<\/p>\n","protected":false},"author":11,"featured_media":22989,"comment_status":"closed","ping_status":"closed","sticky":false,"template":"","format":"standard","meta":{"_eb_attr":"","footnotes":""},"categories":[3],"tags":[],"class_list":["post-11678","post","type-post","status-publish","format-standard","has-post-thumbnail","hentry","category-noticias"],"blog_post_layout_featured_media_urls":{"thumbnail":["https:\/\/aeterrasave.net\/webmedia\/wp-content\/uploads\/2026\/04\/Default_AETA_New-150x82.png",150,82,true],"full":["https:\/\/aeterrasave.net\/webmedia\/wp-content\/uploads\/2026\/04\/Default_AETA_New.png",300,82,false]},"categories_names":{"3":{"name":"Not\u00edcias","link":"https:\/\/aeterrasave.net\/webmedia\/category\/noticias\/"}},"tags_names":[],"comments_number":0,"wpmagazine_modules_lite_featured_media_urls":{"thumbnail":["https:\/\/aeterrasave.net\/webmedia\/wp-content\/uploads\/2026\/04\/Default_AETA_New-150x82.png",150,82,true],"cvmm-medium":["https:\/\/aeterrasave.net\/webmedia\/wp-content\/uploads\/2026\/04\/Default_AETA_New.png",300,82,false],"cvmm-medium-plus":["https:\/\/aeterrasave.net\/webmedia\/wp-content\/uploads\/2026\/04\/Default_AETA_New.png",300,82,false],"cvmm-portrait":["https:\/\/aeterrasave.net\/webmedia\/wp-content\/uploads\/2026\/04\/Default_AETA_New.png",300,82,false],"cvmm-medium-square":["https:\/\/aeterrasave.net\/webmedia\/wp-content\/uploads\/2026\/04\/Default_AETA_New.png",300,82,false],"cvmm-large":["https:\/\/aeterrasave.net\/webmedia\/wp-content\/uploads\/2026\/04\/Default_AETA_New.png",300,82,false],"cvmm-small":["https:\/\/aeterrasave.net\/webmedia\/wp-content\/uploads\/2026\/04\/Default_AETA_New-130x82.png",130,82,true],"full":["https:\/\/aeterrasave.net\/webmedia\/wp-content\/uploads\/2026\/04\/Default_AETA_New.png",300,82,false]},"_links":{"self":[{"href":"https:\/\/aeterrasave.net\/webmedia\/wp-json\/wp\/v2\/posts\/11678","targetHints":{"allow":["GET"]}}],"collection":[{"href":"https:\/\/aeterrasave.net\/webmedia\/wp-json\/wp\/v2\/posts"}],"about":[{"href":"https:\/\/aeterrasave.net\/webmedia\/wp-json\/wp\/v2\/types\/post"}],"author":[{"embeddable":true,"href":"https:\/\/aeterrasave.net\/webmedia\/wp-json\/wp\/v2\/users\/11"}],"replies":[{"embeddable":true,"href":"https:\/\/aeterrasave.net\/webmedia\/wp-json\/wp\/v2\/comments?post=11678"}],"version-history":[{"count":1,"href":"https:\/\/aeterrasave.net\/webmedia\/wp-json\/wp\/v2\/posts\/11678\/revisions"}],"predecessor-version":[{"id":11680,"href":"https:\/\/aeterrasave.net\/webmedia\/wp-json\/wp\/v2\/posts\/11678\/revisions\/11680"}],"wp:featuredmedia":[{"embeddable":true,"href":"https:\/\/aeterrasave.net\/webmedia\/wp-json\/wp\/v2\/media\/22989"}],"wp:attachment":[{"href":"https:\/\/aeterrasave.net\/webmedia\/wp-json\/wp\/v2\/media?parent=11678"}],"wp:term":[{"taxonomy":"category","embeddable":true,"href":"https:\/\/aeterrasave.net\/webmedia\/wp-json\/wp\/v2\/categories?post=11678"},{"taxonomy":"post_tag","embeddable":true,"href":"https:\/\/aeterrasave.net\/webmedia\/wp-json\/wp\/v2\/tags?post=11678"}],"curies":[{"name":"wp","href":"https:\/\/api.w.org\/{rel}","templated":true}]}}