{"id":1178,"date":"2019-12-06T00:10:45","date_gmt":"2019-12-05T23:10:45","guid":{"rendered":"https:\/\/aepedome.net\/webmedia\/?p=1178"},"modified":"2019-12-08T19:10:34","modified_gmt":"2019-12-08T18:10:34","slug":"i-partilha-eco-escolas-energia-na-eb-bairro","status":"publish","type":"post","link":"https:\/\/aeterrasave.net\/webmedia\/i-partilha-eco-escolas-energia-na-eb-bairro\/","title":{"rendered":"I Partilha Eco-escolas &#8211; Energia na EB Bairro"},"content":{"rendered":"<p><img loading=\"lazy\" decoding=\"async\" class=\"alignnone size-medium wp-image-1187\" src=\"https:\/\/aepedome.net\/webmedia\/wp-content\/uploads\/2019\/12\/78171632_1466224923546569_1790568953714573312_n-760x428.jpg\" alt=\"\" width=\"760\" height=\"428\" srcset=\"https:\/\/aeterrasave.net\/webmedia\/wp-content\/uploads\/2019\/12\/78171632_1466224923546569_1790568953714573312_n-760x428.jpg 760w, https:\/\/aeterrasave.net\/webmedia\/wp-content\/uploads\/2019\/12\/78171632_1466224923546569_1790568953714573312_n-400x225.jpg 400w, https:\/\/aeterrasave.net\/webmedia\/wp-content\/uploads\/2019\/12\/78171632_1466224923546569_1790568953714573312_n-1024x576.jpg 1024w, https:\/\/aeterrasave.net\/webmedia\/wp-content\/uploads\/2019\/12\/78171632_1466224923546569_1790568953714573312_n-768x432.jpg 768w, https:\/\/aeterrasave.net\/webmedia\/wp-content\/uploads\/2019\/12\/78171632_1466224923546569_1790568953714573312_n-560x315.jpg 560w, https:\/\/aeterrasave.net\/webmedia\/wp-content\/uploads\/2019\/12\/78171632_1466224923546569_1790568953714573312_n.jpg 1600w\" sizes=\"auto, (max-width: 760px) 100vw, 760px\" \/>No \u00e2mbito do projeto Eco-escolas e enquadrado no PAC realizou-se, no dia 4 de dezembro, a I Partilha Pedag\u00f3gica sobre a Energia. Os alunos do 3\u00ba ano partilharam com os colegas do 4\u00ba ano, os conhecimentos que adquiriram com trabalhos que desenvolveram sobre o tema. Apresentaram informa\u00e7\u00f5es resultantes das pesquisas realizadas em grupo e realizaram experi\u00eancias relacionadas com as tem\u00e1ticas trabalhadas. Ao longo de 90 minutos, todos os presentes estiveram muito atentos e participativos pois toda a apresenta\u00e7\u00e3o pautou-se por intera\u00e7\u00e3o entre os dinamizadores e os seus colegas do 4\u00ba ano, sendo estes interpelados e convidados a participar nas experi\u00eancias. Foi um excelente momento de partilha de conhecimentos e experi\u00eancias.<\/p>\n<p>&nbsp;<\/p>\n<p><img loading=\"lazy\" decoding=\"async\" class=\"alignnone size-medium wp-image-1184\" src=\"https:\/\/aepedome.net\/webmedia\/wp-content\/uploads\/2019\/12\/f-1-394x700.jpg\" alt=\"\" width=\"394\" height=\"700\" srcset=\"https:\/\/aeterrasave.net\/webmedia\/wp-content\/uploads\/2019\/12\/f-1-394x700.jpg 394w, https:\/\/aeterrasave.net\/webmedia\/wp-content\/uploads\/2019\/12\/f-1.jpg 450w\" sizes=\"auto, (max-width: 394px) 100vw, 394px\" \/><\/p>\n<p><img loading=\"lazy\" decoding=\"async\" class=\"alignnone size-medium wp-image-1183\" src=\"https:\/\/aepedome.net\/webmedia\/wp-content\/uploads\/2019\/12\/e-1-394x700.jpg\" alt=\"\" width=\"394\" height=\"700\" srcset=\"https:\/\/aeterrasave.net\/webmedia\/wp-content\/uploads\/2019\/12\/e-1-394x700.jpg 394w, https:\/\/aeterrasave.net\/webmedia\/wp-content\/uploads\/2019\/12\/e-1.jpg 450w\" sizes=\"auto, (max-width: 394px) 100vw, 394px\" \/><\/p>\n<p><img loading=\"lazy\" decoding=\"async\" class=\"alignnone size-medium wp-image-1188\" src=\"https:\/\/aepedome.net\/webmedia\/wp-content\/uploads\/2019\/12\/78307309_435424410465217_265758411474337792_n-760x428.jpg\" alt=\"\" width=\"760\" height=\"428\" srcset=\"https:\/\/aeterrasave.net\/webmedia\/wp-content\/uploads\/2019\/12\/78307309_435424410465217_265758411474337792_n-760x428.jpg 760w, https:\/\/aeterrasave.net\/webmedia\/wp-content\/uploads\/2019\/12\/78307309_435424410465217_265758411474337792_n.jpg 1600w\" sizes=\"auto, (max-width: 760px) 100vw, 760px\" \/><\/p>\n","protected":false},"excerpt":{"rendered":"<p>No \u00e2mbito do projeto Eco-escolas e enquadrado no PAC realizou-se, no dia 4 de dezembro, a I Partilha Pedag\u00f3gica sobre a Energia. Os alunos do 3\u00ba ano partilharam com os colegas do 4\u00ba ano, os conhecimentos que adquiriram com trabalhos que desenvolveram sobre o tema. Apresentaram informa\u00e7\u00f5es resultantes das pesquisas realizadas em grupo e realizaram [&hellip;]<\/p>\n","protected":false},"author":3,"featured_media":1187,"comment_status":"closed","ping_status":"closed","sticky":false,"template":"","format":"standard","meta":{"_eb_attr":"","footnotes":""},"categories":[3],"tags":[],"class_list":["post-1178","post","type-post","status-publish","format-standard","has-post-thumbnail","hentry","category-noticias"],"blog_post_layout_featured_media_urls":{"thumbnail":["https:\/\/aeterrasave.net\/webmedia\/wp-content\/uploads\/2019\/12\/78171632_1466224923546569_1790568953714573312_n-150x150.jpg",150,150,true],"full":["https:\/\/aeterrasave.net\/webmedia\/wp-content\/uploads\/2019\/12\/78171632_1466224923546569_1790568953714573312_n.jpg",1600,900,false]},"categories_names":{"3":{"name":"Not\u00edcias","link":"https:\/\/aeterrasave.net\/webmedia\/category\/noticias\/"}},"tags_names":[],"comments_number":0,"wpmagazine_modules_lite_featured_media_urls":{"thumbnail":["https:\/\/aeterrasave.net\/webmedia\/wp-content\/uploads\/2019\/12\/78171632_1466224923546569_1790568953714573312_n-150x150.jpg",150,150,true],"cvmm-medium":["https:\/\/aeterrasave.net\/webmedia\/wp-content\/uploads\/2019\/12\/78171632_1466224923546569_1790568953714573312_n.jpg",300,169,false],"cvmm-medium-plus":["https:\/\/aeterrasave.net\/webmedia\/wp-content\/uploads\/2019\/12\/78171632_1466224923546569_1790568953714573312_n.jpg",305,172,false],"cvmm-portrait":["https:\/\/aeterrasave.net\/webmedia\/wp-content\/uploads\/2019\/12\/78171632_1466224923546569_1790568953714573312_n.jpg",400,225,false],"cvmm-medium-square":["https:\/\/aeterrasave.net\/webmedia\/wp-content\/uploads\/2019\/12\/78171632_1466224923546569_1790568953714573312_n.jpg",600,338,false],"cvmm-large":["https:\/\/aeterrasave.net\/webmedia\/wp-content\/uploads\/2019\/12\/78171632_1466224923546569_1790568953714573312_n.jpg",1024,576,false],"cvmm-small":["https:\/\/aeterrasave.net\/webmedia\/wp-content\/uploads\/2019\/12\/78171632_1466224923546569_1790568953714573312_n.jpg",130,73,false],"full":["https:\/\/aeterrasave.net\/webmedia\/wp-content\/uploads\/2019\/12\/78171632_1466224923546569_1790568953714573312_n.jpg",1600,900,false]},"_links":{"self":[{"href":"https:\/\/aeterrasave.net\/webmedia\/wp-json\/wp\/v2\/posts\/1178","targetHints":{"allow":["GET"]}}],"collection":[{"href":"https:\/\/aeterrasave.net\/webmedia\/wp-json\/wp\/v2\/posts"}],"about":[{"href":"https:\/\/aeterrasave.net\/webmedia\/wp-json\/wp\/v2\/types\/post"}],"author":[{"embeddable":true,"href":"https:\/\/aeterrasave.net\/webmedia\/wp-json\/wp\/v2\/users\/3"}],"replies":[{"embeddable":true,"href":"https:\/\/aeterrasave.net\/webmedia\/wp-json\/wp\/v2\/comments?post=1178"}],"version-history":[{"count":0,"href":"https:\/\/aeterrasave.net\/webmedia\/wp-json\/wp\/v2\/posts\/1178\/revisions"}],"wp:featuredmedia":[{"embeddable":true,"href":"https:\/\/aeterrasave.net\/webmedia\/wp-json\/wp\/v2\/media\/1187"}],"wp:attachment":[{"href":"https:\/\/aeterrasave.net\/webmedia\/wp-json\/wp\/v2\/media?parent=1178"}],"wp:term":[{"taxonomy":"category","embeddable":true,"href":"https:\/\/aeterrasave.net\/webmedia\/wp-json\/wp\/v2\/categories?post=1178"},{"taxonomy":"post_tag","embeddable":true,"href":"https:\/\/aeterrasave.net\/webmedia\/wp-json\/wp\/v2\/tags?post=1178"}],"curies":[{"name":"wp","href":"https:\/\/api.w.org\/{rel}","templated":true}]}}