{"id":11859,"date":"2023-03-24T13:24:54","date_gmt":"2023-03-24T12:24:54","guid":{"rendered":"https:\/\/aepedome.net\/webmedia\/?p=11859"},"modified":"2023-03-24T13:24:56","modified_gmt":"2023-03-24T12:24:56","slug":"eb-delaes-no-pavilhao-da-agua-porto-3o-ano","status":"publish","type":"post","link":"https:\/\/aeterrasave.net\/webmedia\/eb-delaes-no-pavilhao-da-agua-porto-3o-ano\/","title":{"rendered":"EB Del\u00e3es no Pavilh\u00e3o da \u00c1gua &#8211; Porto &#8211; 3\u00ba ano"},"content":{"rendered":"\n<figure class=\"wp-block-image size-large\"><img loading=\"lazy\" decoding=\"async\" width=\"1024\" height=\"768\" src=\"https:\/\/aepedome.net\/webmedia\/wp-content\/uploads\/2023\/03\/1679659138642.jpg\" alt=\"\" class=\"wp-image-11861\" srcset=\"https:\/\/aeterrasave.net\/webmedia\/wp-content\/uploads\/2023\/03\/1679659138642.jpg 1024w, https:\/\/aeterrasave.net\/webmedia\/wp-content\/uploads\/2023\/03\/1679659138642-400x300.jpg 400w, https:\/\/aeterrasave.net\/webmedia\/wp-content\/uploads\/2023\/03\/1679659138642-768x576.jpg 768w, https:\/\/aeterrasave.net\/webmedia\/wp-content\/uploads\/2023\/03\/1679659138642-560x420.jpg 560w\" sizes=\"auto, (max-width: 1024px) 100vw, 1024px\" \/><\/figure>\n\n\n\n<p>Para comemorar o Dia Mundial da \u00c1gua, os alunos do 3\u00ba ano da EB de Del\u00e3es visitaram o Pavilh\u00e3o da \u00c1gua, que fica situado na cidade do Porto, no passado dia 23 de mar\u00e7o.<\/p>\n\n\n\n<p>Os alunos ficaram impressionados com algumas informa\u00e7\u00f5es, nomeadamente que a cidade do Porto gasta \u201cuns impressionantes 535 mil litros de \u00e1gua pot\u00e1vel por segundo\u201d. As crian\u00e7as tamb\u00e9m ficaram alarmadas com a quantidade de \u00e1gua que se gasta com a lavagem do carro ou banhos de imers\u00e3o. <\/p>\n\n\n\n<p>Os maiores rios de Portugal e a sua vida desde a nascente at\u00e9 \u00e0 foz, como funcionam as barragens e eclusas atrav\u00e9s de miniaturas cativaram os olhares de todos.<\/p>\n\n\n\n<p>Mas, o ponto alto da visita foi a Sala Imersiva.\u00a0 A\u00ed assistiram a um filme e tiveram a sensa\u00e7\u00e3o de estarem no fundo do mar. Viam a polui\u00e7\u00e3o que afeta a vida marinha e as consequ\u00eancias desta a\u00e7\u00e3o do Homem.<\/p>\n\n\n\n<p>No \u00e2mbito do projeto Eco-Escolas a turma realizou um fant\u00e1stico trabalho sobre a \u00e1gua na R\u00e1dio 100% Escola. <br>Ver v\u00eddeo: <a href=\"https:\/\/youtu.be\/D7XjialPDmA\">https:\/\/youtu.be\/D7XjialPDmA<\/a><\/p>\n","protected":false},"excerpt":{"rendered":"<p>Para comemorar o Dia Mundial da \u00c1gua, os alunos do 3\u00ba ano da EB de Del\u00e3es visitaram o Pavilh\u00e3o da \u00c1gua, que fica situado na cidade do Porto, no passado dia 23 de mar\u00e7o. Os alunos ficaram impressionados com algumas informa\u00e7\u00f5es, nomeadamente que a cidade do Porto gasta \u201cuns impressionantes 535 mil litros de \u00e1gua [&hellip;]<\/p>\n","protected":false},"author":6,"featured_media":11861,"comment_status":"closed","ping_status":"closed","sticky":false,"template":"","format":"standard","meta":{"_eb_attr":"","footnotes":""},"categories":[3],"tags":[],"class_list":["post-11859","post","type-post","status-publish","format-standard","has-post-thumbnail","hentry","category-noticias"],"blog_post_layout_featured_media_urls":{"thumbnail":["https:\/\/aeterrasave.net\/webmedia\/wp-content\/uploads\/2023\/03\/1679659138642-150x150.jpg",150,150,true],"full":["https:\/\/aeterrasave.net\/webmedia\/wp-content\/uploads\/2023\/03\/1679659138642.jpg",1024,768,false]},"categories_names":{"3":{"name":"Not\u00edcias","link":"https:\/\/aeterrasave.net\/webmedia\/category\/noticias\/"}},"tags_names":[],"comments_number":0,"wpmagazine_modules_lite_featured_media_urls":{"thumbnail":["https:\/\/aeterrasave.net\/webmedia\/wp-content\/uploads\/2023\/03\/1679659138642-150x150.jpg",150,150,true],"cvmm-medium":["https:\/\/aeterrasave.net\/webmedia\/wp-content\/uploads\/2023\/03\/1679659138642.jpg",300,225,false],"cvmm-medium-plus":["https:\/\/aeterrasave.net\/webmedia\/wp-content\/uploads\/2023\/03\/1679659138642.jpg",276,207,false],"cvmm-portrait":["https:\/\/aeterrasave.net\/webmedia\/wp-content\/uploads\/2023\/03\/1679659138642.jpg",400,300,false],"cvmm-medium-square":["https:\/\/aeterrasave.net\/webmedia\/wp-content\/uploads\/2023\/03\/1679659138642.jpg",600,450,false],"cvmm-large":["https:\/\/aeterrasave.net\/webmedia\/wp-content\/uploads\/2023\/03\/1679659138642.jpg",1024,768,false],"cvmm-small":["https:\/\/aeterrasave.net\/webmedia\/wp-content\/uploads\/2023\/03\/1679659138642.jpg",127,95,false],"full":["https:\/\/aeterrasave.net\/webmedia\/wp-content\/uploads\/2023\/03\/1679659138642.jpg",1024,768,false]},"_links":{"self":[{"href":"https:\/\/aeterrasave.net\/webmedia\/wp-json\/wp\/v2\/posts\/11859","targetHints":{"allow":["GET"]}}],"collection":[{"href":"https:\/\/aeterrasave.net\/webmedia\/wp-json\/wp\/v2\/posts"}],"about":[{"href":"https:\/\/aeterrasave.net\/webmedia\/wp-json\/wp\/v2\/types\/post"}],"author":[{"embeddable":true,"href":"https:\/\/aeterrasave.net\/webmedia\/wp-json\/wp\/v2\/users\/6"}],"replies":[{"embeddable":true,"href":"https:\/\/aeterrasave.net\/webmedia\/wp-json\/wp\/v2\/comments?post=11859"}],"version-history":[{"count":1,"href":"https:\/\/aeterrasave.net\/webmedia\/wp-json\/wp\/v2\/posts\/11859\/revisions"}],"predecessor-version":[{"id":11862,"href":"https:\/\/aeterrasave.net\/webmedia\/wp-json\/wp\/v2\/posts\/11859\/revisions\/11862"}],"wp:featuredmedia":[{"embeddable":true,"href":"https:\/\/aeterrasave.net\/webmedia\/wp-json\/wp\/v2\/media\/11861"}],"wp:attachment":[{"href":"https:\/\/aeterrasave.net\/webmedia\/wp-json\/wp\/v2\/media?parent=11859"}],"wp:term":[{"taxonomy":"category","embeddable":true,"href":"https:\/\/aeterrasave.net\/webmedia\/wp-json\/wp\/v2\/categories?post=11859"},{"taxonomy":"post_tag","embeddable":true,"href":"https:\/\/aeterrasave.net\/webmedia\/wp-json\/wp\/v2\/tags?post=11859"}],"curies":[{"name":"wp","href":"https:\/\/api.w.org\/{rel}","templated":true}]}}