{"id":12471,"date":"2023-05-15T17:45:25","date_gmt":"2023-05-15T16:45:25","guid":{"rendered":"https:\/\/aeterrasave.net\/webmedia\/?p=12471"},"modified":"2023-05-15T17:45:27","modified_gmt":"2023-05-15T16:45:27","slug":"museu-da-industria-textil-da-bacia-do-ave-3o-ano-eb-delaes","status":"publish","type":"post","link":"https:\/\/aeterrasave.net\/webmedia\/museu-da-industria-textil-da-bacia-do-ave-3o-ano-eb-delaes\/","title":{"rendered":"Museu da Ind\u00fastria T\u00eaxtil da Bacia do Ave  3\u00ba ano- EB Del\u00e3es"},"content":{"rendered":"\n<p>No \u00e2mbito do programa\u201d Viagens pelo Patrim\u00f3nio Cultural\u201d, a Maleta Pedag\u00f3gica sobre o Museu da Ind\u00fastria T\u00eaxtil da Bacia do Ave, deu a oportunidade aos alunos do  3\u00ba ano de conhecerem um pouco mais sobre a hist\u00f3ria da ind\u00fastria do nosso munic\u00edpio. Os alunos mostraram-se bastante entusiasmados com esta visita. No final receberam mais um carimbo nos respetivos \u201cpassaportes\u201d que utilizam nas visitas aos v\u00e1rios museus de Vila Nova de Famalic\u00e3o.<\/p>\n\n\n\n<p><img loading=\"lazy\" decoding=\"async\" width=\"1600\" height=\"1200\" class=\"wp-image-12472\" style=\"width: 150px\" src=\"https:\/\/aeterrasave.net\/webmedia\/wp-content\/uploads\/2023\/05\/1.jpeg\" alt=\"\" srcset=\"https:\/\/aeterrasave.net\/webmedia\/wp-content\/uploads\/2023\/05\/1.jpeg 1600w, https:\/\/aeterrasave.net\/webmedia\/wp-content\/uploads\/2023\/05\/1-400x300.jpeg 400w, https:\/\/aeterrasave.net\/webmedia\/wp-content\/uploads\/2023\/05\/1-1024x768.jpeg 1024w, https:\/\/aeterrasave.net\/webmedia\/wp-content\/uploads\/2023\/05\/1-768x576.jpeg 768w, https:\/\/aeterrasave.net\/webmedia\/wp-content\/uploads\/2023\/05\/1-560x420.jpeg 560w\" sizes=\"auto, (max-width: 1600px) 100vw, 1600px\" \/> <img loading=\"lazy\" decoding=\"async\" width=\"1200\" height=\"1600\" class=\"wp-image-12473\" style=\"width: 150px\" src=\"https:\/\/aeterrasave.net\/webmedia\/wp-content\/uploads\/2023\/05\/2.jpeg\" alt=\"\" srcset=\"https:\/\/aeterrasave.net\/webmedia\/wp-content\/uploads\/2023\/05\/2.jpeg 1200w, https:\/\/aeterrasave.net\/webmedia\/wp-content\/uploads\/2023\/05\/2-300x400.jpeg 300w, https:\/\/aeterrasave.net\/webmedia\/wp-content\/uploads\/2023\/05\/2-768x1024.jpeg 768w, https:\/\/aeterrasave.net\/webmedia\/wp-content\/uploads\/2023\/05\/2-560x747.jpeg 560w\" sizes=\"auto, (max-width: 1200px) 100vw, 1200px\" \/><img loading=\"lazy\" decoding=\"async\" width=\"1200\" height=\"1600\" class=\"wp-image-12474\" style=\"width: 150px\" src=\"https:\/\/aeterrasave.net\/webmedia\/wp-content\/uploads\/2023\/05\/3.jpeg\" alt=\"\" srcset=\"https:\/\/aeterrasave.net\/webmedia\/wp-content\/uploads\/2023\/05\/3.jpeg 1200w, https:\/\/aeterrasave.net\/webmedia\/wp-content\/uploads\/2023\/05\/3-300x400.jpeg 300w, https:\/\/aeterrasave.net\/webmedia\/wp-content\/uploads\/2023\/05\/3-768x1024.jpeg 768w, https:\/\/aeterrasave.net\/webmedia\/wp-content\/uploads\/2023\/05\/3-560x747.jpeg 560w\" sizes=\"auto, (max-width: 1200px) 100vw, 1200px\" \/><img loading=\"lazy\" decoding=\"async\" width=\"1600\" height=\"1200\" class=\"wp-image-12475\" style=\"width: 150px\" src=\"https:\/\/aeterrasave.net\/webmedia\/wp-content\/uploads\/2023\/05\/4.jpeg\" alt=\"\" srcset=\"https:\/\/aeterrasave.net\/webmedia\/wp-content\/uploads\/2023\/05\/4.jpeg 1600w, https:\/\/aeterrasave.net\/webmedia\/wp-content\/uploads\/2023\/05\/4-400x300.jpeg 400w, https:\/\/aeterrasave.net\/webmedia\/wp-content\/uploads\/2023\/05\/4-1024x768.jpeg 1024w, https:\/\/aeterrasave.net\/webmedia\/wp-content\/uploads\/2023\/05\/4-768x576.jpeg 768w, https:\/\/aeterrasave.net\/webmedia\/wp-content\/uploads\/2023\/05\/4-560x420.jpeg 560w\" sizes=\"auto, (max-width: 1600px) 100vw, 1600px\" \/><img loading=\"lazy\" decoding=\"async\" width=\"1200\" height=\"1600\" class=\"wp-image-12476\" style=\"width: 150px\" src=\"https:\/\/aeterrasave.net\/webmedia\/wp-content\/uploads\/2023\/05\/5.jpeg\" alt=\"\" srcset=\"https:\/\/aeterrasave.net\/webmedia\/wp-content\/uploads\/2023\/05\/5.jpeg 1200w, https:\/\/aeterrasave.net\/webmedia\/wp-content\/uploads\/2023\/05\/5-300x400.jpeg 300w, https:\/\/aeterrasave.net\/webmedia\/wp-content\/uploads\/2023\/05\/5-768x1024.jpeg 768w, https:\/\/aeterrasave.net\/webmedia\/wp-content\/uploads\/2023\/05\/5-560x747.jpeg 560w\" sizes=\"auto, (max-width: 1200px) 100vw, 1200px\" \/><img loading=\"lazy\" decoding=\"async\" width=\"1600\" height=\"1200\" class=\"wp-image-12477\" style=\"width: 150px\" src=\"https:\/\/aeterrasave.net\/webmedia\/wp-content\/uploads\/2023\/05\/6.jpeg\" alt=\"\" srcset=\"https:\/\/aeterrasave.net\/webmedia\/wp-content\/uploads\/2023\/05\/6.jpeg 1600w, https:\/\/aeterrasave.net\/webmedia\/wp-content\/uploads\/2023\/05\/6-400x300.jpeg 400w, https:\/\/aeterrasave.net\/webmedia\/wp-content\/uploads\/2023\/05\/6-1024x768.jpeg 1024w, https:\/\/aeterrasave.net\/webmedia\/wp-content\/uploads\/2023\/05\/6-768x576.jpeg 768w, https:\/\/aeterrasave.net\/webmedia\/wp-content\/uploads\/2023\/05\/6-560x420.jpeg 560w\" sizes=\"auto, (max-width: 1600px) 100vw, 1600px\" \/><img loading=\"lazy\" decoding=\"async\" width=\"1600\" height=\"1200\" class=\"wp-image-12478\" style=\"width: 150px\" src=\"https:\/\/aeterrasave.net\/webmedia\/wp-content\/uploads\/2023\/05\/7.jpeg\" alt=\"\" srcset=\"https:\/\/aeterrasave.net\/webmedia\/wp-content\/uploads\/2023\/05\/7.jpeg 1600w, https:\/\/aeterrasave.net\/webmedia\/wp-content\/uploads\/2023\/05\/7-400x300.jpeg 400w, https:\/\/aeterrasave.net\/webmedia\/wp-content\/uploads\/2023\/05\/7-1024x768.jpeg 1024w, https:\/\/aeterrasave.net\/webmedia\/wp-content\/uploads\/2023\/05\/7-768x576.jpeg 768w, https:\/\/aeterrasave.net\/webmedia\/wp-content\/uploads\/2023\/05\/7-560x420.jpeg 560w\" sizes=\"auto, (max-width: 1600px) 100vw, 1600px\" \/><\/p>\n","protected":false},"excerpt":{"rendered":"<p>No \u00e2mbito do programa\u201d Viagens pelo Patrim\u00f3nio Cultural\u201d, a Maleta Pedag\u00f3gica sobre o Museu da Ind\u00fastria T\u00eaxtil da Bacia do Ave, deu a oportunidade aos alunos do 3\u00ba ano de conhecerem um pouco mais sobre a hist\u00f3ria da ind\u00fastria do nosso munic\u00edpio. Os alunos mostraram-se bastante entusiasmados com esta visita. No final receberam mais um [&hellip;]<\/p>\n","protected":false},"author":6,"featured_media":12478,"comment_status":"closed","ping_status":"closed","sticky":false,"template":"","format":"standard","meta":{"_eb_attr":"","footnotes":""},"categories":[3],"tags":[],"class_list":["post-12471","post","type-post","status-publish","format-standard","has-post-thumbnail","hentry","category-noticias"],"blog_post_layout_featured_media_urls":{"thumbnail":["https:\/\/aeterrasave.net\/webmedia\/wp-content\/uploads\/2023\/05\/7-150x150.jpeg",150,150,true],"full":["https:\/\/aeterrasave.net\/webmedia\/wp-content\/uploads\/2023\/05\/7.jpeg",1600,1200,false]},"categories_names":{"3":{"name":"Not\u00edcias","link":"https:\/\/aeterrasave.net\/webmedia\/category\/noticias\/"}},"tags_names":[],"comments_number":0,"wpmagazine_modules_lite_featured_media_urls":{"thumbnail":["https:\/\/aeterrasave.net\/webmedia\/wp-content\/uploads\/2023\/05\/7-150x150.jpeg",150,150,true],"cvmm-medium":["https:\/\/aeterrasave.net\/webmedia\/wp-content\/uploads\/2023\/05\/7.jpeg",300,225,false],"cvmm-medium-plus":["https:\/\/aeterrasave.net\/webmedia\/wp-content\/uploads\/2023\/05\/7.jpeg",276,207,false],"cvmm-portrait":["https:\/\/aeterrasave.net\/webmedia\/wp-content\/uploads\/2023\/05\/7.jpeg",400,300,false],"cvmm-medium-square":["https:\/\/aeterrasave.net\/webmedia\/wp-content\/uploads\/2023\/05\/7.jpeg",600,450,false],"cvmm-large":["https:\/\/aeterrasave.net\/webmedia\/wp-content\/uploads\/2023\/05\/7.jpeg",1024,768,false],"cvmm-small":["https:\/\/aeterrasave.net\/webmedia\/wp-content\/uploads\/2023\/05\/7.jpeg",127,95,false],"full":["https:\/\/aeterrasave.net\/webmedia\/wp-content\/uploads\/2023\/05\/7.jpeg",1600,1200,false]},"_links":{"self":[{"href":"https:\/\/aeterrasave.net\/webmedia\/wp-json\/wp\/v2\/posts\/12471","targetHints":{"allow":["GET"]}}],"collection":[{"href":"https:\/\/aeterrasave.net\/webmedia\/wp-json\/wp\/v2\/posts"}],"about":[{"href":"https:\/\/aeterrasave.net\/webmedia\/wp-json\/wp\/v2\/types\/post"}],"author":[{"embeddable":true,"href":"https:\/\/aeterrasave.net\/webmedia\/wp-json\/wp\/v2\/users\/6"}],"replies":[{"embeddable":true,"href":"https:\/\/aeterrasave.net\/webmedia\/wp-json\/wp\/v2\/comments?post=12471"}],"version-history":[{"count":1,"href":"https:\/\/aeterrasave.net\/webmedia\/wp-json\/wp\/v2\/posts\/12471\/revisions"}],"predecessor-version":[{"id":12479,"href":"https:\/\/aeterrasave.net\/webmedia\/wp-json\/wp\/v2\/posts\/12471\/revisions\/12479"}],"wp:featuredmedia":[{"embeddable":true,"href":"https:\/\/aeterrasave.net\/webmedia\/wp-json\/wp\/v2\/media\/12478"}],"wp:attachment":[{"href":"https:\/\/aeterrasave.net\/webmedia\/wp-json\/wp\/v2\/media?parent=12471"}],"wp:term":[{"taxonomy":"category","embeddable":true,"href":"https:\/\/aeterrasave.net\/webmedia\/wp-json\/wp\/v2\/categories?post=12471"},{"taxonomy":"post_tag","embeddable":true,"href":"https:\/\/aeterrasave.net\/webmedia\/wp-json\/wp\/v2\/tags?post=12471"}],"curies":[{"name":"wp","href":"https:\/\/api.w.org\/{rel}","templated":true}]}}