{"id":12495,"date":"2023-05-16T17:02:34","date_gmt":"2023-05-16T16:02:34","guid":{"rendered":"https:\/\/aeterrasave.net\/webmedia\/?p=12495"},"modified":"2023-05-16T17:11:22","modified_gmt":"2023-05-16T16:11:22","slug":"comemoracao-do-dia-internacional-da-familia-na-eb-de-riba-de-ave","status":"publish","type":"post","link":"https:\/\/aeterrasave.net\/webmedia\/comemoracao-do-dia-internacional-da-familia-na-eb-de-riba-de-ave\/","title":{"rendered":"Comemora\u00e7\u00e3o do Dia Internacional da Fam\u00edlia na EB de Riba de Ave"},"content":{"rendered":"\n<p>Citando Fernando Pessoa <strong><em>\u201cDeus quer,&nbsp;o homem sonha, a obra nasce.\u201d<\/em><\/strong><br>A Associa\u00e7\u00e3o de Pais de Riba de Ave \u201c<em>sonhou, a obra \/ Festa nasceu.\u201c<\/em><br>Pela primeira vez na EB de Riba de Ave se comemorou o <strong>Dia Internacional da Fam\u00edlia <\/strong>com um dia de Escola Aberta, para todos os familiares das nossas crian\u00e7as.<br>Foi uma iniciativa da <em>Associa\u00e7\u00e3o de Pais<\/em> (<em>APAJIEARA<\/em>) que conseguiu reunir cerca de 600 pessoas\/familiares partilhando<br>momentos de conv\u00edvio e alegria no recinto escolar.<br>As crian\u00e7as para al\u00e9m de entoarem uma can\u00e7\u00e3o dedicada \u00e0 fam\u00edlia, dan\u00e7aram o \u201cRegadinho\u201d, saltaram nos insufl\u00e1veis e<br>trampolim, participaram nos jogos tradicionais, pintaram um painel de parede \u2026 e, ainda tiveram direito a bal\u00f5es e pinturas faciais.<br>E, como uma festa sem \u201ccomes e bebes\u201d n\u00e3o \u00e9 festa! L\u00e1 estava a barraquinha dos petiscos e das bebidas para tornar o<br>conv\u00edvio mais apraz\u00edvel.<br>Parab\u00e9ns \u00e0 Associa\u00e7\u00e3o de Pais pela iniciativa e sucesso desta festa.<\/p>\n\n\n\n<figure class=\"wp-block-gallery columns-1 is-cropped wp-block-gallery-1 is-layout-flex wp-block-gallery-is-layout-flex\"><ul class=\"blocks-gallery-grid\"><li class=\"blocks-gallery-item\"><figure><img loading=\"lazy\" decoding=\"async\" width=\"800\" height=\"800\" src=\"https:\/\/aeterrasave.net\/webmedia\/wp-content\/uploads\/2023\/05\/00000.jpg\" alt=\"\" data-id=\"12502\" data-full-url=\"https:\/\/aeterrasave.net\/webmedia\/wp-content\/uploads\/2023\/05\/00000.jpg\" data-link=\"https:\/\/aeterrasave.net\/webmedia\/comemoracao-do-dia-internacional-da-familia-na-eb-de-riba-de-ave\/attachment\/00000\/\" class=\"wp-image-12502\" srcset=\"https:\/\/aeterrasave.net\/webmedia\/wp-content\/uploads\/2023\/05\/00000.jpg 800w, https:\/\/aeterrasave.net\/webmedia\/wp-content\/uploads\/2023\/05\/00000-400x400.jpg 400w, https:\/\/aeterrasave.net\/webmedia\/wp-content\/uploads\/2023\/05\/00000-150x150.jpg 150w, https:\/\/aeterrasave.net\/webmedia\/wp-content\/uploads\/2023\/05\/00000-768x768.jpg 768w, https:\/\/aeterrasave.net\/webmedia\/wp-content\/uploads\/2023\/05\/00000-560x560.jpg 560w\" sizes=\"auto, (max-width: 800px) 100vw, 800px\" \/><\/figure><\/li><\/ul><\/figure>\n","protected":false},"excerpt":{"rendered":"<p>Citando Fernando Pessoa \u201cDeus quer,&nbsp;o homem sonha, a obra nasce.\u201dA Associa\u00e7\u00e3o de Pais de Riba de Ave \u201csonhou, a obra \/ Festa nasceu.\u201cPela primeira vez na EB de Riba de Ave se comemorou o Dia Internacional da Fam\u00edlia com um dia de Escola Aberta, para todos os familiares das nossas crian\u00e7as.Foi uma iniciativa da Associa\u00e7\u00e3o [&hellip;]<\/p>\n","protected":false},"author":8,"featured_media":12499,"comment_status":"closed","ping_status":"closed","sticky":false,"template":"","format":"standard","meta":{"_eb_attr":"","footnotes":""},"categories":[3],"tags":[],"class_list":["post-12495","post","type-post","status-publish","format-standard","has-post-thumbnail","hentry","category-noticias"],"blog_post_layout_featured_media_urls":{"thumbnail":["https:\/\/aeterrasave.net\/webmedia\/wp-content\/uploads\/2023\/05\/1111-150x150.jpg",150,150,true],"full":["https:\/\/aeterrasave.net\/webmedia\/wp-content\/uploads\/2023\/05\/1111.jpg",700,394,false]},"categories_names":{"3":{"name":"Not\u00edcias","link":"https:\/\/aeterrasave.net\/webmedia\/category\/noticias\/"}},"tags_names":[],"comments_number":0,"wpmagazine_modules_lite_featured_media_urls":{"thumbnail":["https:\/\/aeterrasave.net\/webmedia\/wp-content\/uploads\/2023\/05\/1111-150x150.jpg",150,150,true],"cvmm-medium":["https:\/\/aeterrasave.net\/webmedia\/wp-content\/uploads\/2023\/05\/1111.jpg",300,169,false],"cvmm-medium-plus":["https:\/\/aeterrasave.net\/webmedia\/wp-content\/uploads\/2023\/05\/1111.jpg",305,172,false],"cvmm-portrait":["https:\/\/aeterrasave.net\/webmedia\/wp-content\/uploads\/2023\/05\/1111.jpg",400,225,false],"cvmm-medium-square":["https:\/\/aeterrasave.net\/webmedia\/wp-content\/uploads\/2023\/05\/1111.jpg",600,338,false],"cvmm-large":["https:\/\/aeterrasave.net\/webmedia\/wp-content\/uploads\/2023\/05\/1111.jpg",700,394,false],"cvmm-small":["https:\/\/aeterrasave.net\/webmedia\/wp-content\/uploads\/2023\/05\/1111.jpg",130,73,false],"full":["https:\/\/aeterrasave.net\/webmedia\/wp-content\/uploads\/2023\/05\/1111.jpg",700,394,false]},"_links":{"self":[{"href":"https:\/\/aeterrasave.net\/webmedia\/wp-json\/wp\/v2\/posts\/12495","targetHints":{"allow":["GET"]}}],"collection":[{"href":"https:\/\/aeterrasave.net\/webmedia\/wp-json\/wp\/v2\/posts"}],"about":[{"href":"https:\/\/aeterrasave.net\/webmedia\/wp-json\/wp\/v2\/types\/post"}],"author":[{"embeddable":true,"href":"https:\/\/aeterrasave.net\/webmedia\/wp-json\/wp\/v2\/users\/8"}],"replies":[{"embeddable":true,"href":"https:\/\/aeterrasave.net\/webmedia\/wp-json\/wp\/v2\/comments?post=12495"}],"version-history":[{"count":3,"href":"https:\/\/aeterrasave.net\/webmedia\/wp-json\/wp\/v2\/posts\/12495\/revisions"}],"predecessor-version":[{"id":12503,"href":"https:\/\/aeterrasave.net\/webmedia\/wp-json\/wp\/v2\/posts\/12495\/revisions\/12503"}],"wp:featuredmedia":[{"embeddable":true,"href":"https:\/\/aeterrasave.net\/webmedia\/wp-json\/wp\/v2\/media\/12499"}],"wp:attachment":[{"href":"https:\/\/aeterrasave.net\/webmedia\/wp-json\/wp\/v2\/media?parent=12495"}],"wp:term":[{"taxonomy":"category","embeddable":true,"href":"https:\/\/aeterrasave.net\/webmedia\/wp-json\/wp\/v2\/categories?post=12495"},{"taxonomy":"post_tag","embeddable":true,"href":"https:\/\/aeterrasave.net\/webmedia\/wp-json\/wp\/v2\/tags?post=12495"}],"curies":[{"name":"wp","href":"https:\/\/api.w.org\/{rel}","templated":true}]}}