{"id":12893,"date":"2023-06-08T00:44:47","date_gmt":"2023-06-07T23:44:47","guid":{"rendered":"https:\/\/aeterrasave.net\/webmedia\/?p=12893"},"modified":"2023-06-08T00:44:50","modified_gmt":"2023-06-07T23:44:50","slug":"alunos-da-eb-terras-do-ave-do-7-o-ano-visita-de-estudo-a-coimbra-e-as-grutas-de-mira-de-aire","status":"publish","type":"post","link":"https:\/\/aeterrasave.net\/webmedia\/alunos-da-eb-terras-do-ave-do-7-o-ano-visita-de-estudo-a-coimbra-e-as-grutas-de-mira-de-aire\/","title":{"rendered":"Alunos da EB Terras do Ave, do 7.\u00ba ano, visita de estudo a Coimbra e \u00e0s grutas de Mira de Aire"},"content":{"rendered":"\n<p>No dia 2 de junho, os alunos de 7.\u00ba ano, participaram numa visita de estudo a Coimbra e \u00e0s<br>grutas de Mira de Aire com partida \u00e0s 7h30 da escola.<br>Em Coimbra, visitaram a faculdade de Direito e passearam junto \u00e0 faculdade de Letras,<br>Biblioteca e faculdades de F\u00edsico-Qu\u00edmica e Matem\u00e1tica. Por fim, visitamos o Jardim Bot\u00e2nico e<br>seguimos viagem para almo\u00e7ar no Alma Shopping. Pelas 13h30 rumamos \u00e0s grutas de Mira de<br>Aire para apreciar as belezas naturais presentes no espa\u00e7o.<\/p>\n\n\n\n<figure class=\"wp-block-image size-large\"><img loading=\"lazy\" decoding=\"async\" width=\"768\" height=\"1024\" src=\"https:\/\/aeterrasave.net\/webmedia\/wp-content\/uploads\/2023\/06\/IMG_20230602_155108-768x1024.jpg\" alt=\"\" class=\"wp-image-12895\" srcset=\"https:\/\/aeterrasave.net\/webmedia\/wp-content\/uploads\/2023\/06\/IMG_20230602_155108-768x1024.jpg 768w, https:\/\/aeterrasave.net\/webmedia\/wp-content\/uploads\/2023\/06\/IMG_20230602_155108-300x400.jpg 300w, https:\/\/aeterrasave.net\/webmedia\/wp-content\/uploads\/2023\/06\/IMG_20230602_155108-560x747.jpg 560w, https:\/\/aeterrasave.net\/webmedia\/wp-content\/uploads\/2023\/06\/IMG_20230602_155108-scaled.jpg 1920w\" sizes=\"auto, (max-width: 768px) 100vw, 768px\" \/><\/figure>\n\n\n\n<p><\/p>\n\n\n\n<figure class=\"wp-block-image size-large\"><img loading=\"lazy\" decoding=\"async\" width=\"1024\" height=\"768\" src=\"https:\/\/aeterrasave.net\/webmedia\/wp-content\/uploads\/2023\/06\/IMG_20230602_160247-1-1024x768.jpg\" alt=\"\" class=\"wp-image-12896\" srcset=\"https:\/\/aeterrasave.net\/webmedia\/wp-content\/uploads\/2023\/06\/IMG_20230602_160247-1-1024x768.jpg 1024w, https:\/\/aeterrasave.net\/webmedia\/wp-content\/uploads\/2023\/06\/IMG_20230602_160247-1-400x300.jpg 400w, https:\/\/aeterrasave.net\/webmedia\/wp-content\/uploads\/2023\/06\/IMG_20230602_160247-1-768x576.jpg 768w, https:\/\/aeterrasave.net\/webmedia\/wp-content\/uploads\/2023\/06\/IMG_20230602_160247-1-560x420.jpg 560w\" sizes=\"auto, (max-width: 1024px) 100vw, 1024px\" \/><\/figure>\n","protected":false},"excerpt":{"rendered":"<p>No dia 2 de junho, os alunos de 7.\u00ba ano, participaram numa visita de estudo a Coimbra e \u00e0sgrutas de Mira de Aire com partida \u00e0s 7h30 da escola.Em Coimbra, visitaram a faculdade de Direito e passearam junto \u00e0 faculdade de Letras,Biblioteca e faculdades de F\u00edsico-Qu\u00edmica e Matem\u00e1tica. Por fim, visitamos o Jardim Bot\u00e2nico eseguimos [&hellip;]<\/p>\n","protected":false},"author":43,"featured_media":12895,"comment_status":"closed","ping_status":"closed","sticky":false,"template":"","format":"standard","meta":{"_eb_attr":"","footnotes":""},"categories":[3],"tags":[],"class_list":["post-12893","post","type-post","status-publish","format-standard","has-post-thumbnail","hentry","category-noticias"],"blog_post_layout_featured_media_urls":{"thumbnail":["https:\/\/aeterrasave.net\/webmedia\/wp-content\/uploads\/2023\/06\/IMG_20230602_155108-150x150.jpg",150,150,true],"full":["https:\/\/aeterrasave.net\/webmedia\/wp-content\/uploads\/2023\/06\/IMG_20230602_155108-scaled.jpg",1920,2560,false]},"categories_names":{"3":{"name":"Not\u00edcias","link":"https:\/\/aeterrasave.net\/webmedia\/category\/noticias\/"}},"tags_names":[],"comments_number":0,"wpmagazine_modules_lite_featured_media_urls":{"thumbnail":["https:\/\/aeterrasave.net\/webmedia\/wp-content\/uploads\/2023\/06\/IMG_20230602_155108-150x150.jpg",150,150,true],"cvmm-medium":["https:\/\/aeterrasave.net\/webmedia\/wp-content\/uploads\/2023\/06\/IMG_20230602_155108-scaled.jpg",225,300,false],"cvmm-medium-plus":["https:\/\/aeterrasave.net\/webmedia\/wp-content\/uploads\/2023\/06\/IMG_20230602_155108-scaled.jpg",155,207,false],"cvmm-portrait":["https:\/\/aeterrasave.net\/webmedia\/wp-content\/uploads\/2023\/06\/IMG_20230602_155108-scaled.jpg",400,533,false],"cvmm-medium-square":["https:\/\/aeterrasave.net\/webmedia\/wp-content\/uploads\/2023\/06\/IMG_20230602_155108-scaled.jpg",450,600,false],"cvmm-large":["https:\/\/aeterrasave.net\/webmedia\/wp-content\/uploads\/2023\/06\/IMG_20230602_155108-scaled.jpg",768,1024,false],"cvmm-small":["https:\/\/aeterrasave.net\/webmedia\/wp-content\/uploads\/2023\/06\/IMG_20230602_155108-scaled.jpg",71,95,false],"full":["https:\/\/aeterrasave.net\/webmedia\/wp-content\/uploads\/2023\/06\/IMG_20230602_155108-scaled.jpg",1920,2560,false]},"_links":{"self":[{"href":"https:\/\/aeterrasave.net\/webmedia\/wp-json\/wp\/v2\/posts\/12893","targetHints":{"allow":["GET"]}}],"collection":[{"href":"https:\/\/aeterrasave.net\/webmedia\/wp-json\/wp\/v2\/posts"}],"about":[{"href":"https:\/\/aeterrasave.net\/webmedia\/wp-json\/wp\/v2\/types\/post"}],"author":[{"embeddable":true,"href":"https:\/\/aeterrasave.net\/webmedia\/wp-json\/wp\/v2\/users\/43"}],"replies":[{"embeddable":true,"href":"https:\/\/aeterrasave.net\/webmedia\/wp-json\/wp\/v2\/comments?post=12893"}],"version-history":[{"count":1,"href":"https:\/\/aeterrasave.net\/webmedia\/wp-json\/wp\/v2\/posts\/12893\/revisions"}],"predecessor-version":[{"id":12897,"href":"https:\/\/aeterrasave.net\/webmedia\/wp-json\/wp\/v2\/posts\/12893\/revisions\/12897"}],"wp:featuredmedia":[{"embeddable":true,"href":"https:\/\/aeterrasave.net\/webmedia\/wp-json\/wp\/v2\/media\/12895"}],"wp:attachment":[{"href":"https:\/\/aeterrasave.net\/webmedia\/wp-json\/wp\/v2\/media?parent=12893"}],"wp:term":[{"taxonomy":"category","embeddable":true,"href":"https:\/\/aeterrasave.net\/webmedia\/wp-json\/wp\/v2\/categories?post=12893"},{"taxonomy":"post_tag","embeddable":true,"href":"https:\/\/aeterrasave.net\/webmedia\/wp-json\/wp\/v2\/tags?post=12893"}],"curies":[{"name":"wp","href":"https:\/\/api.w.org\/{rel}","templated":true}]}}