{"id":13428,"date":"2023-10-18T12:46:49","date_gmt":"2023-10-18T11:46:49","guid":{"rendered":"https:\/\/aeterrasave.net\/webmedia\/?p=13428"},"modified":"2023-10-18T23:09:24","modified_gmt":"2023-10-18T22:09:24","slug":"eb-de-riba-participou-no-dia-bandeiras-verdes-galardao-eco-escolas-2023","status":"publish","type":"post","link":"https:\/\/aeterrasave.net\/webmedia\/eb-de-riba-participou-no-dia-bandeiras-verdes-galardao-eco-escolas-2023\/","title":{"rendered":"EB de Riba participou no Dia Bandeiras Verdes \u2013 Galard\u00e3o Eco-Escolas 2023"},"content":{"rendered":"\n<p>Foi um dia muito divertido para os alunos do 4.\u00ba ano, que fizeram parte do Conselho Eco-Escolas, no ano transato e acompanharam a Educadora \u201cFininha\u201d at\u00e9 Braga, onde decorreu esta grandiosa cerim\u00f3nia.<br>Segundo estes, participaram em v\u00e1rias atividades e tiveram ainda oportunidade de partilharam experi\u00eancias com outros alunos, de v\u00e1rias escolas.<br>No final, trouxeram a merecida Bandeira Verde que ser\u00e1 hasteada, na Escola, no Dia do Ambiente como vem sendo h\u00e1bito.<br>Parab\u00e9ns a todos os alunos, a todas as Auxiliares e Professores da Escola e Parceiros Educativos, pois este Galard\u00e3o \u00e9 de TODOS e para TODOS.<\/p>\n\n\n\n<div class=\"wp-block-columns is-layout-flex wp-container-core-columns-is-layout-9d6595d7 wp-block-columns-is-layout-flex\">\n<div class=\"wp-block-column is-layout-flow wp-block-column-is-layout-flow\">\n<figure class=\"wp-block-image size-large\"><img loading=\"lazy\" decoding=\"async\" width=\"700\" height=\"525\" src=\"https:\/\/aeterrasave.net\/webmedia\/wp-content\/uploads\/2023\/10\/2.jpg\" alt=\"\" class=\"wp-image-13429\" srcset=\"https:\/\/aeterrasave.net\/webmedia\/wp-content\/uploads\/2023\/10\/2.jpg 700w, https:\/\/aeterrasave.net\/webmedia\/wp-content\/uploads\/2023\/10\/2-400x300.jpg 400w, https:\/\/aeterrasave.net\/webmedia\/wp-content\/uploads\/2023\/10\/2-560x420.jpg 560w\" sizes=\"auto, (max-width: 700px) 100vw, 700px\" \/><\/figure>\n<\/div>\n\n\n\n<div class=\"wp-block-column is-layout-flow wp-block-column-is-layout-flow\">\n<figure class=\"wp-block-image size-large\"><img loading=\"lazy\" decoding=\"async\" width=\"700\" height=\"525\" src=\"https:\/\/aeterrasave.net\/webmedia\/wp-content\/uploads\/2023\/10\/3.jpg\" alt=\"\" class=\"wp-image-13430\" srcset=\"https:\/\/aeterrasave.net\/webmedia\/wp-content\/uploads\/2023\/10\/3.jpg 700w, https:\/\/aeterrasave.net\/webmedia\/wp-content\/uploads\/2023\/10\/3-400x300.jpg 400w, https:\/\/aeterrasave.net\/webmedia\/wp-content\/uploads\/2023\/10\/3-560x420.jpg 560w\" sizes=\"auto, (max-width: 700px) 100vw, 700px\" \/><\/figure>\n<\/div>\n\n\n\n<div class=\"wp-block-column is-layout-flow wp-block-column-is-layout-flow\">\n<figure class=\"wp-block-image size-large\"><img loading=\"lazy\" decoding=\"async\" width=\"700\" height=\"525\" src=\"https:\/\/aeterrasave.net\/webmedia\/wp-content\/uploads\/2023\/10\/4.jpg\" alt=\"\" class=\"wp-image-13431\" srcset=\"https:\/\/aeterrasave.net\/webmedia\/wp-content\/uploads\/2023\/10\/4.jpg 700w, https:\/\/aeterrasave.net\/webmedia\/wp-content\/uploads\/2023\/10\/4-400x300.jpg 400w, https:\/\/aeterrasave.net\/webmedia\/wp-content\/uploads\/2023\/10\/4-560x420.jpg 560w\" sizes=\"auto, (max-width: 700px) 100vw, 700px\" \/><\/figure>\n<\/div>\n<\/div>\n\n\n\n<div class=\"wp-block-columns is-layout-flex wp-container-core-columns-is-layout-9d6595d7 wp-block-columns-is-layout-flex\">\n<div class=\"wp-block-column is-layout-flow wp-block-column-is-layout-flow\">\n<figure class=\"wp-block-image size-large\"><img loading=\"lazy\" decoding=\"async\" width=\"700\" height=\"525\" src=\"https:\/\/aeterrasave.net\/webmedia\/wp-content\/uploads\/2023\/10\/PHOTO-2023-10-17-16-41-40.jpg\" alt=\"\" class=\"wp-image-13432\" srcset=\"https:\/\/aeterrasave.net\/webmedia\/wp-content\/uploads\/2023\/10\/PHOTO-2023-10-17-16-41-40.jpg 700w, https:\/\/aeterrasave.net\/webmedia\/wp-content\/uploads\/2023\/10\/PHOTO-2023-10-17-16-41-40-400x300.jpg 400w, https:\/\/aeterrasave.net\/webmedia\/wp-content\/uploads\/2023\/10\/PHOTO-2023-10-17-16-41-40-560x420.jpg 560w\" sizes=\"auto, (max-width: 700px) 100vw, 700px\" \/><\/figure>\n\n\n\n<p><\/p>\n\n\n\n<figure class=\"wp-block-image size-large\"><img loading=\"lazy\" decoding=\"async\" width=\"700\" height=\"525\" src=\"https:\/\/aeterrasave.net\/webmedia\/wp-content\/uploads\/2023\/10\/PHOTO-2023-10-17-16-33-46-1.jpg\" alt=\"\" class=\"wp-image-13434\" srcset=\"https:\/\/aeterrasave.net\/webmedia\/wp-content\/uploads\/2023\/10\/PHOTO-2023-10-17-16-33-46-1.jpg 700w, https:\/\/aeterrasave.net\/webmedia\/wp-content\/uploads\/2023\/10\/PHOTO-2023-10-17-16-33-46-1-400x300.jpg 400w, https:\/\/aeterrasave.net\/webmedia\/wp-content\/uploads\/2023\/10\/PHOTO-2023-10-17-16-33-46-1-560x420.jpg 560w\" sizes=\"auto, (max-width: 700px) 100vw, 700px\" \/><\/figure>\n<\/div>\n\n\n\n<div class=\"wp-block-column is-layout-flow wp-block-column-is-layout-flow\">\n<figure class=\"wp-block-image size-large is-resized\"><img loading=\"lazy\" decoding=\"async\" src=\"https:\/\/aeterrasave.net\/webmedia\/wp-content\/uploads\/2023\/10\/5.jpg\" alt=\"\" class=\"wp-image-13433\" width=\"374\" height=\"498\" srcset=\"https:\/\/aeterrasave.net\/webmedia\/wp-content\/uploads\/2023\/10\/5.jpg 525w, https:\/\/aeterrasave.net\/webmedia\/wp-content\/uploads\/2023\/10\/5-300x400.jpg 300w\" sizes=\"auto, (max-width: 374px) 100vw, 374px\" \/><\/figure>\n<\/div>\n<\/div>\n","protected":false},"excerpt":{"rendered":"<p>Foi um dia muito divertido para os alunos do 4.\u00ba ano, que fizeram parte do Conselho Eco-Escolas, no ano transato e acompanharam a Educadora \u201cFininha\u201d at\u00e9 Braga, onde decorreu esta grandiosa cerim\u00f3nia.Segundo estes, participaram em v\u00e1rias atividades e tiveram ainda oportunidade de partilharam experi\u00eancias com outros alunos, de v\u00e1rias escolas.No final, trouxeram a merecida Bandeira [&hellip;]<\/p>\n","protected":false},"author":8,"featured_media":13432,"comment_status":"closed","ping_status":"closed","sticky":false,"template":"","format":"standard","meta":{"_eb_attr":"","footnotes":""},"categories":[3],"tags":[],"class_list":["post-13428","post","type-post","status-publish","format-standard","has-post-thumbnail","hentry","category-noticias"],"blog_post_layout_featured_media_urls":{"thumbnail":["https:\/\/aeterrasave.net\/webmedia\/wp-content\/uploads\/2023\/10\/PHOTO-2023-10-17-16-41-40-150x150.jpg",150,150,true],"full":["https:\/\/aeterrasave.net\/webmedia\/wp-content\/uploads\/2023\/10\/PHOTO-2023-10-17-16-41-40.jpg",700,525,false]},"categories_names":{"3":{"name":"Not\u00edcias","link":"https:\/\/aeterrasave.net\/webmedia\/category\/noticias\/"}},"tags_names":[],"comments_number":0,"wpmagazine_modules_lite_featured_media_urls":{"thumbnail":["https:\/\/aeterrasave.net\/webmedia\/wp-content\/uploads\/2023\/10\/PHOTO-2023-10-17-16-41-40-150x150.jpg",150,150,true],"cvmm-medium":["https:\/\/aeterrasave.net\/webmedia\/wp-content\/uploads\/2023\/10\/PHOTO-2023-10-17-16-41-40.jpg",300,225,false],"cvmm-medium-plus":["https:\/\/aeterrasave.net\/webmedia\/wp-content\/uploads\/2023\/10\/PHOTO-2023-10-17-16-41-40.jpg",276,207,false],"cvmm-portrait":["https:\/\/aeterrasave.net\/webmedia\/wp-content\/uploads\/2023\/10\/PHOTO-2023-10-17-16-41-40.jpg",400,300,false],"cvmm-medium-square":["https:\/\/aeterrasave.net\/webmedia\/wp-content\/uploads\/2023\/10\/PHOTO-2023-10-17-16-41-40.jpg",600,450,false],"cvmm-large":["https:\/\/aeterrasave.net\/webmedia\/wp-content\/uploads\/2023\/10\/PHOTO-2023-10-17-16-41-40.jpg",700,525,false],"cvmm-small":["https:\/\/aeterrasave.net\/webmedia\/wp-content\/uploads\/2023\/10\/PHOTO-2023-10-17-16-41-40.jpg",127,95,false],"full":["https:\/\/aeterrasave.net\/webmedia\/wp-content\/uploads\/2023\/10\/PHOTO-2023-10-17-16-41-40.jpg",700,525,false]},"_links":{"self":[{"href":"https:\/\/aeterrasave.net\/webmedia\/wp-json\/wp\/v2\/posts\/13428","targetHints":{"allow":["GET"]}}],"collection":[{"href":"https:\/\/aeterrasave.net\/webmedia\/wp-json\/wp\/v2\/posts"}],"about":[{"href":"https:\/\/aeterrasave.net\/webmedia\/wp-json\/wp\/v2\/types\/post"}],"author":[{"embeddable":true,"href":"https:\/\/aeterrasave.net\/webmedia\/wp-json\/wp\/v2\/users\/8"}],"replies":[{"embeddable":true,"href":"https:\/\/aeterrasave.net\/webmedia\/wp-json\/wp\/v2\/comments?post=13428"}],"version-history":[{"count":3,"href":"https:\/\/aeterrasave.net\/webmedia\/wp-json\/wp\/v2\/posts\/13428\/revisions"}],"predecessor-version":[{"id":13458,"href":"https:\/\/aeterrasave.net\/webmedia\/wp-json\/wp\/v2\/posts\/13428\/revisions\/13458"}],"wp:featuredmedia":[{"embeddable":true,"href":"https:\/\/aeterrasave.net\/webmedia\/wp-json\/wp\/v2\/media\/13432"}],"wp:attachment":[{"href":"https:\/\/aeterrasave.net\/webmedia\/wp-json\/wp\/v2\/media?parent=13428"}],"wp:term":[{"taxonomy":"category","embeddable":true,"href":"https:\/\/aeterrasave.net\/webmedia\/wp-json\/wp\/v2\/categories?post=13428"},{"taxonomy":"post_tag","embeddable":true,"href":"https:\/\/aeterrasave.net\/webmedia\/wp-json\/wp\/v2\/tags?post=13428"}],"curies":[{"name":"wp","href":"https:\/\/api.w.org\/{rel}","templated":true}]}}