{"id":1348,"date":"2019-12-12T21:01:37","date_gmt":"2019-12-12T20:01:37","guid":{"rendered":"https:\/\/aepedome.net\/webmedia\/?p=1348"},"modified":"2019-12-12T21:01:37","modified_gmt":"2019-12-12T20:01:37","slug":"o-pai-natal-mudou-de-cor-para-visitar-a-eb-de-casteloes","status":"publish","type":"post","link":"https:\/\/aeterrasave.net\/webmedia\/o-pai-natal-mudou-de-cor-para-visitar-a-eb-de-casteloes\/","title":{"rendered":"O Pai Natal \u201cmudou\u201d de cor para visitar a EB de Castel\u00f5es"},"content":{"rendered":"<p style=\"margin: 0cm;margin-bottom: .0001pt;text-align: justify;text-indent: 1.0cm;line-height: 19.5pt;background: #F8F8F8;vertical-align: baseline\"><span style=\"color: black\">Com o objetivo de sensibilizar os mais novos para comportamentos ambientalmente respons\u00e1veis, para promover a preserva\u00e7\u00e3o e sustentabilidade do Ambiente, alertando-os, mais concretamente, para os comportamentos que caracterizam a \u00e9poca natal\u00edcia, sem nunca perder o encanto e a magia que a mesma proporciona, o projeto educativo \u201cO Pai Natal Verde\u201d visitou a EB de Castel\u00f5es no dia 12 de dezembro. <\/span><\/p>\n<p style=\"margin: 0cm;margin-bottom: .0001pt;text-align: justify;text-indent: 1.0cm;line-height: 19.5pt;background: #F8F8F8;vertical-align: baseline\"><span style=\"color: black\">Os alunos foram \u201cpresenteados\u201d com a apresenta\u00e7\u00e3o da hist\u00f3ria \u201cO Pai Natal Verde\u201d e, de uma forma l\u00fadica e divertida, \u201creceberam\u201d a mensagem que n\u00e3o devem perder a magia do Natal, mas com consci\u00eancia ambiental.<\/span><img loading=\"lazy\" decoding=\"async\" class=\"size-full wp-image-1350 aligncenter\" src=\"https:\/\/aepedome.net\/webmedia\/wp-content\/uploads\/2019\/12\/IMG_9244.jpg\" alt=\"\" width=\"640\" height=\"480\" \/><\/p>\n<p style=\"text-align: center\"><img loading=\"lazy\" decoding=\"async\" class=\"alignnone size-full wp-image-1351\" src=\"https:\/\/aepedome.net\/webmedia\/wp-content\/uploads\/2019\/12\/IMG_9255.jpg\" alt=\"\" width=\"640\" height=\"480\" \/><\/p>\n<p><img loading=\"lazy\" decoding=\"async\" class=\"alignnone size-full wp-image-1352\" src=\"https:\/\/aepedome.net\/webmedia\/wp-content\/uploads\/2019\/12\/IMG_9262.jpg\" alt=\"\" width=\"640\" height=\"480\" \/><\/p>\n","protected":false},"excerpt":{"rendered":"<p>Com o objetivo de sensibilizar os mais novos para comportamentos ambientalmente respons\u00e1veis, para promover a preserva\u00e7\u00e3o e sustentabilidade do Ambiente, alertando-os, mais concretamente, para os comportamentos que caracterizam a \u00e9poca natal\u00edcia, sem nunca perder o encanto e a magia que a mesma proporciona, o projeto educativo \u201cO Pai Natal Verde\u201d visitou a EB de Castel\u00f5es [&hellip;]<\/p>\n","protected":false},"author":5,"featured_media":22989,"comment_status":"closed","ping_status":"closed","sticky":false,"template":"","format":"standard","meta":{"_eb_attr":"","footnotes":""},"categories":[3],"tags":[],"class_list":["post-1348","post","type-post","status-publish","format-standard","has-post-thumbnail","hentry","category-noticias"],"blog_post_layout_featured_media_urls":{"thumbnail":["https:\/\/aeterrasave.net\/webmedia\/wp-content\/uploads\/2026\/04\/Default_AETA_New-150x82.png",150,82,true],"full":["https:\/\/aeterrasave.net\/webmedia\/wp-content\/uploads\/2026\/04\/Default_AETA_New.png",300,82,false]},"categories_names":{"3":{"name":"Not\u00edcias","link":"https:\/\/aeterrasave.net\/webmedia\/category\/noticias\/"}},"tags_names":[],"comments_number":0,"wpmagazine_modules_lite_featured_media_urls":{"thumbnail":["https:\/\/aeterrasave.net\/webmedia\/wp-content\/uploads\/2026\/04\/Default_AETA_New-150x82.png",150,82,true],"cvmm-medium":["https:\/\/aeterrasave.net\/webmedia\/wp-content\/uploads\/2026\/04\/Default_AETA_New.png",300,82,false],"cvmm-medium-plus":["https:\/\/aeterrasave.net\/webmedia\/wp-content\/uploads\/2026\/04\/Default_AETA_New.png",300,82,false],"cvmm-portrait":["https:\/\/aeterrasave.net\/webmedia\/wp-content\/uploads\/2026\/04\/Default_AETA_New.png",300,82,false],"cvmm-medium-square":["https:\/\/aeterrasave.net\/webmedia\/wp-content\/uploads\/2026\/04\/Default_AETA_New.png",300,82,false],"cvmm-large":["https:\/\/aeterrasave.net\/webmedia\/wp-content\/uploads\/2026\/04\/Default_AETA_New.png",300,82,false],"cvmm-small":["https:\/\/aeterrasave.net\/webmedia\/wp-content\/uploads\/2026\/04\/Default_AETA_New-130x82.png",130,82,true],"full":["https:\/\/aeterrasave.net\/webmedia\/wp-content\/uploads\/2026\/04\/Default_AETA_New.png",300,82,false]},"_links":{"self":[{"href":"https:\/\/aeterrasave.net\/webmedia\/wp-json\/wp\/v2\/posts\/1348","targetHints":{"allow":["GET"]}}],"collection":[{"href":"https:\/\/aeterrasave.net\/webmedia\/wp-json\/wp\/v2\/posts"}],"about":[{"href":"https:\/\/aeterrasave.net\/webmedia\/wp-json\/wp\/v2\/types\/post"}],"author":[{"embeddable":true,"href":"https:\/\/aeterrasave.net\/webmedia\/wp-json\/wp\/v2\/users\/5"}],"replies":[{"embeddable":true,"href":"https:\/\/aeterrasave.net\/webmedia\/wp-json\/wp\/v2\/comments?post=1348"}],"version-history":[{"count":0,"href":"https:\/\/aeterrasave.net\/webmedia\/wp-json\/wp\/v2\/posts\/1348\/revisions"}],"wp:featuredmedia":[{"embeddable":true,"href":"https:\/\/aeterrasave.net\/webmedia\/wp-json\/wp\/v2\/media\/22989"}],"wp:attachment":[{"href":"https:\/\/aeterrasave.net\/webmedia\/wp-json\/wp\/v2\/media?parent=1348"}],"wp:term":[{"taxonomy":"category","embeddable":true,"href":"https:\/\/aeterrasave.net\/webmedia\/wp-json\/wp\/v2\/categories?post=1348"},{"taxonomy":"post_tag","embeddable":true,"href":"https:\/\/aeterrasave.net\/webmedia\/wp-json\/wp\/v2\/tags?post=1348"}],"curies":[{"name":"wp","href":"https:\/\/api.w.org\/{rel}","templated":true}]}}