{"id":13483,"date":"2023-10-21T17:39:47","date_gmt":"2023-10-21T16:39:47","guid":{"rendered":"https:\/\/aeterrasave.net\/webmedia\/?p=13483"},"modified":"2023-10-21T17:39:50","modified_gmt":"2023-10-21T16:39:50","slug":"consumer-talks-sobras-nao-sao-lixo","status":"publish","type":"post","link":"https:\/\/aeterrasave.net\/webmedia\/consumer-talks-sobras-nao-sao-lixo\/","title":{"rendered":"\u201cConsumer.Talks \u2013 Sobras n\u00e3o s\u00e3o lixo!\u201d"},"content":{"rendered":"\n<p>Os alunos de 9.\u00ba ano participaram, no dia 19 de outubro, na videoconfer\u00eancia \u201cConsumer.Talks \u2013 Sobras n\u00e3o s\u00e3o lixo!\u201d. Esta atividade, que decorreu no audit\u00f3rio da nossa escola, foi promovida pela DECO Jovem e desenvolvida no \u00e2mbito do Programa de Educa\u00e7\u00e3o para a Sa\u00fade para assinalar o Dia Mundial da Alimenta\u00e7\u00e3o.<br>Nesta sess\u00e3o, os alunos foram consciencializados para a dimens\u00e3o do desperd\u00edcio alimentar e sensibilizados para o consumo consciente e para o combate ao desperd\u00edcio, mediante atitudes simples que devem ser colocadas em pr\u00e1tica no dia a dia.<\/p>\n\n\n\n<p class=\"has-text-align-right\">Susana Costa<\/p>\n\n\n\n<figure class=\"wp-block-gallery columns-3 is-cropped wp-block-gallery-1 is-layout-flex wp-block-gallery-is-layout-flex\"><ul class=\"blocks-gallery-grid\"><li class=\"blocks-gallery-item\"><figure><img loading=\"lazy\" decoding=\"async\" width=\"1024\" height=\"768\" src=\"https:\/\/aeterrasave.net\/webmedia\/wp-content\/uploads\/2023\/10\/1..-1024x768.jpg\" alt=\"\" data-id=\"13484\" data-link=\"https:\/\/aeterrasave.net\/webmedia\/?attachment_id=13484\" class=\"wp-image-13484\" srcset=\"https:\/\/aeterrasave.net\/webmedia\/wp-content\/uploads\/2023\/10\/1..-1024x768.jpg 1024w, https:\/\/aeterrasave.net\/webmedia\/wp-content\/uploads\/2023\/10\/1..-400x300.jpg 400w, https:\/\/aeterrasave.net\/webmedia\/wp-content\/uploads\/2023\/10\/1..-768x576.jpg 768w, https:\/\/aeterrasave.net\/webmedia\/wp-content\/uploads\/2023\/10\/1..-560x420.jpg 560w\" sizes=\"auto, (max-width: 1024px) 100vw, 1024px\" \/><\/figure><\/li><li class=\"blocks-gallery-item\"><figure><img loading=\"lazy\" decoding=\"async\" width=\"1024\" height=\"768\" src=\"https:\/\/aeterrasave.net\/webmedia\/wp-content\/uploads\/2023\/10\/2..-1024x768.jpg\" alt=\"\" data-id=\"13485\" data-link=\"https:\/\/aeterrasave.net\/webmedia\/?attachment_id=13485\" class=\"wp-image-13485\" srcset=\"https:\/\/aeterrasave.net\/webmedia\/wp-content\/uploads\/2023\/10\/2..-1024x768.jpg 1024w, https:\/\/aeterrasave.net\/webmedia\/wp-content\/uploads\/2023\/10\/2..-400x300.jpg 400w, https:\/\/aeterrasave.net\/webmedia\/wp-content\/uploads\/2023\/10\/2..-768x576.jpg 768w, https:\/\/aeterrasave.net\/webmedia\/wp-content\/uploads\/2023\/10\/2..-560x420.jpg 560w\" sizes=\"auto, (max-width: 1024px) 100vw, 1024px\" \/><\/figure><\/li><li class=\"blocks-gallery-item\"><figure><img loading=\"lazy\" decoding=\"async\" width=\"1024\" height=\"768\" src=\"https:\/\/aeterrasave.net\/webmedia\/wp-content\/uploads\/2023\/10\/3..-1024x768.jpg\" alt=\"\" data-id=\"13486\" data-full-url=\"https:\/\/aeterrasave.net\/webmedia\/wp-content\/uploads\/2023\/10\/3..-scaled.jpg\" data-link=\"https:\/\/aeterrasave.net\/webmedia\/?attachment_id=13486\" class=\"wp-image-13486\" srcset=\"https:\/\/aeterrasave.net\/webmedia\/wp-content\/uploads\/2023\/10\/3..-1024x768.jpg 1024w, https:\/\/aeterrasave.net\/webmedia\/wp-content\/uploads\/2023\/10\/3..-400x300.jpg 400w, https:\/\/aeterrasave.net\/webmedia\/wp-content\/uploads\/2023\/10\/3..-768x576.jpg 768w, https:\/\/aeterrasave.net\/webmedia\/wp-content\/uploads\/2023\/10\/3..-560x420.jpg 560w\" sizes=\"auto, (max-width: 1024px) 100vw, 1024px\" \/><\/figure><\/li><\/ul><\/figure>\n","protected":false},"excerpt":{"rendered":"<p>Os alunos de 9.\u00ba ano participaram, no dia 19 de outubro, na videoconfer\u00eancia \u201cConsumer.Talks \u2013 Sobras n\u00e3o s\u00e3o lixo!\u201d. Esta atividade, que decorreu no audit\u00f3rio da nossa escola, foi promovida pela DECO Jovem e desenvolvida no \u00e2mbito do Programa de Educa\u00e7\u00e3o para a Sa\u00fade para assinalar o Dia Mundial da Alimenta\u00e7\u00e3o.Nesta sess\u00e3o, os alunos foram [&hellip;]<\/p>\n","protected":false},"author":37,"featured_media":13485,"comment_status":"closed","ping_status":"closed","sticky":false,"template":"","format":"standard","meta":{"_eb_attr":"","footnotes":""},"categories":[3],"tags":[],"class_list":["post-13483","post","type-post","status-publish","format-standard","has-post-thumbnail","hentry","category-noticias"],"blog_post_layout_featured_media_urls":{"thumbnail":["https:\/\/aeterrasave.net\/webmedia\/wp-content\/uploads\/2023\/10\/2..-150x150.jpg",150,150,true],"full":["https:\/\/aeterrasave.net\/webmedia\/wp-content\/uploads\/2023\/10\/2..-scaled.jpg",2560,1920,false]},"categories_names":{"3":{"name":"Not\u00edcias","link":"https:\/\/aeterrasave.net\/webmedia\/category\/noticias\/"}},"tags_names":[],"comments_number":0,"wpmagazine_modules_lite_featured_media_urls":{"thumbnail":["https:\/\/aeterrasave.net\/webmedia\/wp-content\/uploads\/2023\/10\/2..-150x150.jpg",150,150,true],"cvmm-medium":["https:\/\/aeterrasave.net\/webmedia\/wp-content\/uploads\/2023\/10\/2..-scaled.jpg",300,225,false],"cvmm-medium-plus":["https:\/\/aeterrasave.net\/webmedia\/wp-content\/uploads\/2023\/10\/2..-scaled.jpg",276,207,false],"cvmm-portrait":["https:\/\/aeterrasave.net\/webmedia\/wp-content\/uploads\/2023\/10\/2..-scaled.jpg",400,300,false],"cvmm-medium-square":["https:\/\/aeterrasave.net\/webmedia\/wp-content\/uploads\/2023\/10\/2..-scaled.jpg",600,450,false],"cvmm-large":["https:\/\/aeterrasave.net\/webmedia\/wp-content\/uploads\/2023\/10\/2..-scaled.jpg",1024,768,false],"cvmm-small":["https:\/\/aeterrasave.net\/webmedia\/wp-content\/uploads\/2023\/10\/2..-scaled.jpg",127,95,false],"full":["https:\/\/aeterrasave.net\/webmedia\/wp-content\/uploads\/2023\/10\/2..-scaled.jpg",2560,1920,false]},"_links":{"self":[{"href":"https:\/\/aeterrasave.net\/webmedia\/wp-json\/wp\/v2\/posts\/13483","targetHints":{"allow":["GET"]}}],"collection":[{"href":"https:\/\/aeterrasave.net\/webmedia\/wp-json\/wp\/v2\/posts"}],"about":[{"href":"https:\/\/aeterrasave.net\/webmedia\/wp-json\/wp\/v2\/types\/post"}],"author":[{"embeddable":true,"href":"https:\/\/aeterrasave.net\/webmedia\/wp-json\/wp\/v2\/users\/37"}],"replies":[{"embeddable":true,"href":"https:\/\/aeterrasave.net\/webmedia\/wp-json\/wp\/v2\/comments?post=13483"}],"version-history":[{"count":1,"href":"https:\/\/aeterrasave.net\/webmedia\/wp-json\/wp\/v2\/posts\/13483\/revisions"}],"predecessor-version":[{"id":13487,"href":"https:\/\/aeterrasave.net\/webmedia\/wp-json\/wp\/v2\/posts\/13483\/revisions\/13487"}],"wp:featuredmedia":[{"embeddable":true,"href":"https:\/\/aeterrasave.net\/webmedia\/wp-json\/wp\/v2\/media\/13485"}],"wp:attachment":[{"href":"https:\/\/aeterrasave.net\/webmedia\/wp-json\/wp\/v2\/media?parent=13483"}],"wp:term":[{"taxonomy":"category","embeddable":true,"href":"https:\/\/aeterrasave.net\/webmedia\/wp-json\/wp\/v2\/categories?post=13483"},{"taxonomy":"post_tag","embeddable":true,"href":"https:\/\/aeterrasave.net\/webmedia\/wp-json\/wp\/v2\/tags?post=13483"}],"curies":[{"name":"wp","href":"https:\/\/api.w.org\/{rel}","templated":true}]}}