{"id":1370,"date":"2019-12-15T17:52:52","date_gmt":"2019-12-15T16:52:52","guid":{"rendered":"https:\/\/aepedome.net\/webmedia\/?p=1370"},"modified":"2019-12-15T17:52:52","modified_gmt":"2019-12-15T16:52:52","slug":"festa-de-natal-na-eb-de-casteloes","status":"publish","type":"post","link":"https:\/\/aeterrasave.net\/webmedia\/festa-de-natal-na-eb-de-casteloes\/","title":{"rendered":"Festa de Natal na EB de Castel\u00f5es"},"content":{"rendered":"<p>A Festa de Natal da EB de Castel\u00f5es decorreu na noite do dia 13 de dezembro, no Centro Social de Castel\u00f5es.<\/p>\n<p>Nesta festa, os alunos entoaram can\u00e7\u00f5es de Natal, assistiram \u00e0 pe\u00e7a de teatro \u201cViagem no Tempo\u201d e, ap\u00f3s a sua conclus\u00e3o, \u201creceberam\u201d a visita do Pai Natal, tendo este \u00faltimo, entregue um presente a cada um.<\/p>\n<p>A festa foi contagiante e em cada rosto foi poss\u00edvel ver esbo\u00e7ado um sorrido de satisfa\u00e7\u00e3o por estarem presentes neste conv\u00edvio.<\/p>\n<p>A anima\u00e7\u00e3o e o car\u00e1ter mais informal fazem com que esta atividade seja encarada por todos como uma festa especial e a maneira mais indicada para encerrar as atividades letivas do primeiro per\u00edodo.<img loading=\"lazy\" decoding=\"async\" class=\"alignnone size-medium wp-image-1375\" src=\"https:\/\/aepedome.net\/webmedia\/wp-content\/uploads\/2019\/12\/79503362_2736729919728278_2590844725305016320_o-760x570.jpg\" alt=\"\" width=\"760\" height=\"570\" srcset=\"https:\/\/aeterrasave.net\/webmedia\/wp-content\/uploads\/2019\/12\/79503362_2736729919728278_2590844725305016320_o-760x570.jpg 760w, https:\/\/aeterrasave.net\/webmedia\/wp-content\/uploads\/2019\/12\/79503362_2736729919728278_2590844725305016320_o.jpg 960w\" sizes=\"auto, (max-width: 760px) 100vw, 760px\" \/><\/p>\n<p><img loading=\"lazy\" decoding=\"async\" class=\"alignnone size-full wp-image-1372\" src=\"https:\/\/aepedome.net\/webmedia\/wp-content\/uploads\/2019\/12\/IMG_9279.jpg\" alt=\"\" width=\"640\" height=\"480\" \/><\/p>\n<p><img loading=\"lazy\" decoding=\"async\" class=\"alignnone size-medium wp-image-1373\" src=\"https:\/\/aepedome.net\/webmedia\/wp-content\/uploads\/2019\/12\/80499363_2736729366395000_4529658564049895424_o-760x570.jpg\" alt=\"\" width=\"760\" height=\"570\" srcset=\"https:\/\/aeterrasave.net\/webmedia\/wp-content\/uploads\/2019\/12\/80499363_2736729366395000_4529658564049895424_o-760x570.jpg 760w, https:\/\/aeterrasave.net\/webmedia\/wp-content\/uploads\/2019\/12\/80499363_2736729366395000_4529658564049895424_o.jpg 960w\" sizes=\"auto, (max-width: 760px) 100vw, 760px\" \/><\/p>\n<p><img loading=\"lazy\" decoding=\"async\" class=\"alignnone size-medium wp-image-1374\" src=\"https:\/\/aepedome.net\/webmedia\/wp-content\/uploads\/2019\/12\/79876450_2736745586393378_8577405949059268608_o-760x507.jpg\" alt=\"\" width=\"760\" height=\"507\" srcset=\"https:\/\/aeterrasave.net\/webmedia\/wp-content\/uploads\/2019\/12\/79876450_2736745586393378_8577405949059268608_o-760x507.jpg 760w, https:\/\/aeterrasave.net\/webmedia\/wp-content\/uploads\/2019\/12\/79876450_2736745586393378_8577405949059268608_o.jpg 960w\" sizes=\"auto, (max-width: 760px) 100vw, 760px\" \/><\/p>\n<p><img loading=\"lazy\" decoding=\"async\" class=\"alignnone size-medium wp-image-1376\" src=\"https:\/\/aepedome.net\/webmedia\/wp-content\/uploads\/2019\/12\/79545340_2736730926394844_1871187899337146368_o-760x570.jpg\" alt=\"\" width=\"760\" height=\"570\" srcset=\"https:\/\/aeterrasave.net\/webmedia\/wp-content\/uploads\/2019\/12\/79545340_2736730926394844_1871187899337146368_o-760x570.jpg 760w, https:\/\/aeterrasave.net\/webmedia\/wp-content\/uploads\/2019\/12\/79545340_2736730926394844_1871187899337146368_o.jpg 960w\" sizes=\"auto, (max-width: 760px) 100vw, 760px\" \/><\/p>\n<p><img loading=\"lazy\" decoding=\"async\" class=\"alignnone size-full wp-image-1377\" src=\"https:\/\/aepedome.net\/webmedia\/wp-content\/uploads\/2019\/12\/IMG_9287.jpg\" alt=\"\" width=\"640\" height=\"480\" \/><\/p>\n","protected":false},"excerpt":{"rendered":"<p>A Festa de Natal da EB de Castel\u00f5es decorreu na noite do dia 13 de dezembro, no Centro Social de Castel\u00f5es. Nesta festa, os alunos entoaram can\u00e7\u00f5es de Natal, assistiram \u00e0 pe\u00e7a de teatro \u201cViagem no Tempo\u201d e, ap\u00f3s a sua conclus\u00e3o, \u201creceberam\u201d a visita do Pai Natal, tendo este \u00faltimo, entregue um presente a [&hellip;]<\/p>\n","protected":false},"author":5,"featured_media":22989,"comment_status":"closed","ping_status":"closed","sticky":false,"template":"","format":"standard","meta":{"_eb_attr":"","footnotes":""},"categories":[3],"tags":[],"class_list":["post-1370","post","type-post","status-publish","format-standard","has-post-thumbnail","hentry","category-noticias"],"blog_post_layout_featured_media_urls":{"thumbnail":["https:\/\/aeterrasave.net\/webmedia\/wp-content\/uploads\/2026\/04\/Default_AETA_New-150x82.png",150,82,true],"full":["https:\/\/aeterrasave.net\/webmedia\/wp-content\/uploads\/2026\/04\/Default_AETA_New.png",300,82,false]},"categories_names":{"3":{"name":"Not\u00edcias","link":"https:\/\/aeterrasave.net\/webmedia\/category\/noticias\/"}},"tags_names":[],"comments_number":0,"wpmagazine_modules_lite_featured_media_urls":{"thumbnail":["https:\/\/aeterrasave.net\/webmedia\/wp-content\/uploads\/2026\/04\/Default_AETA_New-150x82.png",150,82,true],"cvmm-medium":["https:\/\/aeterrasave.net\/webmedia\/wp-content\/uploads\/2026\/04\/Default_AETA_New.png",300,82,false],"cvmm-medium-plus":["https:\/\/aeterrasave.net\/webmedia\/wp-content\/uploads\/2026\/04\/Default_AETA_New.png",300,82,false],"cvmm-portrait":["https:\/\/aeterrasave.net\/webmedia\/wp-content\/uploads\/2026\/04\/Default_AETA_New.png",300,82,false],"cvmm-medium-square":["https:\/\/aeterrasave.net\/webmedia\/wp-content\/uploads\/2026\/04\/Default_AETA_New.png",300,82,false],"cvmm-large":["https:\/\/aeterrasave.net\/webmedia\/wp-content\/uploads\/2026\/04\/Default_AETA_New.png",300,82,false],"cvmm-small":["https:\/\/aeterrasave.net\/webmedia\/wp-content\/uploads\/2026\/04\/Default_AETA_New-130x82.png",130,82,true],"full":["https:\/\/aeterrasave.net\/webmedia\/wp-content\/uploads\/2026\/04\/Default_AETA_New.png",300,82,false]},"_links":{"self":[{"href":"https:\/\/aeterrasave.net\/webmedia\/wp-json\/wp\/v2\/posts\/1370","targetHints":{"allow":["GET"]}}],"collection":[{"href":"https:\/\/aeterrasave.net\/webmedia\/wp-json\/wp\/v2\/posts"}],"about":[{"href":"https:\/\/aeterrasave.net\/webmedia\/wp-json\/wp\/v2\/types\/post"}],"author":[{"embeddable":true,"href":"https:\/\/aeterrasave.net\/webmedia\/wp-json\/wp\/v2\/users\/5"}],"replies":[{"embeddable":true,"href":"https:\/\/aeterrasave.net\/webmedia\/wp-json\/wp\/v2\/comments?post=1370"}],"version-history":[{"count":0,"href":"https:\/\/aeterrasave.net\/webmedia\/wp-json\/wp\/v2\/posts\/1370\/revisions"}],"wp:featuredmedia":[{"embeddable":true,"href":"https:\/\/aeterrasave.net\/webmedia\/wp-json\/wp\/v2\/media\/22989"}],"wp:attachment":[{"href":"https:\/\/aeterrasave.net\/webmedia\/wp-json\/wp\/v2\/media?parent=1370"}],"wp:term":[{"taxonomy":"category","embeddable":true,"href":"https:\/\/aeterrasave.net\/webmedia\/wp-json\/wp\/v2\/categories?post=1370"},{"taxonomy":"post_tag","embeddable":true,"href":"https:\/\/aeterrasave.net\/webmedia\/wp-json\/wp\/v2\/tags?post=1370"}],"curies":[{"name":"wp","href":"https:\/\/api.w.org\/{rel}","templated":true}]}}