{"id":14200,"date":"2023-12-07T22:18:56","date_gmt":"2023-12-07T21:18:56","guid":{"rendered":"https:\/\/aeterrasave.net\/webmedia\/?p=14200"},"modified":"2023-12-07T22:18:56","modified_gmt":"2023-12-07T21:18:56","slug":"comemoracao-do-dia-internacional-das-pessoas-com-deficiencia","status":"publish","type":"post","link":"https:\/\/aeterrasave.net\/webmedia\/comemoracao-do-dia-internacional-das-pessoas-com-deficiencia\/","title":{"rendered":"Comemora\u00e7\u00e3o do Dia Internacional das Pessoas com Defici\u00eancia"},"content":{"rendered":"\n<p>No dia 6 de dezembro, os alunos das turmas do 5\u00ba ano, do Agrupamento de Escolas Terras do Ave, assistiram a uma sess\u00e3o \u201cPelouro da Igualdade\u201d, dinamizada pela t\u00e9cnica do Munic\u00edpio de Vila Nova de Famalic\u00e3o, Joana Veloso. Esta sess\u00e3o teve como objetivo sensibilizar para a defici\u00eancia, bem como comemorar o Dia Internacional das Pessoas com Defici\u00eancia (3 de dezembro).<\/p>\n\n\n\n<p>Os alunos reconheceram a diferen\u00e7a entre a defici\u00eancia e a incapacidade, com exemplos pr\u00e1ticos e dinamizadores. Reconheceram que a sua escola \u00e9 inclusiva e que a cidade onde habitam est\u00e1 a trabalhar para um Mundo cada vez mais igualit\u00e1rio.<\/p>\n\n\n\n<figure class=\"wp-block-gallery has-nested-images columns-default is-cropped wp-block-gallery-1 is-layout-flex wp-block-gallery-is-layout-flex\">\n<figure class=\"wp-block-image size-large\"><img loading=\"lazy\" decoding=\"async\" width=\"1024\" height=\"763\" data-id=\"14202\" src=\"https:\/\/aeterrasave.net\/webmedia\/wp-content\/uploads\/2023\/12\/1-1-1024x763.jpg\" alt=\"\" class=\"wp-image-14202\" srcset=\"https:\/\/aeterrasave.net\/webmedia\/wp-content\/uploads\/2023\/12\/1-1-1024x763.jpg 1024w, https:\/\/aeterrasave.net\/webmedia\/wp-content\/uploads\/2023\/12\/1-1-400x298.jpg 400w, https:\/\/aeterrasave.net\/webmedia\/wp-content\/uploads\/2023\/12\/1-1-768x573.jpg 768w, https:\/\/aeterrasave.net\/webmedia\/wp-content\/uploads\/2023\/12\/1-1-560x417.jpg 560w, https:\/\/aeterrasave.net\/webmedia\/wp-content\/uploads\/2023\/12\/1-1.jpg 2000w\" sizes=\"auto, (max-width: 1024px) 100vw, 1024px\" \/><\/figure>\n<\/figure>\n\n\n\n<figure class=\"wp-block-image size-full\"><img loading=\"lazy\" decoding=\"async\" width=\"1000\" height=\"748\" src=\"https:\/\/aeterrasave.net\/webmedia\/wp-content\/uploads\/2023\/12\/2.png\" alt=\"\" class=\"wp-image-14203\" srcset=\"https:\/\/aeterrasave.net\/webmedia\/wp-content\/uploads\/2023\/12\/2.png 1000w, https:\/\/aeterrasave.net\/webmedia\/wp-content\/uploads\/2023\/12\/2-400x299.png 400w, https:\/\/aeterrasave.net\/webmedia\/wp-content\/uploads\/2023\/12\/2-768x574.png 768w, https:\/\/aeterrasave.net\/webmedia\/wp-content\/uploads\/2023\/12\/2-560x419.png 560w\" sizes=\"auto, (max-width: 1000px) 100vw, 1000px\" \/><\/figure>\n","protected":false},"excerpt":{"rendered":"<p>No dia 6 de dezembro, os alunos das turmas do 5\u00ba ano, do Agrupamento de Escolas Terras do Ave, assistiram a uma sess\u00e3o \u201cPelouro da Igualdade\u201d, dinamizada pela t\u00e9cnica do Munic\u00edpio de Vila Nova de Famalic\u00e3o, Joana Veloso. Esta sess\u00e3o teve como objetivo sensibilizar para a defici\u00eancia, bem como comemorar o Dia Internacional das Pessoas [&hellip;]<\/p>\n","protected":false},"author":15,"featured_media":14202,"comment_status":"closed","ping_status":"closed","sticky":false,"template":"","format":"standard","meta":{"_eb_attr":"","footnotes":""},"categories":[3],"tags":[],"class_list":["post-14200","post","type-post","status-publish","format-standard","has-post-thumbnail","hentry","category-noticias"],"blog_post_layout_featured_media_urls":{"thumbnail":["https:\/\/aeterrasave.net\/webmedia\/wp-content\/uploads\/2023\/12\/1-1-150x150.jpg",150,150,true],"full":["https:\/\/aeterrasave.net\/webmedia\/wp-content\/uploads\/2023\/12\/1-1.jpg",2000,1491,false]},"categories_names":{"3":{"name":"Not\u00edcias","link":"https:\/\/aeterrasave.net\/webmedia\/category\/noticias\/"}},"tags_names":[],"comments_number":0,"wpmagazine_modules_lite_featured_media_urls":{"thumbnail":["https:\/\/aeterrasave.net\/webmedia\/wp-content\/uploads\/2023\/12\/1-1-150x150.jpg",150,150,true],"cvmm-medium":["https:\/\/aeterrasave.net\/webmedia\/wp-content\/uploads\/2023\/12\/1-1.jpg",300,224,false],"cvmm-medium-plus":["https:\/\/aeterrasave.net\/webmedia\/wp-content\/uploads\/2023\/12\/1-1.jpg",278,207,false],"cvmm-portrait":["https:\/\/aeterrasave.net\/webmedia\/wp-content\/uploads\/2023\/12\/1-1.jpg",400,298,false],"cvmm-medium-square":["https:\/\/aeterrasave.net\/webmedia\/wp-content\/uploads\/2023\/12\/1-1.jpg",600,447,false],"cvmm-large":["https:\/\/aeterrasave.net\/webmedia\/wp-content\/uploads\/2023\/12\/1-1.jpg",1024,763,false],"cvmm-small":["https:\/\/aeterrasave.net\/webmedia\/wp-content\/uploads\/2023\/12\/1-1.jpg",127,95,false],"full":["https:\/\/aeterrasave.net\/webmedia\/wp-content\/uploads\/2023\/12\/1-1.jpg",2000,1491,false]},"_links":{"self":[{"href":"https:\/\/aeterrasave.net\/webmedia\/wp-json\/wp\/v2\/posts\/14200","targetHints":{"allow":["GET"]}}],"collection":[{"href":"https:\/\/aeterrasave.net\/webmedia\/wp-json\/wp\/v2\/posts"}],"about":[{"href":"https:\/\/aeterrasave.net\/webmedia\/wp-json\/wp\/v2\/types\/post"}],"author":[{"embeddable":true,"href":"https:\/\/aeterrasave.net\/webmedia\/wp-json\/wp\/v2\/users\/15"}],"replies":[{"embeddable":true,"href":"https:\/\/aeterrasave.net\/webmedia\/wp-json\/wp\/v2\/comments?post=14200"}],"version-history":[{"count":1,"href":"https:\/\/aeterrasave.net\/webmedia\/wp-json\/wp\/v2\/posts\/14200\/revisions"}],"predecessor-version":[{"id":14204,"href":"https:\/\/aeterrasave.net\/webmedia\/wp-json\/wp\/v2\/posts\/14200\/revisions\/14204"}],"wp:featuredmedia":[{"embeddable":true,"href":"https:\/\/aeterrasave.net\/webmedia\/wp-json\/wp\/v2\/media\/14202"}],"wp:attachment":[{"href":"https:\/\/aeterrasave.net\/webmedia\/wp-json\/wp\/v2\/media?parent=14200"}],"wp:term":[{"taxonomy":"category","embeddable":true,"href":"https:\/\/aeterrasave.net\/webmedia\/wp-json\/wp\/v2\/categories?post=14200"},{"taxonomy":"post_tag","embeddable":true,"href":"https:\/\/aeterrasave.net\/webmedia\/wp-json\/wp\/v2\/tags?post=14200"}],"curies":[{"name":"wp","href":"https:\/\/api.w.org\/{rel}","templated":true}]}}