{"id":14205,"date":"2023-12-08T18:13:30","date_gmt":"2023-12-08T17:13:30","guid":{"rendered":"https:\/\/aeterrasave.net\/webmedia\/?p=14205"},"modified":"2023-12-08T18:13:30","modified_gmt":"2023-12-08T17:13:30","slug":"tertulia-literaria-na-eb-de-casteloes","status":"publish","type":"post","link":"https:\/\/aeterrasave.net\/webmedia\/tertulia-literaria-na-eb-de-casteloes\/","title":{"rendered":"Tert\u00falia Liter\u00e1ria na EB de Castel\u00f5es"},"content":{"rendered":"\n<p>No dia 7 de dezembro, o final de uma tarde chuvosa transformou-se num momento de&nbsp; partilha de ideias e de emo\u00e7\u00f5es, na EB de Castel\u00f5es.<\/p>\n\n\n\n<p>\u00a0O \u201cProjeto Included\u201d tomou forma numa Tert\u00falia Liter\u00e1ria Dial\u00f3gica em que participaram convidados da comunidade educativa.\u00a0<\/p>\n\n\n\n<p>Um momento musical maravilhoso, iniciou e terminou este encontro, tornando-o ainda mais intimista.<\/p>\n\n\n\n<p>A Junta de Freguesia ofereceu uns docinhos e a escola serviu um saboroso ch\u00e1 de L\u00facia Lima colhido na hora, na hortinha da escola.<\/p>\n\n\n\n<p>A Tert\u00falia baseou-se num pequeno conto \u201cA rainha das abelhas\u201d da autoria dos\u201c Irm\u00e3os Grimm. Depois de uma leitura silenciosa envolta numa suave melodia, cada participante foi expressando o que \u00e0 mem\u00f3ria lhe surgia relativamente a uma frase, uma ideia, uma ila\u00e7\u00e3o retirada da leitura.<\/p>\n\n\n\n<p>Foi, sem d\u00favida, um conv\u00edvio muito agrad\u00e1vel, que enriqueceu cada um dos presentes.&nbsp;<\/p>\n\n\n\n<p>Experi\u00eancia a repetir!<\/p>\n\n\n\n<p>Muito obrigada a todos!<\/p>\n\n\n\n<figure class=\"wp-block-image size-large is-resized\"><img loading=\"lazy\" decoding=\"async\" width=\"1024\" height=\"1024\" src=\"https:\/\/aeterrasave.net\/webmedia\/wp-content\/uploads\/2023\/12\/20231208_170510-COLLAGE-1024x1024.jpg\" alt=\"\" class=\"wp-image-14207\" style=\"width:500px;height:auto\" srcset=\"https:\/\/aeterrasave.net\/webmedia\/wp-content\/uploads\/2023\/12\/20231208_170510-COLLAGE-1024x1024.jpg 1024w, https:\/\/aeterrasave.net\/webmedia\/wp-content\/uploads\/2023\/12\/20231208_170510-COLLAGE-400x400.jpg 400w, https:\/\/aeterrasave.net\/webmedia\/wp-content\/uploads\/2023\/12\/20231208_170510-COLLAGE-150x150.jpg 150w, https:\/\/aeterrasave.net\/webmedia\/wp-content\/uploads\/2023\/12\/20231208_170510-COLLAGE-768x768.jpg 768w, https:\/\/aeterrasave.net\/webmedia\/wp-content\/uploads\/2023\/12\/20231208_170510-COLLAGE-560x560.jpg 560w\" sizes=\"auto, (max-width: 1024px) 100vw, 1024px\" \/><\/figure>\n\n\n\n<figure class=\"wp-block-image size-large is-resized\"><img loading=\"lazy\" decoding=\"async\" width=\"1024\" height=\"1024\" src=\"https:\/\/aeterrasave.net\/webmedia\/wp-content\/uploads\/2023\/12\/20231208_171136-COLLAGE-1024x1024.jpg\" alt=\"\" class=\"wp-image-14208\" style=\"width:509px;height:auto\" srcset=\"https:\/\/aeterrasave.net\/webmedia\/wp-content\/uploads\/2023\/12\/20231208_171136-COLLAGE-1024x1024.jpg 1024w, https:\/\/aeterrasave.net\/webmedia\/wp-content\/uploads\/2023\/12\/20231208_171136-COLLAGE-400x400.jpg 400w, https:\/\/aeterrasave.net\/webmedia\/wp-content\/uploads\/2023\/12\/20231208_171136-COLLAGE-150x150.jpg 150w, https:\/\/aeterrasave.net\/webmedia\/wp-content\/uploads\/2023\/12\/20231208_171136-COLLAGE-768x768.jpg 768w, https:\/\/aeterrasave.net\/webmedia\/wp-content\/uploads\/2023\/12\/20231208_171136-COLLAGE-560x560.jpg 560w\" sizes=\"auto, (max-width: 1024px) 100vw, 1024px\" \/><\/figure>\n","protected":false},"excerpt":{"rendered":"<p>No dia 7 de dezembro, o final de uma tarde chuvosa transformou-se num momento de&nbsp; partilha de ideias e de emo\u00e7\u00f5es, na EB de Castel\u00f5es. \u00a0O \u201cProjeto Included\u201d tomou forma numa Tert\u00falia Liter\u00e1ria Dial\u00f3gica em que participaram convidados da comunidade educativa.\u00a0 Um momento musical maravilhoso, iniciou e terminou este encontro, tornando-o ainda mais intimista. A [&hellip;]<\/p>\n","protected":false},"author":5,"featured_media":14206,"comment_status":"closed","ping_status":"closed","sticky":false,"template":"","format":"standard","meta":{"_eb_attr":"","footnotes":""},"categories":[3],"tags":[],"class_list":["post-14205","post","type-post","status-publish","format-standard","has-post-thumbnail","hentry","category-noticias"],"blog_post_layout_featured_media_urls":{"thumbnail":["https:\/\/aeterrasave.net\/webmedia\/wp-content\/uploads\/2023\/12\/Foto-de-armindasiilva-12-150x150.jpg",150,150,true],"full":["https:\/\/aeterrasave.net\/webmedia\/wp-content\/uploads\/2023\/12\/Foto-de-armindasiilva-12.jpg",2048,1222,false]},"categories_names":{"3":{"name":"Not\u00edcias","link":"https:\/\/aeterrasave.net\/webmedia\/category\/noticias\/"}},"tags_names":[],"comments_number":0,"wpmagazine_modules_lite_featured_media_urls":{"thumbnail":["https:\/\/aeterrasave.net\/webmedia\/wp-content\/uploads\/2023\/12\/Foto-de-armindasiilva-12-150x150.jpg",150,150,true],"cvmm-medium":["https:\/\/aeterrasave.net\/webmedia\/wp-content\/uploads\/2023\/12\/Foto-de-armindasiilva-12.jpg",300,179,false],"cvmm-medium-plus":["https:\/\/aeterrasave.net\/webmedia\/wp-content\/uploads\/2023\/12\/Foto-de-armindasiilva-12.jpg",305,182,false],"cvmm-portrait":["https:\/\/aeterrasave.net\/webmedia\/wp-content\/uploads\/2023\/12\/Foto-de-armindasiilva-12.jpg",400,239,false],"cvmm-medium-square":["https:\/\/aeterrasave.net\/webmedia\/wp-content\/uploads\/2023\/12\/Foto-de-armindasiilva-12.jpg",600,358,false],"cvmm-large":["https:\/\/aeterrasave.net\/webmedia\/wp-content\/uploads\/2023\/12\/Foto-de-armindasiilva-12.jpg",1024,611,false],"cvmm-small":["https:\/\/aeterrasave.net\/webmedia\/wp-content\/uploads\/2023\/12\/Foto-de-armindasiilva-12.jpg",130,78,false],"full":["https:\/\/aeterrasave.net\/webmedia\/wp-content\/uploads\/2023\/12\/Foto-de-armindasiilva-12.jpg",2048,1222,false]},"_links":{"self":[{"href":"https:\/\/aeterrasave.net\/webmedia\/wp-json\/wp\/v2\/posts\/14205","targetHints":{"allow":["GET"]}}],"collection":[{"href":"https:\/\/aeterrasave.net\/webmedia\/wp-json\/wp\/v2\/posts"}],"about":[{"href":"https:\/\/aeterrasave.net\/webmedia\/wp-json\/wp\/v2\/types\/post"}],"author":[{"embeddable":true,"href":"https:\/\/aeterrasave.net\/webmedia\/wp-json\/wp\/v2\/users\/5"}],"replies":[{"embeddable":true,"href":"https:\/\/aeterrasave.net\/webmedia\/wp-json\/wp\/v2\/comments?post=14205"}],"version-history":[{"count":1,"href":"https:\/\/aeterrasave.net\/webmedia\/wp-json\/wp\/v2\/posts\/14205\/revisions"}],"predecessor-version":[{"id":14209,"href":"https:\/\/aeterrasave.net\/webmedia\/wp-json\/wp\/v2\/posts\/14205\/revisions\/14209"}],"wp:featuredmedia":[{"embeddable":true,"href":"https:\/\/aeterrasave.net\/webmedia\/wp-json\/wp\/v2\/media\/14206"}],"wp:attachment":[{"href":"https:\/\/aeterrasave.net\/webmedia\/wp-json\/wp\/v2\/media?parent=14205"}],"wp:term":[{"taxonomy":"category","embeddable":true,"href":"https:\/\/aeterrasave.net\/webmedia\/wp-json\/wp\/v2\/categories?post=14205"},{"taxonomy":"post_tag","embeddable":true,"href":"https:\/\/aeterrasave.net\/webmedia\/wp-json\/wp\/v2\/tags?post=14205"}],"curies":[{"name":"wp","href":"https:\/\/api.w.org\/{rel}","templated":true}]}}