{"id":14348,"date":"2023-12-15T23:34:59","date_gmt":"2023-12-15T22:34:59","guid":{"rendered":"https:\/\/aeterrasave.net\/webmedia\/?p=14348"},"modified":"2023-12-15T23:34:59","modified_gmt":"2023-12-15T22:34:59","slug":"ji-eb-da-carreira-na-cidade-natal","status":"publish","type":"post","link":"https:\/\/aeterrasave.net\/webmedia\/ji-eb-da-carreira-na-cidade-natal\/","title":{"rendered":"JI\/EB da Carreira na Cidade Natal"},"content":{"rendered":"\n<p>Foi no dia 14 de dezembro, que os alunos do JI\/EB de Carreira e Bente comemoraram o Natal, com uma visita \u00e0 cidade de Vila Nova de Famalic\u00e3o. As crian\u00e7as assistiram, na Casa das Artes, ao encantador espet\u00e1culo, \u201cA Branca de Neve\u201d. Almo\u00e7aram no \u201cMcDonald\u00b4s\u201d e disfrutaram das divers\u00f5es existentes na cidade, nesta \u00e9poca natal\u00edcia. Visitaram o mercado de Natal e sentiram a magia desta encantadora \u00e9poca do ano. Um agradecimento especial \u00e0 nossa Associa\u00e7\u00e3o de Pais que contribuiu para que as nossas crian\u00e7as tivessem um dia divertido, especial e inesquec\u00edvel.<\/p>\n\n\n\n<figure class=\"wp-block-image size-full is-resized\"><img loading=\"lazy\" decoding=\"async\" width=\"640\" height=\"480\" src=\"https:\/\/aeterrasave.net\/webmedia\/wp-content\/uploads\/2023\/12\/Casa-das-artes.jpg-1.jpg\" alt=\"\" class=\"wp-image-14350\" style=\"width:840px;height:auto\" srcset=\"https:\/\/aeterrasave.net\/webmedia\/wp-content\/uploads\/2023\/12\/Casa-das-artes.jpg-1.jpg 640w, https:\/\/aeterrasave.net\/webmedia\/wp-content\/uploads\/2023\/12\/Casa-das-artes.jpg-1-400x300.jpg 400w, https:\/\/aeterrasave.net\/webmedia\/wp-content\/uploads\/2023\/12\/Casa-das-artes.jpg-1-560x420.jpg 560w\" sizes=\"auto, (max-width: 640px) 100vw, 640px\" \/><\/figure>\n\n\n\n<figure class=\"wp-block-image size-full is-resized\"><img loading=\"lazy\" decoding=\"async\" width=\"480\" height=\"640\" src=\"https:\/\/aeterrasave.net\/webmedia\/wp-content\/uploads\/2023\/12\/carrocel.jpg\" alt=\"\" class=\"wp-image-14351\" style=\"width:841px;height:auto\" srcset=\"https:\/\/aeterrasave.net\/webmedia\/wp-content\/uploads\/2023\/12\/carrocel.jpg 480w, https:\/\/aeterrasave.net\/webmedia\/wp-content\/uploads\/2023\/12\/carrocel-300x400.jpg 300w\" sizes=\"auto, (max-width: 480px) 100vw, 480px\" \/><\/figure>\n\n\n\n<figure class=\"wp-block-image size-large is-resized\"><img loading=\"lazy\" decoding=\"async\" width=\"765\" height=\"1024\" src=\"https:\/\/aeterrasave.net\/webmedia\/wp-content\/uploads\/2023\/12\/comboio-765x1024.jpg\" alt=\"\" class=\"wp-image-14354\" style=\"width:843px;height:auto\" srcset=\"https:\/\/aeterrasave.net\/webmedia\/wp-content\/uploads\/2023\/12\/comboio-765x1024.jpg 765w, https:\/\/aeterrasave.net\/webmedia\/wp-content\/uploads\/2023\/12\/comboio-299x400.jpg 299w, https:\/\/aeterrasave.net\/webmedia\/wp-content\/uploads\/2023\/12\/comboio-768x1027.jpg 768w, https:\/\/aeterrasave.net\/webmedia\/wp-content\/uploads\/2023\/12\/comboio-560x749.jpg 560w, https:\/\/aeterrasave.net\/webmedia\/wp-content\/uploads\/2023\/12\/comboio.jpg 1196w\" sizes=\"auto, (max-width: 765px) 100vw, 765px\" \/><\/figure>\n","protected":false},"excerpt":{"rendered":"<p>Foi no dia 14 de dezembro, que os alunos do JI\/EB de Carreira e Bente comemoraram o Natal, com uma visita \u00e0 cidade de Vila Nova de Famalic\u00e3o. As crian\u00e7as assistiram, na Casa das Artes, ao encantador espet\u00e1culo, \u201cA Branca de Neve\u201d. Almo\u00e7aram no \u201cMcDonald\u00b4s\u201d e disfrutaram das divers\u00f5es existentes na cidade, nesta \u00e9poca natal\u00edcia. [&hellip;]<\/p>\n","protected":false},"author":4,"featured_media":14349,"comment_status":"closed","ping_status":"closed","sticky":false,"template":"","format":"standard","meta":{"_eb_attr":"","footnotes":""},"categories":[3],"tags":[],"class_list":["post-14348","post","type-post","status-publish","format-standard","has-post-thumbnail","hentry","category-noticias"],"blog_post_layout_featured_media_urls":{"thumbnail":["https:\/\/aeterrasave.net\/webmedia\/wp-content\/uploads\/2023\/12\/Casa-das-artes-150x150.jpg",150,150,true],"full":["https:\/\/aeterrasave.net\/webmedia\/wp-content\/uploads\/2023\/12\/Casa-das-artes.jpg",640,480,false]},"categories_names":{"3":{"name":"Not\u00edcias","link":"https:\/\/aeterrasave.net\/webmedia\/category\/noticias\/"}},"tags_names":[],"comments_number":0,"wpmagazine_modules_lite_featured_media_urls":{"thumbnail":["https:\/\/aeterrasave.net\/webmedia\/wp-content\/uploads\/2023\/12\/Casa-das-artes-150x150.jpg",150,150,true],"cvmm-medium":["https:\/\/aeterrasave.net\/webmedia\/wp-content\/uploads\/2023\/12\/Casa-das-artes.jpg",300,225,false],"cvmm-medium-plus":["https:\/\/aeterrasave.net\/webmedia\/wp-content\/uploads\/2023\/12\/Casa-das-artes.jpg",276,207,false],"cvmm-portrait":["https:\/\/aeterrasave.net\/webmedia\/wp-content\/uploads\/2023\/12\/Casa-das-artes.jpg",400,300,false],"cvmm-medium-square":["https:\/\/aeterrasave.net\/webmedia\/wp-content\/uploads\/2023\/12\/Casa-das-artes.jpg",600,450,false],"cvmm-large":["https:\/\/aeterrasave.net\/webmedia\/wp-content\/uploads\/2023\/12\/Casa-das-artes.jpg",640,480,false],"cvmm-small":["https:\/\/aeterrasave.net\/webmedia\/wp-content\/uploads\/2023\/12\/Casa-das-artes.jpg",127,95,false],"full":["https:\/\/aeterrasave.net\/webmedia\/wp-content\/uploads\/2023\/12\/Casa-das-artes.jpg",640,480,false]},"_links":{"self":[{"href":"https:\/\/aeterrasave.net\/webmedia\/wp-json\/wp\/v2\/posts\/14348","targetHints":{"allow":["GET"]}}],"collection":[{"href":"https:\/\/aeterrasave.net\/webmedia\/wp-json\/wp\/v2\/posts"}],"about":[{"href":"https:\/\/aeterrasave.net\/webmedia\/wp-json\/wp\/v2\/types\/post"}],"author":[{"embeddable":true,"href":"https:\/\/aeterrasave.net\/webmedia\/wp-json\/wp\/v2\/users\/4"}],"replies":[{"embeddable":true,"href":"https:\/\/aeterrasave.net\/webmedia\/wp-json\/wp\/v2\/comments?post=14348"}],"version-history":[{"count":1,"href":"https:\/\/aeterrasave.net\/webmedia\/wp-json\/wp\/v2\/posts\/14348\/revisions"}],"predecessor-version":[{"id":14355,"href":"https:\/\/aeterrasave.net\/webmedia\/wp-json\/wp\/v2\/posts\/14348\/revisions\/14355"}],"wp:featuredmedia":[{"embeddable":true,"href":"https:\/\/aeterrasave.net\/webmedia\/wp-json\/wp\/v2\/media\/14349"}],"wp:attachment":[{"href":"https:\/\/aeterrasave.net\/webmedia\/wp-json\/wp\/v2\/media?parent=14348"}],"wp:term":[{"taxonomy":"category","embeddable":true,"href":"https:\/\/aeterrasave.net\/webmedia\/wp-json\/wp\/v2\/categories?post=14348"},{"taxonomy":"post_tag","embeddable":true,"href":"https:\/\/aeterrasave.net\/webmedia\/wp-json\/wp\/v2\/tags?post=14348"}],"curies":[{"name":"wp","href":"https:\/\/api.w.org\/{rel}","templated":true}]}}