{"id":14399,"date":"2023-12-18T12:26:27","date_gmt":"2023-12-18T11:26:27","guid":{"rendered":"https:\/\/aeterrasave.net\/webmedia\/?p=14399"},"modified":"2023-12-18T14:54:46","modified_gmt":"2023-12-18T13:54:46","slug":"v-curriculo-a-mesa-o-1-o-ciclo-do-ensino-basico-particularidades-curriculares-e-organizacionais","status":"publish","type":"post","link":"https:\/\/aeterrasave.net\/webmedia\/v-curriculo-a-mesa-o-1-o-ciclo-do-ensino-basico-particularidades-curriculares-e-organizacionais\/","title":{"rendered":"V Curr\u00edculo \u00e0 mesa \u2013 O 1.\u00ba Ciclo do Ensino B\u00e1sico: particularidades curriculares e organizacionais"},"content":{"rendered":"\n<p>No dia 14 de dezembro, o Agrupamento de Escolas Terras do Ave esteve representado no Instituto Polit\u00e9cnico do Porto, pela coordenadora do 1.\u00ba CEB Isabel Correia, numa aula aberta intitulada \u201cV Curr\u00edculo \u00e0 mesa \u2013 O 1.\u00ba Ciclo do Ensino B\u00e1sico: particularidades curriculares e organizacionais\u201d, a convite do professor doutor Pedro Duarte, docente investigador da Escola Superior de Educa\u00e7\u00e3o deste instituto.<\/p>\n\n\n\n<p>Numa conversa descontra\u00edda, foram partilhadas pr\u00e1ticas pedag\u00f3gicas implementadas pelos docentes do 1.\u00ba CEB, que t\u00eam vindo a promover de forma muito significativa a participa\u00e7\u00e3o e o envolvimento dos alunos tanto na avalia\u00e7\u00e3o pedag\u00f3gica como na vida da escola. <\/p>\n\n\n\n<p>Isabel Correia destacou algumas especificidades do 1.\u00ba CEB do AE Terras Ave, como uma mais-valia para o desenvolvimento integral dos alunos. A destacar, o hor\u00e1rio com a componente letiva concentrada no per\u00edodo da manh\u00e3, a oportunidade de trabalhar diferentes \u00e1reas do conhecimento na Oferta Complementar (Ci\u00eancias Experimentais e Programa\u00e7\u00e3o e Rob\u00f3tica), o projeto Mente Feliz, para al\u00e9m do Ensino Bilingue em Ingl\u00eas.<\/p>\n\n\n\n<p>Ficou claro para os participantes, alunos da forma\u00e7\u00e3o inicial de professores, que o AE Terras do Ave tem vindo a construir uma identidade pr\u00f3pria pelas op\u00e7\u00f5es curriculares e organizacionais que tem vindo a implementar.<\/p>\n\n\n\n<p>Por fim, foram levantadas algumas quest\u00f5es, nomeadamente sobre a pouca representatividade do 1.\u00ba CEB no nosso pa\u00eds, ao n\u00edvel das estruturas de decis\u00e3o, relativamente a outros n\u00edveis de ensino, o que obriga este departamento a um esfor\u00e7o acrescido para se afirmar em todas as suas especificidades.<\/p>\n","protected":false},"excerpt":{"rendered":"<p>No dia 14 de dezembro, o Agrupamento de Escolas Terras do Ave esteve representado no Instituto Polit\u00e9cnico do Porto, pela coordenadora do 1.\u00ba CEB Isabel Correia, numa aula aberta intitulada \u201cV Curr\u00edculo \u00e0 mesa \u2013 O 1.\u00ba Ciclo do Ensino B\u00e1sico: particularidades curriculares e organizacionais\u201d, a convite do professor doutor Pedro Duarte, docente investigador da [&hellip;]<\/p>\n","protected":false},"author":7,"featured_media":14423,"comment_status":"closed","ping_status":"closed","sticky":false,"template":"","format":"standard","meta":{"_eb_attr":"","footnotes":""},"categories":[3],"tags":[],"class_list":["post-14399","post","type-post","status-publish","format-standard","has-post-thumbnail","hentry","category-noticias"],"blog_post_layout_featured_media_urls":{"thumbnail":["https:\/\/aeterrasave.net\/webmedia\/wp-content\/uploads\/2023\/12\/Principal-1-150x150.jpg",150,150,true],"full":["https:\/\/aeterrasave.net\/webmedia\/wp-content\/uploads\/2023\/12\/Principal-1.jpg",1179,630,false]},"categories_names":{"3":{"name":"Not\u00edcias","link":"https:\/\/aeterrasave.net\/webmedia\/category\/noticias\/"}},"tags_names":[],"comments_number":0,"wpmagazine_modules_lite_featured_media_urls":{"thumbnail":["https:\/\/aeterrasave.net\/webmedia\/wp-content\/uploads\/2023\/12\/Principal-1-150x150.jpg",150,150,true],"cvmm-medium":["https:\/\/aeterrasave.net\/webmedia\/wp-content\/uploads\/2023\/12\/Principal-1.jpg",300,160,false],"cvmm-medium-plus":["https:\/\/aeterrasave.net\/webmedia\/wp-content\/uploads\/2023\/12\/Principal-1.jpg",305,163,false],"cvmm-portrait":["https:\/\/aeterrasave.net\/webmedia\/wp-content\/uploads\/2023\/12\/Principal-1.jpg",400,214,false],"cvmm-medium-square":["https:\/\/aeterrasave.net\/webmedia\/wp-content\/uploads\/2023\/12\/Principal-1.jpg",600,321,false],"cvmm-large":["https:\/\/aeterrasave.net\/webmedia\/wp-content\/uploads\/2023\/12\/Principal-1.jpg",1024,547,false],"cvmm-small":["https:\/\/aeterrasave.net\/webmedia\/wp-content\/uploads\/2023\/12\/Principal-1.jpg",130,69,false],"full":["https:\/\/aeterrasave.net\/webmedia\/wp-content\/uploads\/2023\/12\/Principal-1.jpg",1179,630,false]},"_links":{"self":[{"href":"https:\/\/aeterrasave.net\/webmedia\/wp-json\/wp\/v2\/posts\/14399","targetHints":{"allow":["GET"]}}],"collection":[{"href":"https:\/\/aeterrasave.net\/webmedia\/wp-json\/wp\/v2\/posts"}],"about":[{"href":"https:\/\/aeterrasave.net\/webmedia\/wp-json\/wp\/v2\/types\/post"}],"author":[{"embeddable":true,"href":"https:\/\/aeterrasave.net\/webmedia\/wp-json\/wp\/v2\/users\/7"}],"replies":[{"embeddable":true,"href":"https:\/\/aeterrasave.net\/webmedia\/wp-json\/wp\/v2\/comments?post=14399"}],"version-history":[{"count":13,"href":"https:\/\/aeterrasave.net\/webmedia\/wp-json\/wp\/v2\/posts\/14399\/revisions"}],"predecessor-version":[{"id":14442,"href":"https:\/\/aeterrasave.net\/webmedia\/wp-json\/wp\/v2\/posts\/14399\/revisions\/14442"}],"wp:featuredmedia":[{"embeddable":true,"href":"https:\/\/aeterrasave.net\/webmedia\/wp-json\/wp\/v2\/media\/14423"}],"wp:attachment":[{"href":"https:\/\/aeterrasave.net\/webmedia\/wp-json\/wp\/v2\/media?parent=14399"}],"wp:term":[{"taxonomy":"category","embeddable":true,"href":"https:\/\/aeterrasave.net\/webmedia\/wp-json\/wp\/v2\/categories?post=14399"},{"taxonomy":"post_tag","embeddable":true,"href":"https:\/\/aeterrasave.net\/webmedia\/wp-json\/wp\/v2\/tags?post=14399"}],"curies":[{"name":"wp","href":"https:\/\/api.w.org\/{rel}","templated":true}]}}