{"id":14495,"date":"2024-01-10T20:20:43","date_gmt":"2024-01-10T19:20:43","guid":{"rendered":"https:\/\/aeterrasave.net\/webmedia\/?p=14495"},"modified":"2024-01-10T20:20:43","modified_gmt":"2024-01-10T19:20:43","slug":"envolvimento-parental-as-profissoes-dos-nossos-pais","status":"publish","type":"post","link":"https:\/\/aeterrasave.net\/webmedia\/envolvimento-parental-as-profissoes-dos-nossos-pais\/","title":{"rendered":"Envolvimento parental: &#8220;As profiss\u00f5es dos nossos pais&#8221;"},"content":{"rendered":"\n<p>Nos dias 9 e 10 de janeiro, a turma do 1.\u00ba ano, da <strong><em>Escola B\u00e1sica de Oliveira S\u00e3o Mateus<\/em> <\/strong>recebeu a visita dos Encarregados de Educa\u00e7\u00e3o das alunas Isabella Ferreira e Matilde Carneiro.<br>Nestas visitas os pais falaram sobre as respetivas profiss\u00f5es, apresentando fotografias e descrevendo detalhadamente as tarefas que desempenham no seu dia a dia, as dificuldades que sentem decorrentes da profiss\u00e3o, bem como, a parte agrad\u00e1vel das mesmas.<br>Um dos encarregados de educa\u00e7\u00e3o concluiu a sua apresenta\u00e7\u00e3o mostrando os cuidados de seguran\u00e7a a ter na profiss\u00e3o que desempenha.<br>Os alunos demonstraram interesse e entusiasmo nas apresenta\u00e7\u00f5es colocando quest\u00f5es, levantando d\u00favidas e envolvendo-se na &#8220;discuss\u00e3o&#8221; dos temas abordados.<\/p>\n\n\n<figure class=\"wp-block-post-featured-image\"><img loading=\"lazy\" decoding=\"async\" width=\"1320\" height=\"990\" src=\"https:\/\/aeterrasave.net\/webmedia\/wp-content\/uploads\/2024\/01\/IMG_20240110_093355.jpg\" class=\"attachment-post-thumbnail size-post-thumbnail wp-post-image\" alt=\"\" style=\"object-fit:cover;\" srcset=\"https:\/\/aeterrasave.net\/webmedia\/wp-content\/uploads\/2024\/01\/IMG_20240110_093355.jpg 1320w, https:\/\/aeterrasave.net\/webmedia\/wp-content\/uploads\/2024\/01\/IMG_20240110_093355-400x300.jpg 400w, https:\/\/aeterrasave.net\/webmedia\/wp-content\/uploads\/2024\/01\/IMG_20240110_093355-1024x768.jpg 1024w, https:\/\/aeterrasave.net\/webmedia\/wp-content\/uploads\/2024\/01\/IMG_20240110_093355-768x576.jpg 768w, https:\/\/aeterrasave.net\/webmedia\/wp-content\/uploads\/2024\/01\/IMG_20240110_093355-560x420.jpg 560w\" sizes=\"auto, (max-width: 1320px) 100vw, 1320px\" \/><\/figure>\n\n\n<figure class=\"wp-block-image size-large\"><img loading=\"lazy\" decoding=\"async\" width=\"1024\" height=\"768\" src=\"https:\/\/aeterrasave.net\/webmedia\/wp-content\/uploads\/2024\/01\/IMG_20240109_085755-1024x768.jpg\" alt=\"\" class=\"wp-image-14497\" srcset=\"https:\/\/aeterrasave.net\/webmedia\/wp-content\/uploads\/2024\/01\/IMG_20240109_085755-1024x768.jpg 1024w, https:\/\/aeterrasave.net\/webmedia\/wp-content\/uploads\/2024\/01\/IMG_20240109_085755-400x300.jpg 400w, https:\/\/aeterrasave.net\/webmedia\/wp-content\/uploads\/2024\/01\/IMG_20240109_085755-768x576.jpg 768w, https:\/\/aeterrasave.net\/webmedia\/wp-content\/uploads\/2024\/01\/IMG_20240109_085755-560x420.jpg 560w, https:\/\/aeterrasave.net\/webmedia\/wp-content\/uploads\/2024\/01\/IMG_20240109_085755.jpg 1320w\" sizes=\"auto, (max-width: 1024px) 100vw, 1024px\" \/><\/figure>\n","protected":false},"excerpt":{"rendered":"<p>Nos dias 9 e 10 de janeiro, a turma do 1.\u00ba ano, da Escola B\u00e1sica de Oliveira S\u00e3o Mateus recebeu a visita dos Encarregados de Educa\u00e7\u00e3o das alunas Isabella Ferreira e Matilde Carneiro.Nestas visitas os pais falaram sobre as respetivas profiss\u00f5es, apresentando fotografias e descrevendo detalhadamente as tarefas que desempenham no seu dia a dia, [&hellip;]<\/p>\n","protected":false},"author":11,"featured_media":14496,"comment_status":"closed","ping_status":"closed","sticky":false,"template":"","format":"standard","meta":{"_eb_attr":"","footnotes":""},"categories":[3],"tags":[],"class_list":["post-14495","post","type-post","status-publish","format-standard","has-post-thumbnail","hentry","category-noticias"],"blog_post_layout_featured_media_urls":{"thumbnail":["https:\/\/aeterrasave.net\/webmedia\/wp-content\/uploads\/2024\/01\/IMG_20240110_093355-150x150.jpg",150,150,true],"full":["https:\/\/aeterrasave.net\/webmedia\/wp-content\/uploads\/2024\/01\/IMG_20240110_093355.jpg",1320,990,false]},"categories_names":{"3":{"name":"Not\u00edcias","link":"https:\/\/aeterrasave.net\/webmedia\/category\/noticias\/"}},"tags_names":[],"comments_number":0,"wpmagazine_modules_lite_featured_media_urls":{"thumbnail":["https:\/\/aeterrasave.net\/webmedia\/wp-content\/uploads\/2024\/01\/IMG_20240110_093355-150x150.jpg",150,150,true],"cvmm-medium":["https:\/\/aeterrasave.net\/webmedia\/wp-content\/uploads\/2024\/01\/IMG_20240110_093355.jpg",300,225,false],"cvmm-medium-plus":["https:\/\/aeterrasave.net\/webmedia\/wp-content\/uploads\/2024\/01\/IMG_20240110_093355.jpg",276,207,false],"cvmm-portrait":["https:\/\/aeterrasave.net\/webmedia\/wp-content\/uploads\/2024\/01\/IMG_20240110_093355.jpg",400,300,false],"cvmm-medium-square":["https:\/\/aeterrasave.net\/webmedia\/wp-content\/uploads\/2024\/01\/IMG_20240110_093355.jpg",600,450,false],"cvmm-large":["https:\/\/aeterrasave.net\/webmedia\/wp-content\/uploads\/2024\/01\/IMG_20240110_093355.jpg",1024,768,false],"cvmm-small":["https:\/\/aeterrasave.net\/webmedia\/wp-content\/uploads\/2024\/01\/IMG_20240110_093355.jpg",127,95,false],"full":["https:\/\/aeterrasave.net\/webmedia\/wp-content\/uploads\/2024\/01\/IMG_20240110_093355.jpg",1320,990,false]},"_links":{"self":[{"href":"https:\/\/aeterrasave.net\/webmedia\/wp-json\/wp\/v2\/posts\/14495","targetHints":{"allow":["GET"]}}],"collection":[{"href":"https:\/\/aeterrasave.net\/webmedia\/wp-json\/wp\/v2\/posts"}],"about":[{"href":"https:\/\/aeterrasave.net\/webmedia\/wp-json\/wp\/v2\/types\/post"}],"author":[{"embeddable":true,"href":"https:\/\/aeterrasave.net\/webmedia\/wp-json\/wp\/v2\/users\/11"}],"replies":[{"embeddable":true,"href":"https:\/\/aeterrasave.net\/webmedia\/wp-json\/wp\/v2\/comments?post=14495"}],"version-history":[{"count":1,"href":"https:\/\/aeterrasave.net\/webmedia\/wp-json\/wp\/v2\/posts\/14495\/revisions"}],"predecessor-version":[{"id":14498,"href":"https:\/\/aeterrasave.net\/webmedia\/wp-json\/wp\/v2\/posts\/14495\/revisions\/14498"}],"wp:featuredmedia":[{"embeddable":true,"href":"https:\/\/aeterrasave.net\/webmedia\/wp-json\/wp\/v2\/media\/14496"}],"wp:attachment":[{"href":"https:\/\/aeterrasave.net\/webmedia\/wp-json\/wp\/v2\/media?parent=14495"}],"wp:term":[{"taxonomy":"category","embeddable":true,"href":"https:\/\/aeterrasave.net\/webmedia\/wp-json\/wp\/v2\/categories?post=14495"},{"taxonomy":"post_tag","embeddable":true,"href":"https:\/\/aeterrasave.net\/webmedia\/wp-json\/wp\/v2\/tags?post=14495"}],"curies":[{"name":"wp","href":"https:\/\/api.w.org\/{rel}","templated":true}]}}