{"id":14673,"date":"2024-01-19T18:00:02","date_gmt":"2024-01-19T17:00:02","guid":{"rendered":"https:\/\/aeterrasave.net\/webmedia\/?p=14673"},"modified":"2024-01-19T18:34:21","modified_gmt":"2024-01-19T17:34:21","slug":"reuniao-estrategica-com-alunos","status":"publish","type":"post","link":"https:\/\/aeterrasave.net\/webmedia\/reuniao-estrategica-com-alunos\/","title":{"rendered":"Reuni\u00e3o Estrat\u00e9gica com alunos"},"content":{"rendered":"\n<p>Decorreu no passado dia 18 de janeiro a 1.\u00aa reuni\u00e3o estrat\u00e9gica com os delegados de todas as turmas do AE Terras do Ave, na sede do agrupamento. O objetivo, de acordo com a dire\u00e7\u00e3o, \u00e9 conhecer a opini\u00e3o dos alunos acerca dos pontos fortes e a melhorar. Todos puderam apresentar as quest\u00f5es que entenderam. Mas, para al\u00e9m de apontar os problemas, foram convidados a sugerir solu\u00e7\u00f5es.<\/p>\n\n\n\n<p>O transporte dos alunos foi organizado pela UAP e apoiado pelas Associa\u00e7\u00f5es de Pais do Agrupamento.&nbsp;<\/p>\n\n\n\n<p>O encontro, que envolveu 50 alunos desde o 3\u00ba ao 9\u00ba anos.<\/p>\n\n\n\n<p>Foi explorado o significado do log\u00f3tipo do agrupamento, a imagem que \u00e9 sin\u00f3nimo da \u201cnossa identidade\u201d. As linhas representam o rio Ave; a falha na linha \u00e9 a ponte que liga as margens,  os 4 ciclos de ensino e os&nbsp;diferentes estabelecimentos&nbsp;de ensino. O desenho da linha desenha as letras iniciais do nome do agrupamento. Os c\u00edrculos coloridos s\u00e3o os 4 ciclos: pr\u00e9-escolar, primeiro, segundo e terceiro ciclos.<\/p>\n\n\n\n<p>A reuni\u00e3o estrat\u00e9gica teve dois prop\u00f3sitos. Em primeiro lugar, apresentar aos alunos do primeiro ciclo a oferta curricular e extracurricular que podem encontrar na EB Terras do Ave. Depois, atrav\u00e9s de um trabalho colaborativo, todos os grupos, atrav\u00e9s de um porta voz, expuseram as suas opini\u00f5es acerca do funcionamento das escolas.  <\/p>\n\n\n\n<p>Como os alunos tinham feito o \u201ctrabalho de casa\u201d, ou seja, tinham auscultado os colegas de turma, traziam apontamentos das situa\u00e7\u00f5es que gostariam de ver melhoradas nas suas escolas, as quais foram partilhadas em grupo.&nbsp;Das situa\u00e7\u00f5es apresentadas, algumas est\u00e3o ao alcance de serem resolvidas, e ser\u00e3o, mas h\u00e1 outras que n\u00e3o, nomeadamente as obras. Por isso, Alberto Costa concluiu a reuni\u00e3o referindo que&nbsp; aquela foi uma \u201csess\u00e3o muito produtiva e vamos resolver as quest\u00f5es o melhor poss\u00edvel\u201d, mas deixou uma recomenda\u00e7\u00e3o: \u201ctodas as escolas s\u00e3o nossas e o principal agente \u00e9 cada um de n\u00f3s\u201d.&nbsp;<\/p>\n\n\n\n<p>Satisfeitos com o seu papel, e a sensa\u00e7\u00e3o de dever cumprido cada delegado ficou de levar para a sua turma, as conclus\u00f5es da reuni\u00e3o estrat\u00e9gica.<\/p>\n\n\n\n<figure class=\"wp-block-image size-full\"><img loading=\"lazy\" decoding=\"async\" width=\"1024\" height=\"576\" src=\"https:\/\/aeterrasave.net\/webmedia\/wp-content\/uploads\/2024\/01\/delegados-1.jpg\" alt=\"\" class=\"wp-image-14675\" srcset=\"https:\/\/aeterrasave.net\/webmedia\/wp-content\/uploads\/2024\/01\/delegados-1.jpg 1024w, https:\/\/aeterrasave.net\/webmedia\/wp-content\/uploads\/2024\/01\/delegados-1-400x225.jpg 400w, https:\/\/aeterrasave.net\/webmedia\/wp-content\/uploads\/2024\/01\/delegados-1-768x432.jpg 768w, https:\/\/aeterrasave.net\/webmedia\/wp-content\/uploads\/2024\/01\/delegados-1-560x315.jpg 560w\" sizes=\"auto, (max-width: 1024px) 100vw, 1024px\" \/><\/figure>\n\n\n\n<figure class=\"wp-block-image size-large\"><img loading=\"lazy\" decoding=\"async\" width=\"1024\" height=\"768\" src=\"https:\/\/aeterrasave.net\/webmedia\/wp-content\/uploads\/2024\/01\/Imagem-WhatsApp-2024-01-18-as-22.01.47_1a02267a-1024x768.jpg\" alt=\"\" class=\"wp-image-14677\" srcset=\"https:\/\/aeterrasave.net\/webmedia\/wp-content\/uploads\/2024\/01\/Imagem-WhatsApp-2024-01-18-as-22.01.47_1a02267a-1024x768.jpg 1024w, https:\/\/aeterrasave.net\/webmedia\/wp-content\/uploads\/2024\/01\/Imagem-WhatsApp-2024-01-18-as-22.01.47_1a02267a-400x300.jpg 400w, https:\/\/aeterrasave.net\/webmedia\/wp-content\/uploads\/2024\/01\/Imagem-WhatsApp-2024-01-18-as-22.01.47_1a02267a-768x576.jpg 768w, https:\/\/aeterrasave.net\/webmedia\/wp-content\/uploads\/2024\/01\/Imagem-WhatsApp-2024-01-18-as-22.01.47_1a02267a-560x420.jpg 560w, https:\/\/aeterrasave.net\/webmedia\/wp-content\/uploads\/2024\/01\/Imagem-WhatsApp-2024-01-18-as-22.01.47_1a02267a.jpg 1286w\" sizes=\"auto, (max-width: 1024px) 100vw, 1024px\" \/><\/figure>\n\n\n\n<figure class=\"wp-block-image size-large\"><img loading=\"lazy\" decoding=\"async\" width=\"1024\" height=\"768\" src=\"https:\/\/aeterrasave.net\/webmedia\/wp-content\/uploads\/2024\/01\/Imagem-WhatsApp-2024-01-18-as-22.01.38_1097b7c0-1024x768.jpg\" alt=\"\" class=\"wp-image-14679\" srcset=\"https:\/\/aeterrasave.net\/webmedia\/wp-content\/uploads\/2024\/01\/Imagem-WhatsApp-2024-01-18-as-22.01.38_1097b7c0-1024x768.jpg 1024w, https:\/\/aeterrasave.net\/webmedia\/wp-content\/uploads\/2024\/01\/Imagem-WhatsApp-2024-01-18-as-22.01.38_1097b7c0-400x300.jpg 400w, https:\/\/aeterrasave.net\/webmedia\/wp-content\/uploads\/2024\/01\/Imagem-WhatsApp-2024-01-18-as-22.01.38_1097b7c0-768x576.jpg 768w, https:\/\/aeterrasave.net\/webmedia\/wp-content\/uploads\/2024\/01\/Imagem-WhatsApp-2024-01-18-as-22.01.38_1097b7c0-560x420.jpg 560w, https:\/\/aeterrasave.net\/webmedia\/wp-content\/uploads\/2024\/01\/Imagem-WhatsApp-2024-01-18-as-22.01.38_1097b7c0.jpg 1286w\" sizes=\"auto, (max-width: 1024px) 100vw, 1024px\" \/><\/figure>\n","protected":false},"excerpt":{"rendered":"<p>Decorreu no passado dia 18 de janeiro a 1.\u00aa reuni\u00e3o estrat\u00e9gica com os delegados de todas as turmas do AE Terras do Ave, na sede do agrupamento. O objetivo, de acordo com a dire\u00e7\u00e3o, \u00e9 conhecer a opini\u00e3o dos alunos acerca dos pontos fortes e a melhorar. Todos puderam apresentar as quest\u00f5es que entenderam. Mas, [&hellip;]<\/p>\n","protected":false},"author":15,"featured_media":14674,"comment_status":"closed","ping_status":"closed","sticky":false,"template":"","format":"standard","meta":{"_eb_attr":"","footnotes":""},"categories":[3],"tags":[],"class_list":["post-14673","post","type-post","status-publish","format-standard","has-post-thumbnail","hentry","category-noticias"],"blog_post_layout_featured_media_urls":{"thumbnail":["https:\/\/aeterrasave.net\/webmedia\/wp-content\/uploads\/2024\/01\/delegados-150x150.jpg",150,150,true],"full":["https:\/\/aeterrasave.net\/webmedia\/wp-content\/uploads\/2024\/01\/delegados.jpg",1024,576,false]},"categories_names":{"3":{"name":"Not\u00edcias","link":"https:\/\/aeterrasave.net\/webmedia\/category\/noticias\/"}},"tags_names":[],"comments_number":0,"wpmagazine_modules_lite_featured_media_urls":{"thumbnail":["https:\/\/aeterrasave.net\/webmedia\/wp-content\/uploads\/2024\/01\/delegados-150x150.jpg",150,150,true],"cvmm-medium":["https:\/\/aeterrasave.net\/webmedia\/wp-content\/uploads\/2024\/01\/delegados.jpg",300,169,false],"cvmm-medium-plus":["https:\/\/aeterrasave.net\/webmedia\/wp-content\/uploads\/2024\/01\/delegados.jpg",305,172,false],"cvmm-portrait":["https:\/\/aeterrasave.net\/webmedia\/wp-content\/uploads\/2024\/01\/delegados.jpg",400,225,false],"cvmm-medium-square":["https:\/\/aeterrasave.net\/webmedia\/wp-content\/uploads\/2024\/01\/delegados.jpg",600,338,false],"cvmm-large":["https:\/\/aeterrasave.net\/webmedia\/wp-content\/uploads\/2024\/01\/delegados.jpg",1024,576,false],"cvmm-small":["https:\/\/aeterrasave.net\/webmedia\/wp-content\/uploads\/2024\/01\/delegados.jpg",130,73,false],"full":["https:\/\/aeterrasave.net\/webmedia\/wp-content\/uploads\/2024\/01\/delegados.jpg",1024,576,false]},"_links":{"self":[{"href":"https:\/\/aeterrasave.net\/webmedia\/wp-json\/wp\/v2\/posts\/14673","targetHints":{"allow":["GET"]}}],"collection":[{"href":"https:\/\/aeterrasave.net\/webmedia\/wp-json\/wp\/v2\/posts"}],"about":[{"href":"https:\/\/aeterrasave.net\/webmedia\/wp-json\/wp\/v2\/types\/post"}],"author":[{"embeddable":true,"href":"https:\/\/aeterrasave.net\/webmedia\/wp-json\/wp\/v2\/users\/15"}],"replies":[{"embeddable":true,"href":"https:\/\/aeterrasave.net\/webmedia\/wp-json\/wp\/v2\/comments?post=14673"}],"version-history":[{"count":2,"href":"https:\/\/aeterrasave.net\/webmedia\/wp-json\/wp\/v2\/posts\/14673\/revisions"}],"predecessor-version":[{"id":14685,"href":"https:\/\/aeterrasave.net\/webmedia\/wp-json\/wp\/v2\/posts\/14673\/revisions\/14685"}],"wp:featuredmedia":[{"embeddable":true,"href":"https:\/\/aeterrasave.net\/webmedia\/wp-json\/wp\/v2\/media\/14674"}],"wp:attachment":[{"href":"https:\/\/aeterrasave.net\/webmedia\/wp-json\/wp\/v2\/media?parent=14673"}],"wp:term":[{"taxonomy":"category","embeddable":true,"href":"https:\/\/aeterrasave.net\/webmedia\/wp-json\/wp\/v2\/categories?post=14673"},{"taxonomy":"post_tag","embeddable":true,"href":"https:\/\/aeterrasave.net\/webmedia\/wp-json\/wp\/v2\/tags?post=14673"}],"curies":[{"name":"wp","href":"https:\/\/api.w.org\/{rel}","templated":true}]}}