{"id":14768,"date":"2024-01-26T13:50:24","date_gmt":"2024-01-26T12:50:24","guid":{"rendered":"https:\/\/aeterrasave.net\/webmedia\/?p=14768"},"modified":"2024-01-26T13:50:24","modified_gmt":"2024-01-26T12:50:24","slug":"eb1-de-oliveira-sao-mateus-em-visita-ao-parque-da-devesa","status":"publish","type":"post","link":"https:\/\/aeterrasave.net\/webmedia\/eb1-de-oliveira-sao-mateus-em-visita-ao-parque-da-devesa\/","title":{"rendered":"EB1 de Oliveira S\u00e3o Mateus em visita ao Parque da Devesa"},"content":{"rendered":"\n<p>Os alunos do 1.\u00ba e 4.\u00ba anos de escolaridade visitaram hoje, dia 26 de janeiro, o Parque da Devesa, em Vila Nova de Famalic\u00e3o.<\/p>\n\n\n\n<p>Nos servi\u00e7os educativos do parque, os alunos participaram na atividade &#8220;Bichos e o seu ciclo de vida&#8221; onde puderam visualizar uma apresenta\u00e7\u00e3o detalhada sobre o ciclo de vida da borboleta e observaram algumas esp\u00e9cies de cores exuberantes.<\/p>\n\n\n\n<p>Posteriormente, foram observar a Biodiversidade presente no parque, onde conseguiram ver v\u00e1rias esp\u00e9cies de animais e plantas.<\/p>\n\n\n\n<p>Os alunos participaram na visita de forma muito ativa, observando, questionando e analisando a informa\u00e7\u00e3o que lhes era transmitida.\u00a0\u00a0<\/p>\n\n\n\n<figure class=\"wp-block-image size-large is-style-rounded\"><img loading=\"lazy\" decoding=\"async\" width=\"1024\" height=\"768\" src=\"https:\/\/aeterrasave.net\/webmedia\/wp-content\/uploads\/2024\/01\/IMG_20240126_113754-1024x768.jpg\" alt=\"\" class=\"wp-image-14769\" srcset=\"https:\/\/aeterrasave.net\/webmedia\/wp-content\/uploads\/2024\/01\/IMG_20240126_113754-1024x768.jpg 1024w, https:\/\/aeterrasave.net\/webmedia\/wp-content\/uploads\/2024\/01\/IMG_20240126_113754-400x300.jpg 400w, https:\/\/aeterrasave.net\/webmedia\/wp-content\/uploads\/2024\/01\/IMG_20240126_113754-768x576.jpg 768w, https:\/\/aeterrasave.net\/webmedia\/wp-content\/uploads\/2024\/01\/IMG_20240126_113754-560x420.jpg 560w, https:\/\/aeterrasave.net\/webmedia\/wp-content\/uploads\/2024\/01\/IMG_20240126_113754.jpg 2000w\" sizes=\"auto, (max-width: 1024px) 100vw, 1024px\" \/><\/figure>\n\n\n\n<figure class=\"wp-block-image size-large is-style-rounded\"><img loading=\"lazy\" decoding=\"async\" width=\"1024\" height=\"768\" src=\"https:\/\/aeterrasave.net\/webmedia\/wp-content\/uploads\/2024\/01\/IMG_20240126_100431-1024x768.jpg\" alt=\"\" class=\"wp-image-14770\" srcset=\"https:\/\/aeterrasave.net\/webmedia\/wp-content\/uploads\/2024\/01\/IMG_20240126_100431-1024x768.jpg 1024w, https:\/\/aeterrasave.net\/webmedia\/wp-content\/uploads\/2024\/01\/IMG_20240126_100431-400x300.jpg 400w, https:\/\/aeterrasave.net\/webmedia\/wp-content\/uploads\/2024\/01\/IMG_20240126_100431-768x576.jpg 768w, https:\/\/aeterrasave.net\/webmedia\/wp-content\/uploads\/2024\/01\/IMG_20240126_100431-560x420.jpg 560w, https:\/\/aeterrasave.net\/webmedia\/wp-content\/uploads\/2024\/01\/IMG_20240126_100431.jpg 1320w\" sizes=\"auto, (max-width: 1024px) 100vw, 1024px\" \/><\/figure>\n\n\n\n<figure class=\"wp-block-image size-large is-style-rounded\"><img loading=\"lazy\" decoding=\"async\" width=\"1024\" height=\"768\" src=\"https:\/\/aeterrasave.net\/webmedia\/wp-content\/uploads\/2024\/01\/IMG_20240126_101215-1024x768.jpg\" alt=\"\" class=\"wp-image-14771\" srcset=\"https:\/\/aeterrasave.net\/webmedia\/wp-content\/uploads\/2024\/01\/IMG_20240126_101215-1024x768.jpg 1024w, https:\/\/aeterrasave.net\/webmedia\/wp-content\/uploads\/2024\/01\/IMG_20240126_101215-400x300.jpg 400w, https:\/\/aeterrasave.net\/webmedia\/wp-content\/uploads\/2024\/01\/IMG_20240126_101215-768x576.jpg 768w, https:\/\/aeterrasave.net\/webmedia\/wp-content\/uploads\/2024\/01\/IMG_20240126_101215-560x420.jpg 560w, https:\/\/aeterrasave.net\/webmedia\/wp-content\/uploads\/2024\/01\/IMG_20240126_101215.jpg 1320w\" sizes=\"auto, (max-width: 1024px) 100vw, 1024px\" \/><\/figure>\n","protected":false},"excerpt":{"rendered":"<p>Os alunos do 1.\u00ba e 4.\u00ba anos de escolaridade visitaram hoje, dia 26 de janeiro, o Parque da Devesa, em Vila Nova de Famalic\u00e3o. Nos servi\u00e7os educativos do parque, os alunos participaram na atividade &#8220;Bichos e o seu ciclo de vida&#8221; onde puderam visualizar uma apresenta\u00e7\u00e3o detalhada sobre o ciclo de vida da borboleta e [&hellip;]<\/p>\n","protected":false},"author":11,"featured_media":14770,"comment_status":"closed","ping_status":"closed","sticky":false,"template":"","format":"standard","meta":{"_eb_attr":"","footnotes":""},"categories":[3],"tags":[],"class_list":["post-14768","post","type-post","status-publish","format-standard","has-post-thumbnail","hentry","category-noticias"],"blog_post_layout_featured_media_urls":{"thumbnail":["https:\/\/aeterrasave.net\/webmedia\/wp-content\/uploads\/2024\/01\/IMG_20240126_100431-150x150.jpg",150,150,true],"full":["https:\/\/aeterrasave.net\/webmedia\/wp-content\/uploads\/2024\/01\/IMG_20240126_100431.jpg",1320,990,false]},"categories_names":{"3":{"name":"Not\u00edcias","link":"https:\/\/aeterrasave.net\/webmedia\/category\/noticias\/"}},"tags_names":[],"comments_number":0,"wpmagazine_modules_lite_featured_media_urls":{"thumbnail":["https:\/\/aeterrasave.net\/webmedia\/wp-content\/uploads\/2024\/01\/IMG_20240126_100431-150x150.jpg",150,150,true],"cvmm-medium":["https:\/\/aeterrasave.net\/webmedia\/wp-content\/uploads\/2024\/01\/IMG_20240126_100431.jpg",300,225,false],"cvmm-medium-plus":["https:\/\/aeterrasave.net\/webmedia\/wp-content\/uploads\/2024\/01\/IMG_20240126_100431.jpg",276,207,false],"cvmm-portrait":["https:\/\/aeterrasave.net\/webmedia\/wp-content\/uploads\/2024\/01\/IMG_20240126_100431.jpg",400,300,false],"cvmm-medium-square":["https:\/\/aeterrasave.net\/webmedia\/wp-content\/uploads\/2024\/01\/IMG_20240126_100431.jpg",600,450,false],"cvmm-large":["https:\/\/aeterrasave.net\/webmedia\/wp-content\/uploads\/2024\/01\/IMG_20240126_100431.jpg",1024,768,false],"cvmm-small":["https:\/\/aeterrasave.net\/webmedia\/wp-content\/uploads\/2024\/01\/IMG_20240126_100431.jpg",127,95,false],"full":["https:\/\/aeterrasave.net\/webmedia\/wp-content\/uploads\/2024\/01\/IMG_20240126_100431.jpg",1320,990,false]},"_links":{"self":[{"href":"https:\/\/aeterrasave.net\/webmedia\/wp-json\/wp\/v2\/posts\/14768","targetHints":{"allow":["GET"]}}],"collection":[{"href":"https:\/\/aeterrasave.net\/webmedia\/wp-json\/wp\/v2\/posts"}],"about":[{"href":"https:\/\/aeterrasave.net\/webmedia\/wp-json\/wp\/v2\/types\/post"}],"author":[{"embeddable":true,"href":"https:\/\/aeterrasave.net\/webmedia\/wp-json\/wp\/v2\/users\/11"}],"replies":[{"embeddable":true,"href":"https:\/\/aeterrasave.net\/webmedia\/wp-json\/wp\/v2\/comments?post=14768"}],"version-history":[{"count":1,"href":"https:\/\/aeterrasave.net\/webmedia\/wp-json\/wp\/v2\/posts\/14768\/revisions"}],"predecessor-version":[{"id":14772,"href":"https:\/\/aeterrasave.net\/webmedia\/wp-json\/wp\/v2\/posts\/14768\/revisions\/14772"}],"wp:featuredmedia":[{"embeddable":true,"href":"https:\/\/aeterrasave.net\/webmedia\/wp-json\/wp\/v2\/media\/14770"}],"wp:attachment":[{"href":"https:\/\/aeterrasave.net\/webmedia\/wp-json\/wp\/v2\/media?parent=14768"}],"wp:term":[{"taxonomy":"category","embeddable":true,"href":"https:\/\/aeterrasave.net\/webmedia\/wp-json\/wp\/v2\/categories?post=14768"},{"taxonomy":"post_tag","embeddable":true,"href":"https:\/\/aeterrasave.net\/webmedia\/wp-json\/wp\/v2\/tags?post=14768"}],"curies":[{"name":"wp","href":"https:\/\/api.w.org\/{rel}","templated":true}]}}