{"id":15106,"date":"2024-01-29T17:40:28","date_gmt":"2024-01-29T16:40:28","guid":{"rendered":"https:\/\/aeterrasave.net\/webmedia\/?p=15106"},"modified":"2024-01-29T17:40:28","modified_gmt":"2024-01-29T16:40:28","slug":"eleicoes-e-sessao-escolar-do-parlamento-dos-jovens-2024","status":"publish","type":"post","link":"https:\/\/aeterrasave.net\/webmedia\/eleicoes-e-sessao-escolar-do-parlamento-dos-jovens-2024\/","title":{"rendered":"Elei\u00e7\u00f5es e sess\u00e3o escolar do Parlamento dos jovens 2024"},"content":{"rendered":"\n<p>Os alunos dos 2.\u00ba e 3.\u00ba ciclos do Agrupamento de Escolas Terras do Ave, participaram, no dia 25 de janeiro, nas elei\u00e7\u00f5es do Parlamento dos jovens, tendo ido a sufr\u00e1gio, sete listas participantes. No dia seguinte, e ap\u00f3s o apuramento dos 31 deputados, dinamizou-se a Sess\u00e3o Escolar, onde, ap\u00f3s um debate vivo e emotivo, foram eleitos os deputados para a sess\u00e3o distrital, tendo, de seguida, tendo sido redigido o projeto de Recomenda\u00e7\u00e3o.<\/p>\n\n\n\n<p>Sandra Dias, coordenadora do programa, explicou que o Agrupamento assume como preponderante o projeto, no seu Plano Anual de Atividades, uma vez que os alunos vivenciam o que \u00e9 \u201cser deputado durante um per\u00edodo. O projeto promove a cidadania ativa e, no presente ano letivo, refletiram sobre a Educa\u00e7\u00e3o, apresentando medidas que possam tornar a \u201cescola portuguesa mais plural e participativa\u201d. &nbsp;<\/p>\n\n\n\n<p>Segue-se a fase distrital, nos dias 18 e 19 de mar\u00e7o, e o objetivo \u00e9 conseguirmos ficar apurados para a sess\u00e3o nacional a decorrer em maio.<\/p>\n\n\n\n<figure class=\"wp-block-image size-large\"><img loading=\"lazy\" decoding=\"async\" width=\"1024\" height=\"768\" src=\"https:\/\/aeterrasave.net\/webmedia\/wp-content\/uploads\/2024\/01\/14-1024x768.jpg\" alt=\"\" class=\"wp-image-15108\" srcset=\"https:\/\/aeterrasave.net\/webmedia\/wp-content\/uploads\/2024\/01\/14-1024x768.jpg 1024w, https:\/\/aeterrasave.net\/webmedia\/wp-content\/uploads\/2024\/01\/14-400x300.jpg 400w, https:\/\/aeterrasave.net\/webmedia\/wp-content\/uploads\/2024\/01\/14-768x576.jpg 768w, https:\/\/aeterrasave.net\/webmedia\/wp-content\/uploads\/2024\/01\/14-560x420.jpg 560w, https:\/\/aeterrasave.net\/webmedia\/wp-content\/uploads\/2024\/01\/14.jpg 2048w\" sizes=\"auto, (max-width: 1024px) 100vw, 1024px\" \/><\/figure>\n\n\n\n<figure class=\"wp-block-image size-large\"><img loading=\"lazy\" decoding=\"async\" width=\"1024\" height=\"768\" src=\"https:\/\/aeterrasave.net\/webmedia\/wp-content\/uploads\/2024\/01\/19-1024x768.jpg\" alt=\"\" class=\"wp-image-15109\" srcset=\"https:\/\/aeterrasave.net\/webmedia\/wp-content\/uploads\/2024\/01\/19-1024x768.jpg 1024w, https:\/\/aeterrasave.net\/webmedia\/wp-content\/uploads\/2024\/01\/19-400x300.jpg 400w, https:\/\/aeterrasave.net\/webmedia\/wp-content\/uploads\/2024\/01\/19-768x576.jpg 768w, https:\/\/aeterrasave.net\/webmedia\/wp-content\/uploads\/2024\/01\/19-560x420.jpg 560w, https:\/\/aeterrasave.net\/webmedia\/wp-content\/uploads\/2024\/01\/19.jpg 2048w\" sizes=\"auto, (max-width: 1024px) 100vw, 1024px\" \/><\/figure>\n","protected":false},"excerpt":{"rendered":"<p>Os alunos dos 2.\u00ba e 3.\u00ba ciclos do Agrupamento de Escolas Terras do Ave, participaram, no dia 25 de janeiro, nas elei\u00e7\u00f5es do Parlamento dos jovens, tendo ido a sufr\u00e1gio, sete listas participantes. No dia seguinte, e ap\u00f3s o apuramento dos 31 deputados, dinamizou-se a Sess\u00e3o Escolar, onde, ap\u00f3s um debate vivo e emotivo, foram [&hellip;]<\/p>\n","protected":false},"author":15,"featured_media":15107,"comment_status":"closed","ping_status":"closed","sticky":false,"template":"","format":"standard","meta":{"_eb_attr":"","footnotes":""},"categories":[3],"tags":[],"class_list":["post-15106","post","type-post","status-publish","format-standard","has-post-thumbnail","hentry","category-noticias"],"blog_post_layout_featured_media_urls":{"thumbnail":["https:\/\/aeterrasave.net\/webmedia\/wp-content\/uploads\/2024\/01\/6-150x150.jpg",150,150,true],"full":["https:\/\/aeterrasave.net\/webmedia\/wp-content\/uploads\/2024\/01\/6.jpg",2048,1536,false]},"categories_names":{"3":{"name":"Not\u00edcias","link":"https:\/\/aeterrasave.net\/webmedia\/category\/noticias\/"}},"tags_names":[],"comments_number":0,"wpmagazine_modules_lite_featured_media_urls":{"thumbnail":["https:\/\/aeterrasave.net\/webmedia\/wp-content\/uploads\/2024\/01\/6-150x150.jpg",150,150,true],"cvmm-medium":["https:\/\/aeterrasave.net\/webmedia\/wp-content\/uploads\/2024\/01\/6.jpg",300,225,false],"cvmm-medium-plus":["https:\/\/aeterrasave.net\/webmedia\/wp-content\/uploads\/2024\/01\/6.jpg",276,207,false],"cvmm-portrait":["https:\/\/aeterrasave.net\/webmedia\/wp-content\/uploads\/2024\/01\/6.jpg",400,300,false],"cvmm-medium-square":["https:\/\/aeterrasave.net\/webmedia\/wp-content\/uploads\/2024\/01\/6.jpg",600,450,false],"cvmm-large":["https:\/\/aeterrasave.net\/webmedia\/wp-content\/uploads\/2024\/01\/6.jpg",1024,768,false],"cvmm-small":["https:\/\/aeterrasave.net\/webmedia\/wp-content\/uploads\/2024\/01\/6.jpg",127,95,false],"full":["https:\/\/aeterrasave.net\/webmedia\/wp-content\/uploads\/2024\/01\/6.jpg",2048,1536,false]},"_links":{"self":[{"href":"https:\/\/aeterrasave.net\/webmedia\/wp-json\/wp\/v2\/posts\/15106","targetHints":{"allow":["GET"]}}],"collection":[{"href":"https:\/\/aeterrasave.net\/webmedia\/wp-json\/wp\/v2\/posts"}],"about":[{"href":"https:\/\/aeterrasave.net\/webmedia\/wp-json\/wp\/v2\/types\/post"}],"author":[{"embeddable":true,"href":"https:\/\/aeterrasave.net\/webmedia\/wp-json\/wp\/v2\/users\/15"}],"replies":[{"embeddable":true,"href":"https:\/\/aeterrasave.net\/webmedia\/wp-json\/wp\/v2\/comments?post=15106"}],"version-history":[{"count":1,"href":"https:\/\/aeterrasave.net\/webmedia\/wp-json\/wp\/v2\/posts\/15106\/revisions"}],"predecessor-version":[{"id":15110,"href":"https:\/\/aeterrasave.net\/webmedia\/wp-json\/wp\/v2\/posts\/15106\/revisions\/15110"}],"wp:featuredmedia":[{"embeddable":true,"href":"https:\/\/aeterrasave.net\/webmedia\/wp-json\/wp\/v2\/media\/15107"}],"wp:attachment":[{"href":"https:\/\/aeterrasave.net\/webmedia\/wp-json\/wp\/v2\/media?parent=15106"}],"wp:term":[{"taxonomy":"category","embeddable":true,"href":"https:\/\/aeterrasave.net\/webmedia\/wp-json\/wp\/v2\/categories?post=15106"},{"taxonomy":"post_tag","embeddable":true,"href":"https:\/\/aeterrasave.net\/webmedia\/wp-json\/wp\/v2\/tags?post=15106"}],"curies":[{"name":"wp","href":"https:\/\/api.w.org\/{rel}","templated":true}]}}