{"id":15198,"date":"2024-02-05T15:15:27","date_gmt":"2024-02-05T14:15:27","guid":{"rendered":"https:\/\/aeterrasave.net\/webmedia\/?p=15198"},"modified":"2024-02-05T15:15:27","modified_gmt":"2024-02-05T14:15:27","slug":"eb-da-carreira-visita-museu-de-industria-textil","status":"publish","type":"post","link":"https:\/\/aeterrasave.net\/webmedia\/eb-da-carreira-visita-museu-de-industria-textil\/","title":{"rendered":"EB da Carreira visita Museu de Ind\u00fastria T\u00eaxtil"},"content":{"rendered":"\n<p>Foi no dia 2 de fevereiro, que os alunos do 2\u00ba e 3\u00baanos da EB da Carreira, visitaram o Museu da Ind\u00fastria T\u00eaxtil da Bacia do Ave, em Vila Nova de Famalic\u00e3o.<br>As crian\u00e7as tiveram a oportunidade de observar, como as m\u00e1quinas de fia\u00e7\u00e3o e de tecelagem, transformavam a planta do algod\u00e3o em tecido e como esse processo evoluiu, desde o s\u00e9culo XIX. Os alunos ficaram, tamb\u00e9m, sens\u00edveis para a quest\u00e3o do trabalho infantil, de outros tempos e da vida \u00e1rdua dos seus antepassados, no Vale do Ave.<\/p>\n\n\n\n<figure class=\"wp-block-image size-full\"><img loading=\"lazy\" decoding=\"async\" width=\"640\" height=\"480\" src=\"https:\/\/aeterrasave.net\/webmedia\/wp-content\/uploads\/2024\/02\/Museu-1.jpg\" alt=\"\" class=\"wp-image-15199\" srcset=\"https:\/\/aeterrasave.net\/webmedia\/wp-content\/uploads\/2024\/02\/Museu-1.jpg 640w, https:\/\/aeterrasave.net\/webmedia\/wp-content\/uploads\/2024\/02\/Museu-1-400x300.jpg 400w, https:\/\/aeterrasave.net\/webmedia\/wp-content\/uploads\/2024\/02\/Museu-1-560x420.jpg 560w\" sizes=\"auto, (max-width: 640px) 100vw, 640px\" \/><\/figure>\n\n\n\n<figure class=\"wp-block-image size-full\"><img loading=\"lazy\" decoding=\"async\" width=\"640\" height=\"480\" src=\"https:\/\/aeterrasave.net\/webmedia\/wp-content\/uploads\/2024\/02\/museu-.jpg\" alt=\"\" class=\"wp-image-15200\" srcset=\"https:\/\/aeterrasave.net\/webmedia\/wp-content\/uploads\/2024\/02\/museu-.jpg 640w, https:\/\/aeterrasave.net\/webmedia\/wp-content\/uploads\/2024\/02\/museu--400x300.jpg 400w, https:\/\/aeterrasave.net\/webmedia\/wp-content\/uploads\/2024\/02\/museu--560x420.jpg 560w\" sizes=\"auto, (max-width: 640px) 100vw, 640px\" \/><\/figure>\n","protected":false},"excerpt":{"rendered":"<p>Foi no dia 2 de fevereiro, que os alunos do 2\u00ba e 3\u00baanos da EB da Carreira, visitaram o Museu da Ind\u00fastria T\u00eaxtil da Bacia do Ave, em Vila Nova de Famalic\u00e3o.As crian\u00e7as tiveram a oportunidade de observar, como as m\u00e1quinas de fia\u00e7\u00e3o e de tecelagem, transformavam a planta do algod\u00e3o em tecido e como [&hellip;]<\/p>\n","protected":false},"author":4,"featured_media":15202,"comment_status":"closed","ping_status":"closed","sticky":false,"template":"","format":"standard","meta":{"_eb_attr":"","footnotes":""},"categories":[3],"tags":[],"class_list":["post-15198","post","type-post","status-publish","format-standard","has-post-thumbnail","hentry","category-noticias"],"blog_post_layout_featured_media_urls":{"thumbnail":["https:\/\/aeterrasave.net\/webmedia\/wp-content\/uploads\/2024\/02\/Museu-3-150x150.jpg",150,150,true],"full":["https:\/\/aeterrasave.net\/webmedia\/wp-content\/uploads\/2024\/02\/Museu-3.jpg",640,480,false]},"categories_names":{"3":{"name":"Not\u00edcias","link":"https:\/\/aeterrasave.net\/webmedia\/category\/noticias\/"}},"tags_names":[],"comments_number":0,"wpmagazine_modules_lite_featured_media_urls":{"thumbnail":["https:\/\/aeterrasave.net\/webmedia\/wp-content\/uploads\/2024\/02\/Museu-3-150x150.jpg",150,150,true],"cvmm-medium":["https:\/\/aeterrasave.net\/webmedia\/wp-content\/uploads\/2024\/02\/Museu-3.jpg",300,225,false],"cvmm-medium-plus":["https:\/\/aeterrasave.net\/webmedia\/wp-content\/uploads\/2024\/02\/Museu-3.jpg",276,207,false],"cvmm-portrait":["https:\/\/aeterrasave.net\/webmedia\/wp-content\/uploads\/2024\/02\/Museu-3.jpg",400,300,false],"cvmm-medium-square":["https:\/\/aeterrasave.net\/webmedia\/wp-content\/uploads\/2024\/02\/Museu-3.jpg",600,450,false],"cvmm-large":["https:\/\/aeterrasave.net\/webmedia\/wp-content\/uploads\/2024\/02\/Museu-3.jpg",640,480,false],"cvmm-small":["https:\/\/aeterrasave.net\/webmedia\/wp-content\/uploads\/2024\/02\/Museu-3.jpg",127,95,false],"full":["https:\/\/aeterrasave.net\/webmedia\/wp-content\/uploads\/2024\/02\/Museu-3.jpg",640,480,false]},"_links":{"self":[{"href":"https:\/\/aeterrasave.net\/webmedia\/wp-json\/wp\/v2\/posts\/15198","targetHints":{"allow":["GET"]}}],"collection":[{"href":"https:\/\/aeterrasave.net\/webmedia\/wp-json\/wp\/v2\/posts"}],"about":[{"href":"https:\/\/aeterrasave.net\/webmedia\/wp-json\/wp\/v2\/types\/post"}],"author":[{"embeddable":true,"href":"https:\/\/aeterrasave.net\/webmedia\/wp-json\/wp\/v2\/users\/4"}],"replies":[{"embeddable":true,"href":"https:\/\/aeterrasave.net\/webmedia\/wp-json\/wp\/v2\/comments?post=15198"}],"version-history":[{"count":1,"href":"https:\/\/aeterrasave.net\/webmedia\/wp-json\/wp\/v2\/posts\/15198\/revisions"}],"predecessor-version":[{"id":15203,"href":"https:\/\/aeterrasave.net\/webmedia\/wp-json\/wp\/v2\/posts\/15198\/revisions\/15203"}],"wp:featuredmedia":[{"embeddable":true,"href":"https:\/\/aeterrasave.net\/webmedia\/wp-json\/wp\/v2\/media\/15202"}],"wp:attachment":[{"href":"https:\/\/aeterrasave.net\/webmedia\/wp-json\/wp\/v2\/media?parent=15198"}],"wp:term":[{"taxonomy":"category","embeddable":true,"href":"https:\/\/aeterrasave.net\/webmedia\/wp-json\/wp\/v2\/categories?post=15198"},{"taxonomy":"post_tag","embeddable":true,"href":"https:\/\/aeterrasave.net\/webmedia\/wp-json\/wp\/v2\/tags?post=15198"}],"curies":[{"name":"wp","href":"https:\/\/api.w.org\/{rel}","templated":true}]}}