{"id":15245,"date":"2024-02-09T19:46:46","date_gmt":"2024-02-09T18:46:46","guid":{"rendered":"https:\/\/aeterrasave.net\/webmedia\/?p=15245"},"modified":"2024-02-09T19:46:46","modified_gmt":"2024-02-09T18:46:46","slug":"carnaval-2024-50-anos-do-25-de-abril","status":"publish","type":"post","link":"https:\/\/aeterrasave.net\/webmedia\/carnaval-2024-50-anos-do-25-de-abril\/","title":{"rendered":"Carnaval 2024 &#8211; 50 anos do 25 de abril"},"content":{"rendered":"\n<p>Os alunos de 5\u00ba ano escolheram caracterizar-se de ex-col\u00f3nias portuguesas. Como alunos, j\u00e1 aprendemos que as col\u00f3nias desempenharam um papel fundamental nos Descobrimentos, nos s\u00e9culos XV e XVI. Fomos um povo expansivo e lutador, conquistamos as col\u00f3nias pela expans\u00e3o comercial, explora\u00e7\u00e3o de recursos naturais, propaga\u00e7\u00e3o da religi\u00e3o e da cultura e o controlo estrat\u00e9gico das rotas mar\u00edtimas. Hoje, para al\u00e9m de querermos demonstrar a import\u00e2ncia da liberta\u00e7\u00e3o das ex-col\u00f3nias, tamb\u00e9m queremos honr\u00e1-las por tudo aquilo que nos deram ao longo de v\u00e1rios s\u00e9culos. Sabemos que este foi um per\u00edodo de coloniza\u00e7\u00e3o e de explora\u00e7\u00e3o que moldou profundamente a hist\u00f3ria global e teve um impacto duradouro nas sociedades e culturas em todo o mundo.<\/p>\n\n\n\n<p>Esta data, o 25 de abril, foi t\u00e3o importante para Portugal como para as ex-col\u00f3nias portuguesas, especialmente aquelas localizadas em \u00c1frica. Este dia marca a Revolu\u00e7\u00e3o dos Cravos, que ocorreu em Portugal em 1974 e resultou na queda do regime ditatorial do Estado Novo.<\/p>\n\n\n\n<p>Para as ex-col\u00f3nias portuguesas, representou muito mais. Foi o fim do colonialismo e a oportunidade de alcan\u00e7ar a independ\u00eancia e a autodetermina\u00e7\u00e3o. Antes da revolu\u00e7\u00e3o, Portugal mantinha um sistema colonial opressivo, em que as popula\u00e7\u00f5es locais enfrentavam discrimina\u00e7\u00e3o, explora\u00e7\u00e3o econ\u00f3mica e falta de direitos pol\u00edticos. Com a queda deste regime autorit\u00e1rio, abriram-se novas perspetivas para as col\u00f3nias. Estas come\u00e7aram a lutar pela independ\u00eancia de forma mais intensa. Angola, Mo\u00e7ambique, Guin\u00e9-Bissau, Cabo Verde e S\u00e3o Tom\u00e9 e Pr\u00edncipe, as ent\u00e3o col\u00f3nias africanas, conquistaram a independ\u00eancia nos anos seguintes, cada um seguindo seu pr\u00f3prio caminho e enfrentando seus pr\u00f3prios desafios. Inclu\u00edmos ainda a \u00cdndia, Macau e o Brasil, pela sua import\u00e2ncia na Hist\u00f3ria colonial portuguesa. <strong>Todas estas comunidades est\u00e3o representadas no nosso Carnaval.<\/strong><\/p>\n\n\n\n<p>O 25 de abril, portanto, representa n\u00e3o apenas a liberta\u00e7\u00e3o de Portugal, mas tamb\u00e9m o in\u00edcio de uma nova era de liberta\u00e7\u00e3o e autodetermina\u00e7\u00e3o para as ex-col\u00f3nias portuguesas. \u00c9 um marco hist\u00f3rico que simboliza o fim de s\u00e9culos de dom\u00ednio colonial e o come\u00e7o de uma era de soberania e desenvolvimento pr\u00f3prio para cada uma dessas na\u00e7\u00f5es.<\/p>\n\n\n\n<figure class=\"wp-block-image size-large\"><img loading=\"lazy\" decoding=\"async\" width=\"1024\" height=\"391\" src=\"https:\/\/aeterrasave.net\/webmedia\/wp-content\/uploads\/2024\/02\/5ano_carnaval-1024x391.jpg\" alt=\"\" class=\"wp-image-15246\" srcset=\"https:\/\/aeterrasave.net\/webmedia\/wp-content\/uploads\/2024\/02\/5ano_carnaval-1024x391.jpg 1024w, https:\/\/aeterrasave.net\/webmedia\/wp-content\/uploads\/2024\/02\/5ano_carnaval-400x153.jpg 400w, https:\/\/aeterrasave.net\/webmedia\/wp-content\/uploads\/2024\/02\/5ano_carnaval-768x293.jpg 768w, https:\/\/aeterrasave.net\/webmedia\/wp-content\/uploads\/2024\/02\/5ano_carnaval-560x214.jpg 560w, https:\/\/aeterrasave.net\/webmedia\/wp-content\/uploads\/2024\/02\/5ano_carnaval.jpg 1085w\" sizes=\"auto, (max-width: 1024px) 100vw, 1024px\" \/><\/figure>\n","protected":false},"excerpt":{"rendered":"<p>Os alunos de 5\u00ba ano escolheram caracterizar-se de ex-col\u00f3nias portuguesas. Como alunos, j\u00e1 aprendemos que as col\u00f3nias desempenharam um papel fundamental nos Descobrimentos, nos s\u00e9culos XV e XVI. Fomos um povo expansivo e lutador, conquistamos as col\u00f3nias pela expans\u00e3o comercial, explora\u00e7\u00e3o de recursos naturais, propaga\u00e7\u00e3o da religi\u00e3o e da cultura e o controlo estrat\u00e9gico das [&hellip;]<\/p>\n","protected":false},"author":15,"featured_media":15246,"comment_status":"closed","ping_status":"closed","sticky":false,"template":"","format":"standard","meta":{"_eb_attr":"","footnotes":""},"categories":[3],"tags":[],"class_list":["post-15245","post","type-post","status-publish","format-standard","has-post-thumbnail","hentry","category-noticias"],"blog_post_layout_featured_media_urls":{"thumbnail":["https:\/\/aeterrasave.net\/webmedia\/wp-content\/uploads\/2024\/02\/5ano_carnaval-150x150.jpg",150,150,true],"full":["https:\/\/aeterrasave.net\/webmedia\/wp-content\/uploads\/2024\/02\/5ano_carnaval.jpg",1085,414,false]},"categories_names":{"3":{"name":"Not\u00edcias","link":"https:\/\/aeterrasave.net\/webmedia\/category\/noticias\/"}},"tags_names":[],"comments_number":0,"wpmagazine_modules_lite_featured_media_urls":{"thumbnail":["https:\/\/aeterrasave.net\/webmedia\/wp-content\/uploads\/2024\/02\/5ano_carnaval-150x150.jpg",150,150,true],"cvmm-medium":["https:\/\/aeterrasave.net\/webmedia\/wp-content\/uploads\/2024\/02\/5ano_carnaval.jpg",300,114,false],"cvmm-medium-plus":["https:\/\/aeterrasave.net\/webmedia\/wp-content\/uploads\/2024\/02\/5ano_carnaval.jpg",305,116,false],"cvmm-portrait":["https:\/\/aeterrasave.net\/webmedia\/wp-content\/uploads\/2024\/02\/5ano_carnaval.jpg",400,153,false],"cvmm-medium-square":["https:\/\/aeterrasave.net\/webmedia\/wp-content\/uploads\/2024\/02\/5ano_carnaval.jpg",600,229,false],"cvmm-large":["https:\/\/aeterrasave.net\/webmedia\/wp-content\/uploads\/2024\/02\/5ano_carnaval.jpg",1024,391,false],"cvmm-small":["https:\/\/aeterrasave.net\/webmedia\/wp-content\/uploads\/2024\/02\/5ano_carnaval.jpg",130,50,false],"full":["https:\/\/aeterrasave.net\/webmedia\/wp-content\/uploads\/2024\/02\/5ano_carnaval.jpg",1085,414,false]},"_links":{"self":[{"href":"https:\/\/aeterrasave.net\/webmedia\/wp-json\/wp\/v2\/posts\/15245","targetHints":{"allow":["GET"]}}],"collection":[{"href":"https:\/\/aeterrasave.net\/webmedia\/wp-json\/wp\/v2\/posts"}],"about":[{"href":"https:\/\/aeterrasave.net\/webmedia\/wp-json\/wp\/v2\/types\/post"}],"author":[{"embeddable":true,"href":"https:\/\/aeterrasave.net\/webmedia\/wp-json\/wp\/v2\/users\/15"}],"replies":[{"embeddable":true,"href":"https:\/\/aeterrasave.net\/webmedia\/wp-json\/wp\/v2\/comments?post=15245"}],"version-history":[{"count":1,"href":"https:\/\/aeterrasave.net\/webmedia\/wp-json\/wp\/v2\/posts\/15245\/revisions"}],"predecessor-version":[{"id":15247,"href":"https:\/\/aeterrasave.net\/webmedia\/wp-json\/wp\/v2\/posts\/15245\/revisions\/15247"}],"wp:featuredmedia":[{"embeddable":true,"href":"https:\/\/aeterrasave.net\/webmedia\/wp-json\/wp\/v2\/media\/15246"}],"wp:attachment":[{"href":"https:\/\/aeterrasave.net\/webmedia\/wp-json\/wp\/v2\/media?parent=15245"}],"wp:term":[{"taxonomy":"category","embeddable":true,"href":"https:\/\/aeterrasave.net\/webmedia\/wp-json\/wp\/v2\/categories?post=15245"},{"taxonomy":"post_tag","embeddable":true,"href":"https:\/\/aeterrasave.net\/webmedia\/wp-json\/wp\/v2\/tags?post=15245"}],"curies":[{"name":"wp","href":"https:\/\/api.w.org\/{rel}","templated":true}]}}