{"id":15450,"date":"2024-03-11T19:50:15","date_gmt":"2024-03-11T18:50:15","guid":{"rendered":"https:\/\/aeterrasave.net\/webmedia\/?p=15450"},"modified":"2024-03-11T20:03:08","modified_gmt":"2024-03-11T19:03:08","slug":"a","status":"publish","type":"post","link":"https:\/\/aeterrasave.net\/webmedia\/a\/","title":{"rendered":"A Escola foi ao Teatro"},"content":{"rendered":"\n<figure class=\"wp-block-image size-full is-resized\"><img loading=\"lazy\" decoding=\"async\" width=\"679\" height=\"508\" src=\"https:\/\/aeterrasave.net\/webmedia\/wp-content\/uploads\/2024\/03\/Ulisses-1.jpg\" alt=\"\" class=\"wp-image-15455\" style=\"width:424px;height:auto\" srcset=\"https:\/\/aeterrasave.net\/webmedia\/wp-content\/uploads\/2024\/03\/Ulisses-1.jpg 679w, https:\/\/aeterrasave.net\/webmedia\/wp-content\/uploads\/2024\/03\/Ulisses-1-400x299.jpg 400w, https:\/\/aeterrasave.net\/webmedia\/wp-content\/uploads\/2024\/03\/Ulisses-1-560x419.jpg 560w\" sizes=\"auto, (max-width: 679px) 100vw, 679px\" \/><\/figure>\n\n\n\n<p class=\"has-black-color has-pale-cyan-blue-background-color has-text-color has-background has-link-color wp-elements-f7facbd02ef7588252c567f774f9723d\"><strong>Alunos do 6.\u00ba ano assistem \u00e0 pe\u00e7a &#8220;Ulisses&#8221; no Teatro Narciso Ferreir<\/strong>a<\/p>\n\n\n\n<p>No \u00e2mbito de uma coprodu\u00e7\u00e3o da Casa das Artes\/ Teatro Narciso em Riba de Ave, foi apresentado no dia 8 de mar\u00e7o, a todos os alunos do 6\u00ba ano, a pe\u00e7a de teatro \u201cUlisses\u201d de Maria Alberta Men\u00e9res, adaptada \u00e0 obra lida em contexto escolar. Esta apresenta\u00e7\u00e3o teve como objetivo alargar horizontes culturais, motivando os alunos para o texto dram\u00e1tico, desenvolver o gosto pela leitura dos textos de literatura em l\u00edngua portuguesa, como forma de descobrir a relev\u00e2ncia da linguagem liter\u00e1ria na explora\u00e7\u00e3o das potencialidades da l\u00edngua e de ampliar o conhecimento do mundo. Ap\u00f3s o espet\u00e1culo, o elenco esteve \u00e0 conversa com os alunos proporcionando um ambiente de intera\u00e7\u00e3o l\u00fadica e de aprendizagem.<\/p>\n","protected":false},"excerpt":{"rendered":"<p>Alunos do 6.\u00ba ano assistem \u00e0 pe\u00e7a &#8220;Ulisses&#8221; no Teatro Narciso Ferreira No \u00e2mbito de uma coprodu\u00e7\u00e3o da Casa das Artes\/ Teatro Narciso em Riba de Ave, foi apresentado no dia 8 de mar\u00e7o, a todos os alunos do 6\u00ba ano, a pe\u00e7a de teatro \u201cUlisses\u201d de Maria Alberta Men\u00e9res, adaptada \u00e0 obra lida em [&hellip;]<\/p>\n","protected":false},"author":14,"featured_media":22989,"comment_status":"closed","ping_status":"closed","sticky":false,"template":"","format":"standard","meta":{"_eb_attr":"","footnotes":""},"categories":[3],"tags":[],"class_list":["post-15450","post","type-post","status-publish","format-standard","has-post-thumbnail","hentry","category-noticias"],"blog_post_layout_featured_media_urls":{"thumbnail":["https:\/\/aeterrasave.net\/webmedia\/wp-content\/uploads\/2026\/04\/Default_AETA_New-150x82.png",150,82,true],"full":["https:\/\/aeterrasave.net\/webmedia\/wp-content\/uploads\/2026\/04\/Default_AETA_New.png",300,82,false]},"categories_names":{"3":{"name":"Not\u00edcias","link":"https:\/\/aeterrasave.net\/webmedia\/category\/noticias\/"}},"tags_names":[],"comments_number":0,"wpmagazine_modules_lite_featured_media_urls":{"thumbnail":["https:\/\/aeterrasave.net\/webmedia\/wp-content\/uploads\/2026\/04\/Default_AETA_New-150x82.png",150,82,true],"cvmm-medium":["https:\/\/aeterrasave.net\/webmedia\/wp-content\/uploads\/2026\/04\/Default_AETA_New.png",300,82,false],"cvmm-medium-plus":["https:\/\/aeterrasave.net\/webmedia\/wp-content\/uploads\/2026\/04\/Default_AETA_New.png",300,82,false],"cvmm-portrait":["https:\/\/aeterrasave.net\/webmedia\/wp-content\/uploads\/2026\/04\/Default_AETA_New.png",300,82,false],"cvmm-medium-square":["https:\/\/aeterrasave.net\/webmedia\/wp-content\/uploads\/2026\/04\/Default_AETA_New.png",300,82,false],"cvmm-large":["https:\/\/aeterrasave.net\/webmedia\/wp-content\/uploads\/2026\/04\/Default_AETA_New.png",300,82,false],"cvmm-small":["https:\/\/aeterrasave.net\/webmedia\/wp-content\/uploads\/2026\/04\/Default_AETA_New-130x82.png",130,82,true],"full":["https:\/\/aeterrasave.net\/webmedia\/wp-content\/uploads\/2026\/04\/Default_AETA_New.png",300,82,false]},"_links":{"self":[{"href":"https:\/\/aeterrasave.net\/webmedia\/wp-json\/wp\/v2\/posts\/15450","targetHints":{"allow":["GET"]}}],"collection":[{"href":"https:\/\/aeterrasave.net\/webmedia\/wp-json\/wp\/v2\/posts"}],"about":[{"href":"https:\/\/aeterrasave.net\/webmedia\/wp-json\/wp\/v2\/types\/post"}],"author":[{"embeddable":true,"href":"https:\/\/aeterrasave.net\/webmedia\/wp-json\/wp\/v2\/users\/14"}],"replies":[{"embeddable":true,"href":"https:\/\/aeterrasave.net\/webmedia\/wp-json\/wp\/v2\/comments?post=15450"}],"version-history":[{"count":4,"href":"https:\/\/aeterrasave.net\/webmedia\/wp-json\/wp\/v2\/posts\/15450\/revisions"}],"predecessor-version":[{"id":15457,"href":"https:\/\/aeterrasave.net\/webmedia\/wp-json\/wp\/v2\/posts\/15450\/revisions\/15457"}],"wp:featuredmedia":[{"embeddable":true,"href":"https:\/\/aeterrasave.net\/webmedia\/wp-json\/wp\/v2\/media\/22989"}],"wp:attachment":[{"href":"https:\/\/aeterrasave.net\/webmedia\/wp-json\/wp\/v2\/media?parent=15450"}],"wp:term":[{"taxonomy":"category","embeddable":true,"href":"https:\/\/aeterrasave.net\/webmedia\/wp-json\/wp\/v2\/categories?post=15450"},{"taxonomy":"post_tag","embeddable":true,"href":"https:\/\/aeterrasave.net\/webmedia\/wp-json\/wp\/v2\/tags?post=15450"}],"curies":[{"name":"wp","href":"https:\/\/api.w.org\/{rel}","templated":true}]}}