{"id":15530,"date":"2024-03-18T23:51:31","date_gmt":"2024-03-18T22:51:31","guid":{"rendered":"https:\/\/aeterrasave.net\/webmedia\/?p=15530"},"modified":"2024-03-18T23:52:28","modified_gmt":"2024-03-18T22:52:28","slug":"aeta-participa-no-encontro-internacional-de-inovacao-no-ensino-da-matematica-e-das-ciencias","status":"publish","type":"post","link":"https:\/\/aeterrasave.net\/webmedia\/aeta-participa-no-encontro-internacional-de-inovacao-no-ensino-da-matematica-e-das-ciencias\/","title":{"rendered":"AETA participa no Encontro Internacional de Inova\u00e7\u00e3o no Ensino da Matem\u00e1tica e das Ci\u00eancias"},"content":{"rendered":"\n<p>Duas docentes do AETA participaram na 3.\u00aa edi\u00e7\u00e3o do Encontro Internacional de Inova\u00e7\u00e3o no Ensino da Matem\u00e1tica e das Ci\u00eancias que se realizou nos dias 15 e 16 de mar\u00e7o em Santar\u00e9m.<\/p>\n\n\n\n<p>O evento centrou-se na inova\u00e7\u00e3o em educa\u00e7\u00e3o em matem\u00e1tica e ci\u00eancias, decorrente de pr\u00e1ticas interdisciplinares colaborativas, do uso de tecnologias digitais, da explora\u00e7\u00e3o de ambientes educativos inovadores e diferentes contextos associados \u00e0 forma\u00e7\u00e3o integral do aluno, como a educa\u00e7\u00e3o para o desenvolvimento sustent\u00e1vel. Constituiu-se como um espa\u00e7o de partilha e discuss\u00e3o de pr\u00e1ticas, projetos e investiga\u00e7\u00f5es em inova\u00e7\u00e3o pedag\u00f3gica no ensino da Matem\u00e1tica e das Ci\u00eancias. Os objetivos e tem\u00e1ticas definidos para o encontro encontram-se alinhados com os eixos de a\u00e7\u00e3o estrat\u00e9gica definidos para o AETA.<\/p>\n","protected":false},"excerpt":{"rendered":"<p>Duas docentes do AETA participaram na 3.\u00aa edi\u00e7\u00e3o do Encontro Internacional de Inova\u00e7\u00e3o no Ensino da Matem\u00e1tica e das Ci\u00eancias que se realizou nos dias 15 e 16 de mar\u00e7o em Santar\u00e9m. O evento centrou-se na inova\u00e7\u00e3o em educa\u00e7\u00e3o em matem\u00e1tica e ci\u00eancias, decorrente de pr\u00e1ticas interdisciplinares colaborativas, do uso de tecnologias digitais, da explora\u00e7\u00e3o [&hellip;]<\/p>\n","protected":false},"author":15,"featured_media":15531,"comment_status":"closed","ping_status":"closed","sticky":false,"template":"","format":"standard","meta":{"_eb_attr":"","footnotes":""},"categories":[3],"tags":[],"class_list":["post-15530","post","type-post","status-publish","format-standard","has-post-thumbnail","hentry","category-noticias"],"blog_post_layout_featured_media_urls":{"thumbnail":["https:\/\/aeterrasave.net\/webmedia\/wp-content\/uploads\/2024\/03\/iemc-150x150.png",150,150,true],"full":["https:\/\/aeterrasave.net\/webmedia\/wp-content\/uploads\/2024\/03\/iemc.png",239,160,false]},"categories_names":{"3":{"name":"Not\u00edcias","link":"https:\/\/aeterrasave.net\/webmedia\/category\/noticias\/"}},"tags_names":[],"comments_number":0,"wpmagazine_modules_lite_featured_media_urls":{"thumbnail":["https:\/\/aeterrasave.net\/webmedia\/wp-content\/uploads\/2024\/03\/iemc-150x150.png",150,150,true],"cvmm-medium":["https:\/\/aeterrasave.net\/webmedia\/wp-content\/uploads\/2024\/03\/iemc.png",239,160,false],"cvmm-medium-plus":["https:\/\/aeterrasave.net\/webmedia\/wp-content\/uploads\/2024\/03\/iemc.png",239,160,false],"cvmm-portrait":["https:\/\/aeterrasave.net\/webmedia\/wp-content\/uploads\/2024\/03\/iemc.png",239,160,false],"cvmm-medium-square":["https:\/\/aeterrasave.net\/webmedia\/wp-content\/uploads\/2024\/03\/iemc.png",239,160,false],"cvmm-large":["https:\/\/aeterrasave.net\/webmedia\/wp-content\/uploads\/2024\/03\/iemc.png",239,160,false],"cvmm-small":["https:\/\/aeterrasave.net\/webmedia\/wp-content\/uploads\/2024\/03\/iemc.png",130,87,false],"full":["https:\/\/aeterrasave.net\/webmedia\/wp-content\/uploads\/2024\/03\/iemc.png",239,160,false]},"_links":{"self":[{"href":"https:\/\/aeterrasave.net\/webmedia\/wp-json\/wp\/v2\/posts\/15530","targetHints":{"allow":["GET"]}}],"collection":[{"href":"https:\/\/aeterrasave.net\/webmedia\/wp-json\/wp\/v2\/posts"}],"about":[{"href":"https:\/\/aeterrasave.net\/webmedia\/wp-json\/wp\/v2\/types\/post"}],"author":[{"embeddable":true,"href":"https:\/\/aeterrasave.net\/webmedia\/wp-json\/wp\/v2\/users\/15"}],"replies":[{"embeddable":true,"href":"https:\/\/aeterrasave.net\/webmedia\/wp-json\/wp\/v2\/comments?post=15530"}],"version-history":[{"count":1,"href":"https:\/\/aeterrasave.net\/webmedia\/wp-json\/wp\/v2\/posts\/15530\/revisions"}],"predecessor-version":[{"id":15532,"href":"https:\/\/aeterrasave.net\/webmedia\/wp-json\/wp\/v2\/posts\/15530\/revisions\/15532"}],"wp:featuredmedia":[{"embeddable":true,"href":"https:\/\/aeterrasave.net\/webmedia\/wp-json\/wp\/v2\/media\/15531"}],"wp:attachment":[{"href":"https:\/\/aeterrasave.net\/webmedia\/wp-json\/wp\/v2\/media?parent=15530"}],"wp:term":[{"taxonomy":"category","embeddable":true,"href":"https:\/\/aeterrasave.net\/webmedia\/wp-json\/wp\/v2\/categories?post=15530"},{"taxonomy":"post_tag","embeddable":true,"href":"https:\/\/aeterrasave.net\/webmedia\/wp-json\/wp\/v2\/tags?post=15530"}],"curies":[{"name":"wp","href":"https:\/\/api.w.org\/{rel}","templated":true}]}}