{"id":15825,"date":"2024-04-19T17:27:18","date_gmt":"2024-04-19T16:27:18","guid":{"rendered":"https:\/\/aeterrasave.net\/webmedia\/?p=15825"},"modified":"2024-04-19T17:27:18","modified_gmt":"2024-04-19T16:27:18","slug":"maos-a-horta-na-eb-da-carreira","status":"publish","type":"post","link":"https:\/\/aeterrasave.net\/webmedia\/maos-a-horta-na-eb-da-carreira\/","title":{"rendered":"M\u00e3os \u00e0 horta na EB da Carreira"},"content":{"rendered":"\n<p>Foi com muita alegria e esp\u00edrito de equipa, que a comunidade educativa da EB da Carreira, se uniu na prepara\u00e7\u00e3o da horta biol\u00f3gica da nossa escola. Esta iniciativa contempla a participa\u00e7\u00e3o no Projeto Eco-escolas, que \u00e9 trabalhado ao longo do ano letivo, em diversas atividades.<\/p>\n\n\n\n<p>Alunos, professoras, pais e auxiliares de a\u00e7\u00e3o educativa, envolveram-se na prepara\u00e7\u00e3o do terreno para poderem ser feitas as primeiras planta\u00e7\u00f5es na nossa horta. Com a colabora\u00e7\u00e3o de todos, plant\u00e1mos alfaces, couves, ab\u00f3boras, morangos, uma macieira, plantas arom\u00e1ticas, suculentas, entre outras. <\/p>\n\n\n\n<p>A EB da Carreira agradece \u00e0 Associa\u00e7\u00e3o de Pais de Carreira e Bente, pela ajuda e colabora\u00e7\u00e3o nesta atividade.<\/p>\n\n\n\n<figure class=\"wp-block-image size-large is-resized\"><img loading=\"lazy\" decoding=\"async\" width=\"765\" height=\"1024\" src=\"https:\/\/aeterrasave.net\/webmedia\/wp-content\/uploads\/2024\/04\/horta-2-765x1024.jpg\" alt=\"\" class=\"wp-image-15826\" style=\"width:836px;height:auto\" srcset=\"https:\/\/aeterrasave.net\/webmedia\/wp-content\/uploads\/2024\/04\/horta-2-765x1024.jpg 765w, https:\/\/aeterrasave.net\/webmedia\/wp-content\/uploads\/2024\/04\/horta-2-299x400.jpg 299w, https:\/\/aeterrasave.net\/webmedia\/wp-content\/uploads\/2024\/04\/horta-2-768x1027.jpg 768w, https:\/\/aeterrasave.net\/webmedia\/wp-content\/uploads\/2024\/04\/horta-2-560x749.jpg 560w, https:\/\/aeterrasave.net\/webmedia\/wp-content\/uploads\/2024\/04\/horta-2.jpg 1196w\" sizes=\"auto, (max-width: 765px) 100vw, 765px\" \/><\/figure>\n\n\n\n<figure class=\"wp-block-image size-full is-resized\"><img loading=\"lazy\" decoding=\"async\" width=\"640\" height=\"478\" src=\"https:\/\/aeterrasave.net\/webmedia\/wp-content\/uploads\/2024\/04\/horta-3.jpg\" alt=\"\" class=\"wp-image-15827\" style=\"width:840px;height:auto\" srcset=\"https:\/\/aeterrasave.net\/webmedia\/wp-content\/uploads\/2024\/04\/horta-3.jpg 640w, https:\/\/aeterrasave.net\/webmedia\/wp-content\/uploads\/2024\/04\/horta-3-400x299.jpg 400w, https:\/\/aeterrasave.net\/webmedia\/wp-content\/uploads\/2024\/04\/horta-3-560x418.jpg 560w\" sizes=\"auto, (max-width: 640px) 100vw, 640px\" \/><\/figure>\n\n\n\n<figure class=\"wp-block-image size-full is-resized\"><img loading=\"lazy\" decoding=\"async\" width=\"480\" height=\"640\" src=\"https:\/\/aeterrasave.net\/webmedia\/wp-content\/uploads\/2024\/04\/horta-5.jpg\" alt=\"\" class=\"wp-image-15830\" style=\"width:840px;height:auto\" srcset=\"https:\/\/aeterrasave.net\/webmedia\/wp-content\/uploads\/2024\/04\/horta-5.jpg 480w, https:\/\/aeterrasave.net\/webmedia\/wp-content\/uploads\/2024\/04\/horta-5-300x400.jpg 300w\" sizes=\"auto, (max-width: 480px) 100vw, 480px\" \/><\/figure>\n\n\n\n<figure class=\"wp-block-image size-full is-resized\"><img loading=\"lazy\" decoding=\"async\" width=\"480\" height=\"640\" src=\"https:\/\/aeterrasave.net\/webmedia\/wp-content\/uploads\/2024\/04\/horta-6.jpg\" alt=\"\" class=\"wp-image-15831\" style=\"width:843px;height:auto\" srcset=\"https:\/\/aeterrasave.net\/webmedia\/wp-content\/uploads\/2024\/04\/horta-6.jpg 480w, https:\/\/aeterrasave.net\/webmedia\/wp-content\/uploads\/2024\/04\/horta-6-300x400.jpg 300w\" sizes=\"auto, (max-width: 480px) 100vw, 480px\" \/><\/figure>\n\n\n\n<figure class=\"wp-block-image size-large is-resized\"><img loading=\"lazy\" decoding=\"async\" width=\"768\" height=\"1024\" src=\"https:\/\/aeterrasave.net\/webmedia\/wp-content\/uploads\/2024\/04\/horta-7-768x1024.jpg\" alt=\"\" class=\"wp-image-15832\" style=\"width:839px;height:auto\" srcset=\"https:\/\/aeterrasave.net\/webmedia\/wp-content\/uploads\/2024\/04\/horta-7-768x1024.jpg 768w, https:\/\/aeterrasave.net\/webmedia\/wp-content\/uploads\/2024\/04\/horta-7-300x400.jpg 300w, https:\/\/aeterrasave.net\/webmedia\/wp-content\/uploads\/2024\/04\/horta-7-560x747.jpg 560w, https:\/\/aeterrasave.net\/webmedia\/wp-content\/uploads\/2024\/04\/horta-7.jpg 1200w\" sizes=\"auto, (max-width: 768px) 100vw, 768px\" \/><\/figure>\n\n\n\n<figure class=\"wp-block-image size-large\"><img loading=\"lazy\" decoding=\"async\" width=\"1024\" height=\"768\" src=\"https:\/\/aeterrasave.net\/webmedia\/wp-content\/uploads\/2024\/04\/horta-8-1024x768.jpg\" alt=\"\" class=\"wp-image-15833\" srcset=\"https:\/\/aeterrasave.net\/webmedia\/wp-content\/uploads\/2024\/04\/horta-8-1024x768.jpg 1024w, https:\/\/aeterrasave.net\/webmedia\/wp-content\/uploads\/2024\/04\/horta-8-400x300.jpg 400w, https:\/\/aeterrasave.net\/webmedia\/wp-content\/uploads\/2024\/04\/horta-8-768x576.jpg 768w, https:\/\/aeterrasave.net\/webmedia\/wp-content\/uploads\/2024\/04\/horta-8-560x420.jpg 560w, https:\/\/aeterrasave.net\/webmedia\/wp-content\/uploads\/2024\/04\/horta-8.jpg 1600w\" sizes=\"auto, (max-width: 1024px) 100vw, 1024px\" \/><\/figure>\n","protected":false},"excerpt":{"rendered":"<p>Foi com muita alegria e esp\u00edrito de equipa, que a comunidade educativa da EB da Carreira, se uniu na prepara\u00e7\u00e3o da horta biol\u00f3gica da nossa escola. Esta iniciativa contempla a participa\u00e7\u00e3o no Projeto Eco-escolas, que \u00e9 trabalhado ao longo do ano letivo, em diversas atividades. Alunos, professoras, pais e auxiliares de a\u00e7\u00e3o educativa, envolveram-se na [&hellip;]<\/p>\n","protected":false},"author":4,"featured_media":15834,"comment_status":"closed","ping_status":"closed","sticky":false,"template":"","format":"standard","meta":{"_eb_attr":"","footnotes":""},"categories":[3],"tags":[],"class_list":["post-15825","post","type-post","status-publish","format-standard","has-post-thumbnail","hentry","category-noticias"],"blog_post_layout_featured_media_urls":{"thumbnail":["https:\/\/aeterrasave.net\/webmedia\/wp-content\/uploads\/2024\/04\/horta-1-150x150.jpg",150,150,true],"full":["https:\/\/aeterrasave.net\/webmedia\/wp-content\/uploads\/2024\/04\/horta-1.jpg",1600,1196,false]},"categories_names":{"3":{"name":"Not\u00edcias","link":"https:\/\/aeterrasave.net\/webmedia\/category\/noticias\/"}},"tags_names":[],"comments_number":0,"wpmagazine_modules_lite_featured_media_urls":{"thumbnail":["https:\/\/aeterrasave.net\/webmedia\/wp-content\/uploads\/2024\/04\/horta-1-150x150.jpg",150,150,true],"cvmm-medium":["https:\/\/aeterrasave.net\/webmedia\/wp-content\/uploads\/2024\/04\/horta-1.jpg",300,224,false],"cvmm-medium-plus":["https:\/\/aeterrasave.net\/webmedia\/wp-content\/uploads\/2024\/04\/horta-1.jpg",277,207,false],"cvmm-portrait":["https:\/\/aeterrasave.net\/webmedia\/wp-content\/uploads\/2024\/04\/horta-1.jpg",400,299,false],"cvmm-medium-square":["https:\/\/aeterrasave.net\/webmedia\/wp-content\/uploads\/2024\/04\/horta-1.jpg",600,449,false],"cvmm-large":["https:\/\/aeterrasave.net\/webmedia\/wp-content\/uploads\/2024\/04\/horta-1.jpg",1024,765,false],"cvmm-small":["https:\/\/aeterrasave.net\/webmedia\/wp-content\/uploads\/2024\/04\/horta-1.jpg",127,95,false],"full":["https:\/\/aeterrasave.net\/webmedia\/wp-content\/uploads\/2024\/04\/horta-1.jpg",1600,1196,false]},"_links":{"self":[{"href":"https:\/\/aeterrasave.net\/webmedia\/wp-json\/wp\/v2\/posts\/15825","targetHints":{"allow":["GET"]}}],"collection":[{"href":"https:\/\/aeterrasave.net\/webmedia\/wp-json\/wp\/v2\/posts"}],"about":[{"href":"https:\/\/aeterrasave.net\/webmedia\/wp-json\/wp\/v2\/types\/post"}],"author":[{"embeddable":true,"href":"https:\/\/aeterrasave.net\/webmedia\/wp-json\/wp\/v2\/users\/4"}],"replies":[{"embeddable":true,"href":"https:\/\/aeterrasave.net\/webmedia\/wp-json\/wp\/v2\/comments?post=15825"}],"version-history":[{"count":1,"href":"https:\/\/aeterrasave.net\/webmedia\/wp-json\/wp\/v2\/posts\/15825\/revisions"}],"predecessor-version":[{"id":15835,"href":"https:\/\/aeterrasave.net\/webmedia\/wp-json\/wp\/v2\/posts\/15825\/revisions\/15835"}],"wp:featuredmedia":[{"embeddable":true,"href":"https:\/\/aeterrasave.net\/webmedia\/wp-json\/wp\/v2\/media\/15834"}],"wp:attachment":[{"href":"https:\/\/aeterrasave.net\/webmedia\/wp-json\/wp\/v2\/media?parent=15825"}],"wp:term":[{"taxonomy":"category","embeddable":true,"href":"https:\/\/aeterrasave.net\/webmedia\/wp-json\/wp\/v2\/categories?post=15825"},{"taxonomy":"post_tag","embeddable":true,"href":"https:\/\/aeterrasave.net\/webmedia\/wp-json\/wp\/v2\/tags?post=15825"}],"curies":[{"name":"wp","href":"https:\/\/api.w.org\/{rel}","templated":true}]}}