{"id":15910,"date":"2024-04-29T21:10:35","date_gmt":"2024-04-29T20:10:35","guid":{"rendered":"https:\/\/aeterrasave.net\/webmedia\/?p=15910"},"modified":"2024-04-29T21:10:35","modified_gmt":"2024-04-29T20:10:35","slug":"dia-mundial-da-danca-na-eb-de-s-mateus","status":"publish","type":"post","link":"https:\/\/aeterrasave.net\/webmedia\/dia-mundial-da-danca-na-eb-de-s-mateus\/","title":{"rendered":"Dia Mundial da Dan\u00e7a na EB de S. Mateus\u00a0"},"content":{"rendered":"\n<p>Hoje, dia 29 de abril, todos os alunos da Escola B\u00e1sica de Oliveira S. Mateus dan\u00e7aram no recreio.<\/p>\n\n\n\n<p>Para assinalar o Dia Mundial da Dan\u00e7a, a Associa\u00e7\u00e3o de Pais convidou uma professora de dan\u00e7a para \u201cp\u00f4r toda a gente a dan\u00e7ar\u201d. As m\u00fasicas eram divertidas e conhecidas de todos e as coreografias pareciam ensaiadas. As professoras n\u00e3o resistiram e tamb\u00e9m dan\u00e7aram.<\/p>\n\n\n\n<p>Jos\u00e9 Fonseca, aluno do 3\u00ba ano, disse que gostou muito da atividade e que a m\u00fasica preferida foi \u201cA dan\u00e7arina\u201d.<\/p>\n\n\n\n<figure class=\"wp-block-gallery has-nested-images columns-default is-cropped wp-block-gallery-1 is-layout-flex wp-block-gallery-is-layout-flex\">\n<figure class=\"wp-block-image size-large\"><img loading=\"lazy\" decoding=\"async\" width=\"768\" height=\"1024\" data-id=\"15911\" src=\"https:\/\/aeterrasave.net\/webmedia\/wp-content\/uploads\/2024\/04\/IMG_8202-768x1024.jpg\" alt=\"\" class=\"wp-image-15911\" srcset=\"https:\/\/aeterrasave.net\/webmedia\/wp-content\/uploads\/2024\/04\/IMG_8202-768x1024.jpg 768w, https:\/\/aeterrasave.net\/webmedia\/wp-content\/uploads\/2024\/04\/IMG_8202-300x400.jpg 300w, https:\/\/aeterrasave.net\/webmedia\/wp-content\/uploads\/2024\/04\/IMG_8202-560x747.jpg 560w, https:\/\/aeterrasave.net\/webmedia\/wp-content\/uploads\/2024\/04\/IMG_8202-scaled.jpg 1920w\" sizes=\"auto, (max-width: 768px) 100vw, 768px\" \/><\/figure>\n\n\n\n<figure class=\"wp-block-image size-large\"><img loading=\"lazy\" decoding=\"async\" width=\"768\" height=\"1024\" data-id=\"15912\" src=\"https:\/\/aeterrasave.net\/webmedia\/wp-content\/uploads\/2024\/04\/IMG_8204-768x1024.jpg\" alt=\"\" class=\"wp-image-15912\" srcset=\"https:\/\/aeterrasave.net\/webmedia\/wp-content\/uploads\/2024\/04\/IMG_8204-768x1024.jpg 768w, https:\/\/aeterrasave.net\/webmedia\/wp-content\/uploads\/2024\/04\/IMG_8204-300x400.jpg 300w, https:\/\/aeterrasave.net\/webmedia\/wp-content\/uploads\/2024\/04\/IMG_8204-560x747.jpg 560w, https:\/\/aeterrasave.net\/webmedia\/wp-content\/uploads\/2024\/04\/IMG_8204-scaled.jpg 1920w\" sizes=\"auto, (max-width: 768px) 100vw, 768px\" \/><\/figure>\n<\/figure>\n\n\n\n<figure class=\"wp-block-image size-large\"><img loading=\"lazy\" decoding=\"async\" width=\"768\" height=\"1024\" src=\"https:\/\/aeterrasave.net\/webmedia\/wp-content\/uploads\/2024\/04\/IMG_8211-1-768x1024.jpg\" alt=\"\" class=\"wp-image-15916\" srcset=\"https:\/\/aeterrasave.net\/webmedia\/wp-content\/uploads\/2024\/04\/IMG_8211-1-768x1024.jpg 768w, https:\/\/aeterrasave.net\/webmedia\/wp-content\/uploads\/2024\/04\/IMG_8211-1-300x400.jpg 300w, https:\/\/aeterrasave.net\/webmedia\/wp-content\/uploads\/2024\/04\/IMG_8211-1-560x747.jpg 560w, https:\/\/aeterrasave.net\/webmedia\/wp-content\/uploads\/2024\/04\/IMG_8211-1-scaled.jpg 1920w\" sizes=\"auto, (max-width: 768px) 100vw, 768px\" \/><\/figure>\n\n\n\n<figure class=\"wp-block-image size-large is-resized\"><img loading=\"lazy\" decoding=\"async\" width=\"768\" height=\"1024\" src=\"https:\/\/aeterrasave.net\/webmedia\/wp-content\/uploads\/2024\/04\/IMG_8216-768x1024.jpg\" alt=\"\" class=\"wp-image-15917\" style=\"width:840px;height:auto\" srcset=\"https:\/\/aeterrasave.net\/webmedia\/wp-content\/uploads\/2024\/04\/IMG_8216-768x1024.jpg 768w, https:\/\/aeterrasave.net\/webmedia\/wp-content\/uploads\/2024\/04\/IMG_8216-300x400.jpg 300w, https:\/\/aeterrasave.net\/webmedia\/wp-content\/uploads\/2024\/04\/IMG_8216-560x747.jpg 560w, https:\/\/aeterrasave.net\/webmedia\/wp-content\/uploads\/2024\/04\/IMG_8216-scaled.jpg 1920w\" sizes=\"auto, (max-width: 768px) 100vw, 768px\" \/><\/figure>\n\n\n\n<figure class=\"wp-block-image size-large\"><img loading=\"lazy\" decoding=\"async\" width=\"1024\" height=\"768\" src=\"https:\/\/aeterrasave.net\/webmedia\/wp-content\/uploads\/2024\/04\/IMG_8208-2-1024x768.jpg\" alt=\"\" class=\"wp-image-15918\" srcset=\"https:\/\/aeterrasave.net\/webmedia\/wp-content\/uploads\/2024\/04\/IMG_8208-2-1024x768.jpg 1024w, https:\/\/aeterrasave.net\/webmedia\/wp-content\/uploads\/2024\/04\/IMG_8208-2-400x300.jpg 400w, https:\/\/aeterrasave.net\/webmedia\/wp-content\/uploads\/2024\/04\/IMG_8208-2-768x576.jpg 768w, https:\/\/aeterrasave.net\/webmedia\/wp-content\/uploads\/2024\/04\/IMG_8208-2-560x420.jpg 560w\" sizes=\"auto, (max-width: 1024px) 100vw, 1024px\" \/><\/figure>\n","protected":false},"excerpt":{"rendered":"<p>Hoje, dia 29 de abril, todos os alunos da Escola B\u00e1sica de Oliveira S. Mateus dan\u00e7aram no recreio. Para assinalar o Dia Mundial da Dan\u00e7a, a Associa\u00e7\u00e3o de Pais convidou uma professora de dan\u00e7a para \u201cp\u00f4r toda a gente a dan\u00e7ar\u201d. As m\u00fasicas eram divertidas e conhecidas de todos e as coreografias pareciam ensaiadas. As [&hellip;]<\/p>\n","protected":false},"author":11,"featured_media":15918,"comment_status":"closed","ping_status":"closed","sticky":false,"template":"","format":"standard","meta":{"_eb_attr":"","footnotes":""},"categories":[3],"tags":[],"class_list":["post-15910","post","type-post","status-publish","format-standard","has-post-thumbnail","hentry","category-noticias"],"blog_post_layout_featured_media_urls":{"thumbnail":["https:\/\/aeterrasave.net\/webmedia\/wp-content\/uploads\/2024\/04\/IMG_8208-2-150x150.jpg",150,150,true],"full":["https:\/\/aeterrasave.net\/webmedia\/wp-content\/uploads\/2024\/04\/IMG_8208-2-scaled.jpg",2560,1920,false]},"categories_names":{"3":{"name":"Not\u00edcias","link":"https:\/\/aeterrasave.net\/webmedia\/category\/noticias\/"}},"tags_names":[],"comments_number":0,"wpmagazine_modules_lite_featured_media_urls":{"thumbnail":["https:\/\/aeterrasave.net\/webmedia\/wp-content\/uploads\/2024\/04\/IMG_8208-2-150x150.jpg",150,150,true],"cvmm-medium":["https:\/\/aeterrasave.net\/webmedia\/wp-content\/uploads\/2024\/04\/IMG_8208-2-scaled.jpg",300,225,false],"cvmm-medium-plus":["https:\/\/aeterrasave.net\/webmedia\/wp-content\/uploads\/2024\/04\/IMG_8208-2-scaled.jpg",276,207,false],"cvmm-portrait":["https:\/\/aeterrasave.net\/webmedia\/wp-content\/uploads\/2024\/04\/IMG_8208-2-scaled.jpg",400,300,false],"cvmm-medium-square":["https:\/\/aeterrasave.net\/webmedia\/wp-content\/uploads\/2024\/04\/IMG_8208-2-scaled.jpg",600,450,false],"cvmm-large":["https:\/\/aeterrasave.net\/webmedia\/wp-content\/uploads\/2024\/04\/IMG_8208-2-scaled.jpg",1024,768,false],"cvmm-small":["https:\/\/aeterrasave.net\/webmedia\/wp-content\/uploads\/2024\/04\/IMG_8208-2-scaled.jpg",127,95,false],"full":["https:\/\/aeterrasave.net\/webmedia\/wp-content\/uploads\/2024\/04\/IMG_8208-2-scaled.jpg",2560,1920,false]},"_links":{"self":[{"href":"https:\/\/aeterrasave.net\/webmedia\/wp-json\/wp\/v2\/posts\/15910","targetHints":{"allow":["GET"]}}],"collection":[{"href":"https:\/\/aeterrasave.net\/webmedia\/wp-json\/wp\/v2\/posts"}],"about":[{"href":"https:\/\/aeterrasave.net\/webmedia\/wp-json\/wp\/v2\/types\/post"}],"author":[{"embeddable":true,"href":"https:\/\/aeterrasave.net\/webmedia\/wp-json\/wp\/v2\/users\/11"}],"replies":[{"embeddable":true,"href":"https:\/\/aeterrasave.net\/webmedia\/wp-json\/wp\/v2\/comments?post=15910"}],"version-history":[{"count":1,"href":"https:\/\/aeterrasave.net\/webmedia\/wp-json\/wp\/v2\/posts\/15910\/revisions"}],"predecessor-version":[{"id":15919,"href":"https:\/\/aeterrasave.net\/webmedia\/wp-json\/wp\/v2\/posts\/15910\/revisions\/15919"}],"wp:featuredmedia":[{"embeddable":true,"href":"https:\/\/aeterrasave.net\/webmedia\/wp-json\/wp\/v2\/media\/15918"}],"wp:attachment":[{"href":"https:\/\/aeterrasave.net\/webmedia\/wp-json\/wp\/v2\/media?parent=15910"}],"wp:term":[{"taxonomy":"category","embeddable":true,"href":"https:\/\/aeterrasave.net\/webmedia\/wp-json\/wp\/v2\/categories?post=15910"},{"taxonomy":"post_tag","embeddable":true,"href":"https:\/\/aeterrasave.net\/webmedia\/wp-json\/wp\/v2\/tags?post=15910"}],"curies":[{"name":"wp","href":"https:\/\/api.w.org\/{rel}","templated":true}]}}