{"id":15945,"date":"2024-05-04T19:47:06","date_gmt":"2024-05-04T18:47:06","guid":{"rendered":"https:\/\/aeterrasave.net\/webmedia\/?p=15945"},"modified":"2024-05-04T19:47:07","modified_gmt":"2024-05-04T18:47:07","slug":"encarregada-de-educacao-partilha-talento-em-oficina-de-macrame","status":"publish","type":"post","link":"https:\/\/aeterrasave.net\/webmedia\/encarregada-de-educacao-partilha-talento-em-oficina-de-macrame\/","title":{"rendered":"Encarregada de Educa\u00e7\u00e3o partilha talento em oficina de macram\u00e9"},"content":{"rendered":"\n<p>D. Cristiana, m\u00e3e da aluna Sara Silva, do 4\u00ba ano, foi convidada pela professora titular a partilhar o seu talento numa oficina de macram\u00e9.<\/p>\n\n\n\n<p>Com habilidade e paci\u00eancia, D. Cristiana, cativou os alunos ao ensin\u00e1-los a criar pulseiras \u00fanicas utilizando a t\u00e9cnica ancestral do macram\u00e9. Desde os primeiros n\u00f3s, os estudantes mostraram-se entusiasmados, mergulhando de cabe\u00e7a na arte de entrela\u00e7ar fios.<\/p>\n\n\n\n<p>A professora titular, expressou a sua gratid\u00e3o pela contribui\u00e7\u00e3o de D. Cristiana: &#8220;Foi uma experi\u00eancia enriquecedora para todos n\u00f3s! D. Cristiana trouxe-nos a sua habilidade manual, mas tamb\u00e9m um esp\u00edrito generoso e encantador que motivou todos os alunos.&#8221;<\/p>\n\n\n\n<p>Os alunos, por sua vez, n\u00e3o poderiam estar mais felizes com a oportunidade de aprender algo novo e significativo. &#8220;Foi incr\u00edvel aprender com a m\u00e3e da Sara. Agora at\u00e9 posso fazer pulseiras para vender aos meus amigos!&#8221;, exclamou um deles.<\/p>\n\n\n\n<p>D. Cristiana, tamb\u00e9m ficou radiante ao perceber que contribuiu para a educa\u00e7\u00e3o dos colegas da turma da sua filha: &#8220;Foi gratificante ver o brilho nos olhos das crian\u00e7as enquanto criavam as suas pulseiras\u201d.<\/p>\n\n\n\n<p>A professora deixa um agradecimento especial \u00e0 Encarregada de Educa\u00e7\u00e3o, pela sua disponibilidade e generosidade em proporcionar uma experi\u00eancia l\u00fadica e ao mesmo tempo educativa.<\/p>\n\n\n\n<p>Esta &#8220;oficina&#8221; al\u00e9m de estimular a criatividade, trabalhar a motricidade fina, ajudar a desenvolver a concentra\u00e7\u00e3o, a coordena\u00e7\u00e3o, o pensamento cr\u00edtico, o esp\u00edrito de entreajuda e a autoconfian\u00e7a nas crian\u00e7as, refor\u00e7a tamb\u00e9m, o valor da colabora\u00e7\u00e3o entre a escola e a comunidade, fortalecendo la\u00e7os.<\/p>\n\n\n\n<figure class=\"wp-block-video\"><video height=\"200\" style=\"aspect-ratio: 150 \/ 200;\" width=\"150\" controls poster=\"https:\/\/aeterrasave.net\/webmedia\/wp-content\/uploads\/2024\/05\/IMG_20240502_085106.jpg\" src=\"https:\/\/aeterrasave.net\/webmedia\/wp-content\/uploads\/2024\/05\/VID-20240501-WA0011_2bc5.mp4\"><\/video><\/figure>\n","protected":false},"excerpt":{"rendered":"<p>D. Cristiana, m\u00e3e da aluna Sara Silva, do 4\u00ba ano, foi convidada pela professora titular a partilhar o seu talento numa oficina de macram\u00e9. Com habilidade e paci\u00eancia, D. Cristiana, cativou os alunos ao ensin\u00e1-los a criar pulseiras \u00fanicas utilizando a t\u00e9cnica ancestral do macram\u00e9. Desde os primeiros n\u00f3s, os estudantes mostraram-se entusiasmados, mergulhando de [&hellip;]<\/p>\n","protected":false},"author":11,"featured_media":22989,"comment_status":"closed","ping_status":"closed","sticky":false,"template":"","format":"standard","meta":{"_eb_attr":"","footnotes":""},"categories":[3],"tags":[],"class_list":["post-15945","post","type-post","status-publish","format-standard","has-post-thumbnail","hentry","category-noticias"],"blog_post_layout_featured_media_urls":{"thumbnail":["https:\/\/aeterrasave.net\/webmedia\/wp-content\/uploads\/2026\/04\/Default_AETA_New-150x82.png",150,82,true],"full":["https:\/\/aeterrasave.net\/webmedia\/wp-content\/uploads\/2026\/04\/Default_AETA_New.png",300,82,false]},"categories_names":{"3":{"name":"Not\u00edcias","link":"https:\/\/aeterrasave.net\/webmedia\/category\/noticias\/"}},"tags_names":[],"comments_number":0,"wpmagazine_modules_lite_featured_media_urls":{"thumbnail":["https:\/\/aeterrasave.net\/webmedia\/wp-content\/uploads\/2026\/04\/Default_AETA_New-150x82.png",150,82,true],"cvmm-medium":["https:\/\/aeterrasave.net\/webmedia\/wp-content\/uploads\/2026\/04\/Default_AETA_New.png",300,82,false],"cvmm-medium-plus":["https:\/\/aeterrasave.net\/webmedia\/wp-content\/uploads\/2026\/04\/Default_AETA_New.png",300,82,false],"cvmm-portrait":["https:\/\/aeterrasave.net\/webmedia\/wp-content\/uploads\/2026\/04\/Default_AETA_New.png",300,82,false],"cvmm-medium-square":["https:\/\/aeterrasave.net\/webmedia\/wp-content\/uploads\/2026\/04\/Default_AETA_New.png",300,82,false],"cvmm-large":["https:\/\/aeterrasave.net\/webmedia\/wp-content\/uploads\/2026\/04\/Default_AETA_New.png",300,82,false],"cvmm-small":["https:\/\/aeterrasave.net\/webmedia\/wp-content\/uploads\/2026\/04\/Default_AETA_New-130x82.png",130,82,true],"full":["https:\/\/aeterrasave.net\/webmedia\/wp-content\/uploads\/2026\/04\/Default_AETA_New.png",300,82,false]},"_links":{"self":[{"href":"https:\/\/aeterrasave.net\/webmedia\/wp-json\/wp\/v2\/posts\/15945","targetHints":{"allow":["GET"]}}],"collection":[{"href":"https:\/\/aeterrasave.net\/webmedia\/wp-json\/wp\/v2\/posts"}],"about":[{"href":"https:\/\/aeterrasave.net\/webmedia\/wp-json\/wp\/v2\/types\/post"}],"author":[{"embeddable":true,"href":"https:\/\/aeterrasave.net\/webmedia\/wp-json\/wp\/v2\/users\/11"}],"replies":[{"embeddable":true,"href":"https:\/\/aeterrasave.net\/webmedia\/wp-json\/wp\/v2\/comments?post=15945"}],"version-history":[{"count":1,"href":"https:\/\/aeterrasave.net\/webmedia\/wp-json\/wp\/v2\/posts\/15945\/revisions"}],"predecessor-version":[{"id":15950,"href":"https:\/\/aeterrasave.net\/webmedia\/wp-json\/wp\/v2\/posts\/15945\/revisions\/15950"}],"wp:featuredmedia":[{"embeddable":true,"href":"https:\/\/aeterrasave.net\/webmedia\/wp-json\/wp\/v2\/media\/22989"}],"wp:attachment":[{"href":"https:\/\/aeterrasave.net\/webmedia\/wp-json\/wp\/v2\/media?parent=15945"}],"wp:term":[{"taxonomy":"category","embeddable":true,"href":"https:\/\/aeterrasave.net\/webmedia\/wp-json\/wp\/v2\/categories?post=15945"},{"taxonomy":"post_tag","embeddable":true,"href":"https:\/\/aeterrasave.net\/webmedia\/wp-json\/wp\/v2\/tags?post=15945"}],"curies":[{"name":"wp","href":"https:\/\/api.w.org\/{rel}","templated":true}]}}