{"id":16030,"date":"2024-05-17T21:42:50","date_gmt":"2024-05-17T20:42:50","guid":{"rendered":"https:\/\/aeterrasave.net\/webmedia\/?p=16030"},"modified":"2024-05-17T21:42:51","modified_gmt":"2024-05-17T20:42:51","slug":"exposicao-hoteis-de-insetos","status":"publish","type":"post","link":"https:\/\/aeterrasave.net\/webmedia\/exposicao-hoteis-de-insetos\/","title":{"rendered":"Exposi\u00e7\u00e3o &#8220;Hot\u00e9is de insetos&#8221;"},"content":{"rendered":"\n<p>No dia 17 de maio, a EB de Castel\u00f5es marcou presen\u00e7a na inaugura\u00e7\u00e3o da exposi\u00e7\u00e3o &#8220;Hot\u00e9is de insetos&#8221; na Pra\u00e7a D. Maria II.  Esta exposi\u00e7\u00e3o \u00e9 o resultado de um concurso promovido pela C\u00e2mara Municipal de VN de Famalic\u00e3o, no \u00e2mbito da comemora\u00e7\u00e3o do Dia da Abelha, com o objetivo de sensibilizar e educar para a prote\u00e7\u00e3o dos insetos polinizadores. Os alunos do 4\u00ba ano participaram nesse concurso, com a constru\u00e7\u00e3o de um &#8220;hotel de insetos&#8221;, o &#8220;Bugs Hotel &amp; Spa&#8221;, integrando assim o programa Eco-Escolas. <\/p>\n\n\n\n<figure class=\"wp-block-image size-large is-resized\"><img loading=\"lazy\" decoding=\"async\" width=\"576\" height=\"1024\" src=\"https:\/\/aeterrasave.net\/webmedia\/wp-content\/uploads\/2024\/05\/hotel-de-inseetos-576x1024.jpg\" alt=\"\" class=\"wp-image-16031\" style=\"width:406px;height:auto\" srcset=\"https:\/\/aeterrasave.net\/webmedia\/wp-content\/uploads\/2024\/05\/hotel-de-inseetos-576x1024.jpg 576w, https:\/\/aeterrasave.net\/webmedia\/wp-content\/uploads\/2024\/05\/hotel-de-inseetos-225x400.jpg 225w, https:\/\/aeterrasave.net\/webmedia\/wp-content\/uploads\/2024\/05\/hotel-de-inseetos-768x1366.jpg 768w, https:\/\/aeterrasave.net\/webmedia\/wp-content\/uploads\/2024\/05\/hotel-de-inseetos-560x996.jpg 560w, https:\/\/aeterrasave.net\/webmedia\/wp-content\/uploads\/2024\/05\/hotel-de-inseetos-scaled.jpg 1440w\" sizes=\"auto, (max-width: 576px) 100vw, 576px\" \/><\/figure>\n","protected":false},"excerpt":{"rendered":"<p>No dia 17 de maio, a EB de Castel\u00f5es marcou presen\u00e7a na inaugura\u00e7\u00e3o da exposi\u00e7\u00e3o &#8220;Hot\u00e9is de insetos&#8221; na Pra\u00e7a D. Maria II. Esta exposi\u00e7\u00e3o \u00e9 o resultado de um concurso promovido pela C\u00e2mara Municipal de VN de Famalic\u00e3o, no \u00e2mbito da comemora\u00e7\u00e3o do Dia da Abelha, com o objetivo de sensibilizar e educar para [&hellip;]<\/p>\n","protected":false},"author":5,"featured_media":16034,"comment_status":"closed","ping_status":"closed","sticky":false,"template":"","format":"standard","meta":{"_eb_attr":"","footnotes":""},"categories":[3],"tags":[],"class_list":["post-16030","post","type-post","status-publish","format-standard","has-post-thumbnail","hentry","category-noticias"],"blog_post_layout_featured_media_urls":{"thumbnail":["https:\/\/aeterrasave.net\/webmedia\/wp-content\/uploads\/2024\/05\/hotel-e-spa-150x150.jpg",150,150,true],"full":["https:\/\/aeterrasave.net\/webmedia\/wp-content\/uploads\/2024\/05\/hotel-e-spa.jpg",378,560,false]},"categories_names":{"3":{"name":"Not\u00edcias","link":"https:\/\/aeterrasave.net\/webmedia\/category\/noticias\/"}},"tags_names":[],"comments_number":0,"wpmagazine_modules_lite_featured_media_urls":{"thumbnail":["https:\/\/aeterrasave.net\/webmedia\/wp-content\/uploads\/2024\/05\/hotel-e-spa-150x150.jpg",150,150,true],"cvmm-medium":["https:\/\/aeterrasave.net\/webmedia\/wp-content\/uploads\/2024\/05\/hotel-e-spa.jpg",203,300,false],"cvmm-medium-plus":["https:\/\/aeterrasave.net\/webmedia\/wp-content\/uploads\/2024\/05\/hotel-e-spa.jpg",140,207,false],"cvmm-portrait":["https:\/\/aeterrasave.net\/webmedia\/wp-content\/uploads\/2024\/05\/hotel-e-spa.jpg",378,560,false],"cvmm-medium-square":["https:\/\/aeterrasave.net\/webmedia\/wp-content\/uploads\/2024\/05\/hotel-e-spa.jpg",378,560,false],"cvmm-large":["https:\/\/aeterrasave.net\/webmedia\/wp-content\/uploads\/2024\/05\/hotel-e-spa.jpg",378,560,false],"cvmm-small":["https:\/\/aeterrasave.net\/webmedia\/wp-content\/uploads\/2024\/05\/hotel-e-spa.jpg",64,95,false],"full":["https:\/\/aeterrasave.net\/webmedia\/wp-content\/uploads\/2024\/05\/hotel-e-spa.jpg",378,560,false]},"_links":{"self":[{"href":"https:\/\/aeterrasave.net\/webmedia\/wp-json\/wp\/v2\/posts\/16030","targetHints":{"allow":["GET"]}}],"collection":[{"href":"https:\/\/aeterrasave.net\/webmedia\/wp-json\/wp\/v2\/posts"}],"about":[{"href":"https:\/\/aeterrasave.net\/webmedia\/wp-json\/wp\/v2\/types\/post"}],"author":[{"embeddable":true,"href":"https:\/\/aeterrasave.net\/webmedia\/wp-json\/wp\/v2\/users\/5"}],"replies":[{"embeddable":true,"href":"https:\/\/aeterrasave.net\/webmedia\/wp-json\/wp\/v2\/comments?post=16030"}],"version-history":[{"count":1,"href":"https:\/\/aeterrasave.net\/webmedia\/wp-json\/wp\/v2\/posts\/16030\/revisions"}],"predecessor-version":[{"id":16035,"href":"https:\/\/aeterrasave.net\/webmedia\/wp-json\/wp\/v2\/posts\/16030\/revisions\/16035"}],"wp:featuredmedia":[{"embeddable":true,"href":"https:\/\/aeterrasave.net\/webmedia\/wp-json\/wp\/v2\/media\/16034"}],"wp:attachment":[{"href":"https:\/\/aeterrasave.net\/webmedia\/wp-json\/wp\/v2\/media?parent=16030"}],"wp:term":[{"taxonomy":"category","embeddable":true,"href":"https:\/\/aeterrasave.net\/webmedia\/wp-json\/wp\/v2\/categories?post=16030"},{"taxonomy":"post_tag","embeddable":true,"href":"https:\/\/aeterrasave.net\/webmedia\/wp-json\/wp\/v2\/tags?post=16030"}],"curies":[{"name":"wp","href":"https:\/\/api.w.org\/{rel}","templated":true}]}}