{"id":16148,"date":"2024-06-03T23:18:54","date_gmt":"2024-06-03T22:18:54","guid":{"rendered":"https:\/\/aeterrasave.net\/webmedia\/?p=16148"},"modified":"2024-06-03T23:18:54","modified_gmt":"2024-06-03T22:18:54","slug":"bandeira-eco-escolas-na-eb-da-carreira","status":"publish","type":"post","link":"https:\/\/aeterrasave.net\/webmedia\/bandeira-eco-escolas-na-eb-da-carreira\/","title":{"rendered":"Bandeira Eco-Escolas na EB da Carreira"},"content":{"rendered":"\n<p>No \u00e2mbito do Projeto Eco-Escolas, a EB da Carreira hasteou a sua merecida bandeira.<\/p>\n\n\n\n<p>Este s\u00edmbolo representa todo o trabalho e envolv\u00eancia nas diversas atividades desenvolvidas no Projeto, ao longo do ano letivo 2022\/2023, pelos diferentes membros da comunidade educativa.<\/p>\n\n\n\n<p>O momento contou com a presen\u00e7a dos alunos, professores, auxiliares de a\u00e7\u00e3o educativa, membros representativos da Junta de Freguesia e da Associa\u00e7\u00e3o de Pais de Carreira e Bente.<\/p>\n\n\n\n<p>Parab\u00e9ns a todos!! Somos Eco-Escolas!<\/p>\n\n\n\n<figure class=\"wp-block-image size-full is-resized\"><img loading=\"lazy\" decoding=\"async\" width=\"480\" height=\"640\" src=\"https:\/\/aeterrasave.net\/webmedia\/wp-content\/uploads\/2024\/06\/bandeira-2-rotated.jpg\" alt=\"\" class=\"wp-image-16150\" style=\"width:842px;height:auto\" srcset=\"https:\/\/aeterrasave.net\/webmedia\/wp-content\/uploads\/2024\/06\/bandeira-2-rotated.jpg 480w, https:\/\/aeterrasave.net\/webmedia\/wp-content\/uploads\/2024\/06\/bandeira-2-300x400.jpg 300w\" sizes=\"auto, (max-width: 480px) 100vw, 480px\" \/><\/figure>\n\n\n\n<figure class=\"wp-block-image size-full is-resized\"><img loading=\"lazy\" decoding=\"async\" width=\"480\" height=\"640\" src=\"https:\/\/aeterrasave.net\/webmedia\/wp-content\/uploads\/2024\/06\/bandeira-1-rotated.jpg\" alt=\"\" class=\"wp-image-16153\" style=\"width:845px;height:auto\" srcset=\"https:\/\/aeterrasave.net\/webmedia\/wp-content\/uploads\/2024\/06\/bandeira-1-rotated.jpg 480w, https:\/\/aeterrasave.net\/webmedia\/wp-content\/uploads\/2024\/06\/bandeira-1-300x400.jpg 300w\" sizes=\"auto, (max-width: 480px) 100vw, 480px\" \/><\/figure>\n\n\n\n<figure class=\"wp-block-image size-large is-resized\"><img loading=\"lazy\" decoding=\"async\" width=\"768\" height=\"1024\" src=\"https:\/\/aeterrasave.net\/webmedia\/wp-content\/uploads\/2024\/06\/bandeira-3-2-768x1024.jpg\" alt=\"\" class=\"wp-image-16155\" style=\"width:842px;height:auto\" srcset=\"https:\/\/aeterrasave.net\/webmedia\/wp-content\/uploads\/2024\/06\/bandeira-3-2-768x1024.jpg 768w, https:\/\/aeterrasave.net\/webmedia\/wp-content\/uploads\/2024\/06\/bandeira-3-2-300x400.jpg 300w, https:\/\/aeterrasave.net\/webmedia\/wp-content\/uploads\/2024\/06\/bandeira-3-2-560x747.jpg 560w, https:\/\/aeterrasave.net\/webmedia\/wp-content\/uploads\/2024\/06\/bandeira-3-2.jpg 1200w\" sizes=\"auto, (max-width: 768px) 100vw, 768px\" \/><\/figure>\n","protected":false},"excerpt":{"rendered":"<p>No \u00e2mbito do Projeto Eco-Escolas, a EB da Carreira hasteou a sua merecida bandeira. Este s\u00edmbolo representa todo o trabalho e envolv\u00eancia nas diversas atividades desenvolvidas no Projeto, ao longo do ano letivo 2022\/2023, pelos diferentes membros da comunidade educativa. O momento contou com a presen\u00e7a dos alunos, professores, auxiliares de a\u00e7\u00e3o educativa, membros representativos [&hellip;]<\/p>\n","protected":false},"author":4,"featured_media":16156,"comment_status":"closed","ping_status":"closed","sticky":false,"template":"","format":"standard","meta":{"_eb_attr":"","footnotes":""},"categories":[3],"tags":[],"class_list":["post-16148","post","type-post","status-publish","format-standard","has-post-thumbnail","hentry","category-noticias"],"blog_post_layout_featured_media_urls":{"thumbnail":["https:\/\/aeterrasave.net\/webmedia\/wp-content\/uploads\/2024\/06\/bandeira-destaque-150x150.jpg",150,150,true],"full":["https:\/\/aeterrasave.net\/webmedia\/wp-content\/uploads\/2024\/06\/bandeira-destaque.jpg",640,480,false]},"categories_names":{"3":{"name":"Not\u00edcias","link":"https:\/\/aeterrasave.net\/webmedia\/category\/noticias\/"}},"tags_names":[],"comments_number":0,"wpmagazine_modules_lite_featured_media_urls":{"thumbnail":["https:\/\/aeterrasave.net\/webmedia\/wp-content\/uploads\/2024\/06\/bandeira-destaque-150x150.jpg",150,150,true],"cvmm-medium":["https:\/\/aeterrasave.net\/webmedia\/wp-content\/uploads\/2024\/06\/bandeira-destaque.jpg",300,225,false],"cvmm-medium-plus":["https:\/\/aeterrasave.net\/webmedia\/wp-content\/uploads\/2024\/06\/bandeira-destaque.jpg",276,207,false],"cvmm-portrait":["https:\/\/aeterrasave.net\/webmedia\/wp-content\/uploads\/2024\/06\/bandeira-destaque.jpg",400,300,false],"cvmm-medium-square":["https:\/\/aeterrasave.net\/webmedia\/wp-content\/uploads\/2024\/06\/bandeira-destaque.jpg",600,450,false],"cvmm-large":["https:\/\/aeterrasave.net\/webmedia\/wp-content\/uploads\/2024\/06\/bandeira-destaque.jpg",640,480,false],"cvmm-small":["https:\/\/aeterrasave.net\/webmedia\/wp-content\/uploads\/2024\/06\/bandeira-destaque.jpg",127,95,false],"full":["https:\/\/aeterrasave.net\/webmedia\/wp-content\/uploads\/2024\/06\/bandeira-destaque.jpg",640,480,false]},"_links":{"self":[{"href":"https:\/\/aeterrasave.net\/webmedia\/wp-json\/wp\/v2\/posts\/16148","targetHints":{"allow":["GET"]}}],"collection":[{"href":"https:\/\/aeterrasave.net\/webmedia\/wp-json\/wp\/v2\/posts"}],"about":[{"href":"https:\/\/aeterrasave.net\/webmedia\/wp-json\/wp\/v2\/types\/post"}],"author":[{"embeddable":true,"href":"https:\/\/aeterrasave.net\/webmedia\/wp-json\/wp\/v2\/users\/4"}],"replies":[{"embeddable":true,"href":"https:\/\/aeterrasave.net\/webmedia\/wp-json\/wp\/v2\/comments?post=16148"}],"version-history":[{"count":1,"href":"https:\/\/aeterrasave.net\/webmedia\/wp-json\/wp\/v2\/posts\/16148\/revisions"}],"predecessor-version":[{"id":16157,"href":"https:\/\/aeterrasave.net\/webmedia\/wp-json\/wp\/v2\/posts\/16148\/revisions\/16157"}],"wp:featuredmedia":[{"embeddable":true,"href":"https:\/\/aeterrasave.net\/webmedia\/wp-json\/wp\/v2\/media\/16156"}],"wp:attachment":[{"href":"https:\/\/aeterrasave.net\/webmedia\/wp-json\/wp\/v2\/media?parent=16148"}],"wp:term":[{"taxonomy":"category","embeddable":true,"href":"https:\/\/aeterrasave.net\/webmedia\/wp-json\/wp\/v2\/categories?post=16148"},{"taxonomy":"post_tag","embeddable":true,"href":"https:\/\/aeterrasave.net\/webmedia\/wp-json\/wp\/v2\/tags?post=16148"}],"curies":[{"name":"wp","href":"https:\/\/api.w.org\/{rel}","templated":true}]}}