{"id":16289,"date":"2024-06-12T09:24:27","date_gmt":"2024-06-12T08:24:27","guid":{"rendered":"https:\/\/aeterrasave.net\/webmedia\/?p=16289"},"modified":"2024-06-12T09:24:28","modified_gmt":"2024-06-12T08:24:28","slug":"eb-ruivaes-visita-museu-bernardino-machado","status":"publish","type":"post","link":"https:\/\/aeterrasave.net\/webmedia\/eb-ruivaes-visita-museu-bernardino-machado\/","title":{"rendered":"EB Ruiv\u00e3es visita Museu Bernardino Machado"},"content":{"rendered":"\n<div class=\"wp-block-group\"><div class=\"wp-block-group__inner-container is-layout-constrained wp-block-group-is-layout-constrained\">\n<figure class=\"wp-block-gallery has-nested-images columns-default is-cropped wp-block-gallery-1 is-layout-flex wp-block-gallery-is-layout-flex\">\n<figure class=\"wp-block-image size-large\"><img loading=\"lazy\" decoding=\"async\" width=\"400\" height=\"300\" data-id=\"16290\" src=\"https:\/\/aeterrasave.net\/webmedia\/wp-content\/uploads\/2024\/06\/IMG_6121.jpg\" alt=\"\" class=\"wp-image-16290\" \/><\/figure>\n\n\n\n<figure class=\"wp-block-image size-large\"><img loading=\"lazy\" decoding=\"async\" width=\"400\" height=\"300\" data-id=\"16291\" src=\"https:\/\/aeterrasave.net\/webmedia\/wp-content\/uploads\/2024\/06\/IMG_6122.jpg\" alt=\"\" class=\"wp-image-16291\" \/><\/figure>\n\n\n\n<figure class=\"wp-block-image size-large\"><img loading=\"lazy\" decoding=\"async\" width=\"400\" height=\"300\" data-id=\"16292\" src=\"https:\/\/aeterrasave.net\/webmedia\/wp-content\/uploads\/2024\/06\/IMG_6126.jpg\" alt=\"\" class=\"wp-image-16292\" \/><\/figure>\n\n\n\n<figure class=\"wp-block-image size-large\"><img loading=\"lazy\" decoding=\"async\" width=\"300\" height=\"400\" data-id=\"16293\" src=\"https:\/\/aeterrasave.net\/webmedia\/wp-content\/uploads\/2024\/06\/IMG_6129.jpg\" alt=\"\" class=\"wp-image-16293\" \/><\/figure>\n<\/figure>\n<\/div><\/div>\n\n\n\n<p>No \u00e2mbito dos Programas Educativos Municipais, Viagens pelo Patrim\u00f3nio Cultural, a turma B2, 4\u00baano, da EB de Ruiv\u00e3es, visitou o Museu Bernardino Machado, situado no centro de Vila Nova de Famalic\u00e3o, antigo palacete Bar\u00e3o da Trovisqueira.<\/p>\n\n\n\n<p>Os alunos viajaram no tempo para conhecer factos importantes da vida deste ilustre portugu\u00eas, que apesar de ter nascido no Brasil escolheu a nossa nacionalidade.<\/p>\n\n\n\n<p>Homem de muitas qualidades intelectuais, dedicou a sua vida ao povo, defendendo a escola p\u00fablica para todos.<\/p>\n\n\n\n<p>Os alunos sa\u00edram daquele lugar m\u00e1gico muito entusiasmados e com vontade de voltar.<\/p>\n","protected":false},"excerpt":{"rendered":"<p>No \u00e2mbito dos Programas Educativos Municipais, Viagens pelo Patrim\u00f3nio Cultural, a turma B2, 4\u00baano, da EB de Ruiv\u00e3es, visitou o Museu Bernardino Machado, situado no centro de Vila Nova de Famalic\u00e3o, antigo palacete Bar\u00e3o da Trovisqueira. Os alunos viajaram no tempo para conhecer factos importantes da vida deste ilustre portugu\u00eas, que apesar de ter nascido [&hellip;]<\/p>\n","protected":false},"author":9,"featured_media":16290,"comment_status":"closed","ping_status":"closed","sticky":false,"template":"","format":"standard","meta":{"_eb_attr":"","footnotes":""},"categories":[3],"tags":[],"class_list":["post-16289","post","type-post","status-publish","format-standard","has-post-thumbnail","hentry","category-noticias"],"blog_post_layout_featured_media_urls":{"thumbnail":["https:\/\/aeterrasave.net\/webmedia\/wp-content\/uploads\/2024\/06\/IMG_6121-150x150.jpg",150,150,true],"full":["https:\/\/aeterrasave.net\/webmedia\/wp-content\/uploads\/2024\/06\/IMG_6121.jpg",400,300,false]},"categories_names":{"3":{"name":"Not\u00edcias","link":"https:\/\/aeterrasave.net\/webmedia\/category\/noticias\/"}},"tags_names":[],"comments_number":0,"wpmagazine_modules_lite_featured_media_urls":{"thumbnail":["https:\/\/aeterrasave.net\/webmedia\/wp-content\/uploads\/2024\/06\/IMG_6121-150x150.jpg",150,150,true],"cvmm-medium":["https:\/\/aeterrasave.net\/webmedia\/wp-content\/uploads\/2024\/06\/IMG_6121.jpg",300,225,false],"cvmm-medium-plus":["https:\/\/aeterrasave.net\/webmedia\/wp-content\/uploads\/2024\/06\/IMG_6121.jpg",276,207,false],"cvmm-portrait":["https:\/\/aeterrasave.net\/webmedia\/wp-content\/uploads\/2024\/06\/IMG_6121.jpg",400,300,false],"cvmm-medium-square":["https:\/\/aeterrasave.net\/webmedia\/wp-content\/uploads\/2024\/06\/IMG_6121.jpg",400,300,false],"cvmm-large":["https:\/\/aeterrasave.net\/webmedia\/wp-content\/uploads\/2024\/06\/IMG_6121.jpg",400,300,false],"cvmm-small":["https:\/\/aeterrasave.net\/webmedia\/wp-content\/uploads\/2024\/06\/IMG_6121.jpg",127,95,false],"full":["https:\/\/aeterrasave.net\/webmedia\/wp-content\/uploads\/2024\/06\/IMG_6121.jpg",400,300,false]},"_links":{"self":[{"href":"https:\/\/aeterrasave.net\/webmedia\/wp-json\/wp\/v2\/posts\/16289","targetHints":{"allow":["GET"]}}],"collection":[{"href":"https:\/\/aeterrasave.net\/webmedia\/wp-json\/wp\/v2\/posts"}],"about":[{"href":"https:\/\/aeterrasave.net\/webmedia\/wp-json\/wp\/v2\/types\/post"}],"author":[{"embeddable":true,"href":"https:\/\/aeterrasave.net\/webmedia\/wp-json\/wp\/v2\/users\/9"}],"replies":[{"embeddable":true,"href":"https:\/\/aeterrasave.net\/webmedia\/wp-json\/wp\/v2\/comments?post=16289"}],"version-history":[{"count":1,"href":"https:\/\/aeterrasave.net\/webmedia\/wp-json\/wp\/v2\/posts\/16289\/revisions"}],"predecessor-version":[{"id":16294,"href":"https:\/\/aeterrasave.net\/webmedia\/wp-json\/wp\/v2\/posts\/16289\/revisions\/16294"}],"wp:featuredmedia":[{"embeddable":true,"href":"https:\/\/aeterrasave.net\/webmedia\/wp-json\/wp\/v2\/media\/16290"}],"wp:attachment":[{"href":"https:\/\/aeterrasave.net\/webmedia\/wp-json\/wp\/v2\/media?parent=16289"}],"wp:term":[{"taxonomy":"category","embeddable":true,"href":"https:\/\/aeterrasave.net\/webmedia\/wp-json\/wp\/v2\/categories?post=16289"},{"taxonomy":"post_tag","embeddable":true,"href":"https:\/\/aeterrasave.net\/webmedia\/wp-json\/wp\/v2\/tags?post=16289"}],"curies":[{"name":"wp","href":"https:\/\/api.w.org\/{rel}","templated":true}]}}