{"id":16338,"date":"2024-06-20T17:25:21","date_gmt":"2024-06-20T16:25:21","guid":{"rendered":"https:\/\/aeterrasave.net\/webmedia\/?p=16338"},"modified":"2024-06-20T17:25:21","modified_gmt":"2024-06-20T16:25:21","slug":"conto-vencedor-agora-e-um-livro","status":"publish","type":"post","link":"https:\/\/aeterrasave.net\/webmedia\/conto-vencedor-agora-e-um-livro\/","title":{"rendered":"Conto vencedor agora \u00e9 um livro!"},"content":{"rendered":"\n<p>No dia 19 de junho, o vereador da Cultura , Pedro Oliveira, foi \u00e0 Escola B\u00e1sica de Oliveira S. Mateus entregar \u00e0 turma de 4\u00ba ano o pr\u00e9mio vencedor do concurso\u00a0<strong>\u201c<\/strong>25 de Abril: 50 anos de liberdade e democracia\u201d promovido pela C\u00e2mara Municipal de Vila Nova de Famalic\u00e3o.<\/p>\n\n\n\n<p>O vereador deu os parab\u00e9ns aos participantes e agradeceu a participa\u00e7\u00e3o. \u201cAcredito que aprenderam muito sobre o 25 de abril com a realiza\u00e7\u00e3o deste trabalho e a vossa hist\u00f3ria destacou-se. Recebemos mais de dois mil trabalhos \u2013 contos e ilustra\u00e7\u00f5es \u2013 por isso, esta iniciativa concelhia foi um sucesso\u201d, referiu.<\/p>\n\n\n\n<p>Para V\u00e2nia Lemos, professora titular da turma vencedora do concurso, o segredo \u00e9 simples: \u201cos alunos apenas tiveram de juntar a realidade dos testemunhos que ouviram na sala de aula com um pouco de fic\u00e7\u00e3o\u201d. A docente explicou que quis levar \u00e0 letra prov\u00e9rbio \u201c\u00c9 preciso uma aldeia inteira para educar uma crian\u00e7a\u201d e convidou tr\u00eas pessoas da comunidade para explicarem \u00e0s crian\u00e7as como eram as suas vidas antes da Revolu\u00e7\u00e3o dos Cravos. \u201cFoi uma conversa esclarecedora e emocionante\u201d, acrescentou.<\/p>\n\n\n\n<p>Anabela Costa, atual coordenadora da escola, Carlos Pereira,&nbsp; ex-presidente da junta de Oliveira S. Mateus, e Ant\u00f3nio Oliveira, fundador da primeira Associa\u00e7\u00e3o de Pais daquela escola, foram as fontes vivas que inspiraram os finalistas para a constru\u00e7\u00e3o do conto, que agora \u00e9 um livro gra\u00e7as \u00e0 colabora\u00e7\u00e3o da Junta de freguesia.<\/p>\n\n\n\n<p>Os alunos do 3\u00ba ano foram desafiados a ilustrar a hist\u00f3ria e o resultado surpreendeu o vereador, que pediu um exemplar para a Biblioteca Municipal. Aproveitou o momento para parabenizar tamb\u00e9m os alunos do 3\u00ba ano pelo trabalho colaborativo. \u201cAli\u00e1s, este livrinho \u00e9 um excelente exemplo de articula\u00e7\u00e3o e de parceria\u201d.&nbsp;<\/p>\n\n\n\n<figure class=\"wp-block-image size-full is-resized\"><img loading=\"lazy\" decoding=\"async\" width=\"640\" height=\"480\" src=\"https:\/\/aeterrasave.net\/webmedia\/wp-content\/uploads\/2024\/06\/20240619_102944-3.jpg\" alt=\"\" class=\"wp-image-16339\" style=\"width:808px;height:auto\" srcset=\"https:\/\/aeterrasave.net\/webmedia\/wp-content\/uploads\/2024\/06\/20240619_102944-3.jpg 640w, https:\/\/aeterrasave.net\/webmedia\/wp-content\/uploads\/2024\/06\/20240619_102944-3-400x300.jpg 400w, https:\/\/aeterrasave.net\/webmedia\/wp-content\/uploads\/2024\/06\/20240619_102944-3-560x420.jpg 560w\" sizes=\"auto, (max-width: 640px) 100vw, 640px\" \/><\/figure>\n\n\n\n<figure class=\"wp-block-image size-full is-resized\"><img loading=\"lazy\" decoding=\"async\" width=\"640\" height=\"480\" src=\"https:\/\/aeterrasave.net\/webmedia\/wp-content\/uploads\/2024\/06\/20240619_103751.jpg\" alt=\"\" class=\"wp-image-16340\" style=\"width:811px;height:auto\" srcset=\"https:\/\/aeterrasave.net\/webmedia\/wp-content\/uploads\/2024\/06\/20240619_103751.jpg 640w, https:\/\/aeterrasave.net\/webmedia\/wp-content\/uploads\/2024\/06\/20240619_103751-400x300.jpg 400w, https:\/\/aeterrasave.net\/webmedia\/wp-content\/uploads\/2024\/06\/20240619_103751-560x420.jpg 560w\" sizes=\"auto, (max-width: 640px) 100vw, 640px\" \/><\/figure>\n\n\n\n<figure class=\"wp-block-image size-full is-resized\"><img loading=\"lazy\" decoding=\"async\" width=\"640\" height=\"480\" src=\"https:\/\/aeterrasave.net\/webmedia\/wp-content\/uploads\/2024\/06\/20240619_102153.jpg\" alt=\"\" class=\"wp-image-16341\" style=\"width:819px;height:auto\" srcset=\"https:\/\/aeterrasave.net\/webmedia\/wp-content\/uploads\/2024\/06\/20240619_102153.jpg 640w, https:\/\/aeterrasave.net\/webmedia\/wp-content\/uploads\/2024\/06\/20240619_102153-400x300.jpg 400w, https:\/\/aeterrasave.net\/webmedia\/wp-content\/uploads\/2024\/06\/20240619_102153-560x420.jpg 560w\" sizes=\"auto, (max-width: 640px) 100vw, 640px\" \/><\/figure>\n\n\n\n<figure class=\"wp-block-image size-full is-resized\"><img loading=\"lazy\" decoding=\"async\" width=\"640\" height=\"480\" src=\"https:\/\/aeterrasave.net\/webmedia\/wp-content\/uploads\/2024\/06\/20240619_101632.jpg\" alt=\"\" class=\"wp-image-16342\" style=\"width:824px;height:auto\" srcset=\"https:\/\/aeterrasave.net\/webmedia\/wp-content\/uploads\/2024\/06\/20240619_101632.jpg 640w, https:\/\/aeterrasave.net\/webmedia\/wp-content\/uploads\/2024\/06\/20240619_101632-400x300.jpg 400w, https:\/\/aeterrasave.net\/webmedia\/wp-content\/uploads\/2024\/06\/20240619_101632-560x420.jpg 560w\" sizes=\"auto, (max-width: 640px) 100vw, 640px\" \/><\/figure>\n","protected":false},"excerpt":{"rendered":"<p>No dia 19 de junho, o vereador da Cultura , Pedro Oliveira, foi \u00e0 Escola B\u00e1sica de Oliveira S. Mateus entregar \u00e0 turma de 4\u00ba ano o pr\u00e9mio vencedor do concurso\u00a0\u201c25 de Abril: 50 anos de liberdade e democracia\u201d promovido pela C\u00e2mara Municipal de Vila Nova de Famalic\u00e3o. O vereador deu os parab\u00e9ns aos participantes [&hellip;]<\/p>\n","protected":false},"author":11,"featured_media":16339,"comment_status":"closed","ping_status":"closed","sticky":false,"template":"","format":"standard","meta":{"_eb_attr":"","footnotes":""},"categories":[3],"tags":[],"class_list":["post-16338","post","type-post","status-publish","format-standard","has-post-thumbnail","hentry","category-noticias"],"blog_post_layout_featured_media_urls":{"thumbnail":["https:\/\/aeterrasave.net\/webmedia\/wp-content\/uploads\/2024\/06\/20240619_102944-3-150x150.jpg",150,150,true],"full":["https:\/\/aeterrasave.net\/webmedia\/wp-content\/uploads\/2024\/06\/20240619_102944-3.jpg",640,480,false]},"categories_names":{"3":{"name":"Not\u00edcias","link":"https:\/\/aeterrasave.net\/webmedia\/category\/noticias\/"}},"tags_names":[],"comments_number":0,"wpmagazine_modules_lite_featured_media_urls":{"thumbnail":["https:\/\/aeterrasave.net\/webmedia\/wp-content\/uploads\/2024\/06\/20240619_102944-3-150x150.jpg",150,150,true],"cvmm-medium":["https:\/\/aeterrasave.net\/webmedia\/wp-content\/uploads\/2024\/06\/20240619_102944-3.jpg",300,225,false],"cvmm-medium-plus":["https:\/\/aeterrasave.net\/webmedia\/wp-content\/uploads\/2024\/06\/20240619_102944-3.jpg",276,207,false],"cvmm-portrait":["https:\/\/aeterrasave.net\/webmedia\/wp-content\/uploads\/2024\/06\/20240619_102944-3.jpg",400,300,false],"cvmm-medium-square":["https:\/\/aeterrasave.net\/webmedia\/wp-content\/uploads\/2024\/06\/20240619_102944-3.jpg",600,450,false],"cvmm-large":["https:\/\/aeterrasave.net\/webmedia\/wp-content\/uploads\/2024\/06\/20240619_102944-3.jpg",640,480,false],"cvmm-small":["https:\/\/aeterrasave.net\/webmedia\/wp-content\/uploads\/2024\/06\/20240619_102944-3.jpg",127,95,false],"full":["https:\/\/aeterrasave.net\/webmedia\/wp-content\/uploads\/2024\/06\/20240619_102944-3.jpg",640,480,false]},"_links":{"self":[{"href":"https:\/\/aeterrasave.net\/webmedia\/wp-json\/wp\/v2\/posts\/16338","targetHints":{"allow":["GET"]}}],"collection":[{"href":"https:\/\/aeterrasave.net\/webmedia\/wp-json\/wp\/v2\/posts"}],"about":[{"href":"https:\/\/aeterrasave.net\/webmedia\/wp-json\/wp\/v2\/types\/post"}],"author":[{"embeddable":true,"href":"https:\/\/aeterrasave.net\/webmedia\/wp-json\/wp\/v2\/users\/11"}],"replies":[{"embeddable":true,"href":"https:\/\/aeterrasave.net\/webmedia\/wp-json\/wp\/v2\/comments?post=16338"}],"version-history":[{"count":1,"href":"https:\/\/aeterrasave.net\/webmedia\/wp-json\/wp\/v2\/posts\/16338\/revisions"}],"predecessor-version":[{"id":16343,"href":"https:\/\/aeterrasave.net\/webmedia\/wp-json\/wp\/v2\/posts\/16338\/revisions\/16343"}],"wp:featuredmedia":[{"embeddable":true,"href":"https:\/\/aeterrasave.net\/webmedia\/wp-json\/wp\/v2\/media\/16339"}],"wp:attachment":[{"href":"https:\/\/aeterrasave.net\/webmedia\/wp-json\/wp\/v2\/media?parent=16338"}],"wp:term":[{"taxonomy":"category","embeddable":true,"href":"https:\/\/aeterrasave.net\/webmedia\/wp-json\/wp\/v2\/categories?post=16338"},{"taxonomy":"post_tag","embeddable":true,"href":"https:\/\/aeterrasave.net\/webmedia\/wp-json\/wp\/v2\/tags?post=16338"}],"curies":[{"name":"wp","href":"https:\/\/api.w.org\/{rel}","templated":true}]}}