{"id":1667,"date":"2020-01-23T18:03:34","date_gmt":"2020-01-23T17:03:34","guid":{"rendered":"https:\/\/aepedome.net\/webmedia\/?p=1667"},"modified":"2020-01-24T21:49:22","modified_gmt":"2020-01-24T20:49:22","slug":"assembleia-eco-escola","status":"publish","type":"post","link":"https:\/\/aeterrasave.net\/webmedia\/assembleia-eco-escola\/","title":{"rendered":"Assembleia Eco Escola na EB da Carreira"},"content":{"rendered":"<p>Realizou-se a Assembleia Eco Escolas com toda a comunidade escolar reunida.<\/p>\n<p>Discutiram-se assuntos de grande import\u00e2ncia para a preserva\u00e7\u00e3o do ambiente onde destacamos a redu\u00e7\u00e3o da utiliza\u00e7\u00e3o do pl\u00e1stico e a poupan\u00e7a de energia.<\/p>\n<p>Os alunos avan\u00e7aram medidas concretas para por em pr\u00e1tica tanto na escola como em casa, salientando o apoio dado pelo Sr. Presidente da Junta de Freguesia para ajudar a desenvolver os projetos apresentados pelos alunos.<\/p>\n<p><img loading=\"lazy\" decoding=\"async\" class=\"alignnone size-medium wp-image-1707\" src=\"https:\/\/aepedome.net\/webmedia\/wp-content\/uploads\/2020\/01\/IMG-20200123-WA0008-760x570.jpg\" alt=\"\" width=\"760\" height=\"570\" srcset=\"https:\/\/aeterrasave.net\/webmedia\/wp-content\/uploads\/2020\/01\/IMG-20200123-WA0008-760x570.jpg 760w, https:\/\/aeterrasave.net\/webmedia\/wp-content\/uploads\/2020\/01\/IMG-20200123-WA0008.jpg 1024w\" sizes=\"auto, (max-width: 760px) 100vw, 760px\" \/><img loading=\"lazy\" decoding=\"async\" class=\"alignnone size-medium wp-image-1708\" src=\"https:\/\/aepedome.net\/webmedia\/wp-content\/uploads\/2020\/01\/IMG-20200123-WA0004-760x570.jpg\" alt=\"\" width=\"760\" height=\"570\" srcset=\"https:\/\/aeterrasave.net\/webmedia\/wp-content\/uploads\/2020\/01\/IMG-20200123-WA0004-760x570.jpg 760w, https:\/\/aeterrasave.net\/webmedia\/wp-content\/uploads\/2020\/01\/IMG-20200123-WA0004.jpg 1024w\" sizes=\"auto, (max-width: 760px) 100vw, 760px\" \/><img loading=\"lazy\" decoding=\"async\" class=\"alignnone size-medium wp-image-1709\" src=\"https:\/\/aepedome.net\/webmedia\/wp-content\/uploads\/2020\/01\/IMG-20200123-WA0003-760x570.jpg\" alt=\"\" width=\"760\" height=\"570\" srcset=\"https:\/\/aeterrasave.net\/webmedia\/wp-content\/uploads\/2020\/01\/IMG-20200123-WA0003-760x570.jpg 760w, https:\/\/aeterrasave.net\/webmedia\/wp-content\/uploads\/2020\/01\/IMG-20200123-WA0003-400x300.jpg 400w, https:\/\/aeterrasave.net\/webmedia\/wp-content\/uploads\/2020\/01\/IMG-20200123-WA0003-768x576.jpg 768w, https:\/\/aeterrasave.net\/webmedia\/wp-content\/uploads\/2020\/01\/IMG-20200123-WA0003-560x420.jpg 560w, https:\/\/aeterrasave.net\/webmedia\/wp-content\/uploads\/2020\/01\/IMG-20200123-WA0003.jpg 1024w\" sizes=\"auto, (max-width: 760px) 100vw, 760px\" \/><\/p>\n","protected":false},"excerpt":{"rendered":"<p>Realizou-se a Assembleia Eco Escolas com toda a comunidade escolar reunida. Discutiram-se assuntos de grande import\u00e2ncia para a preserva\u00e7\u00e3o do ambiente onde destacamos a redu\u00e7\u00e3o da utiliza\u00e7\u00e3o do pl\u00e1stico e a poupan\u00e7a de energia. Os alunos avan\u00e7aram medidas concretas para por em pr\u00e1tica tanto na escola como em casa, salientando o apoio dado pelo Sr. [&hellip;]<\/p>\n","protected":false},"author":4,"featured_media":1709,"comment_status":"closed","ping_status":"closed","sticky":false,"template":"","format":"standard","meta":{"_eb_attr":"","footnotes":""},"categories":[3],"tags":[],"class_list":["post-1667","post","type-post","status-publish","format-standard","has-post-thumbnail","hentry","category-noticias"],"blog_post_layout_featured_media_urls":{"thumbnail":["https:\/\/aeterrasave.net\/webmedia\/wp-content\/uploads\/2020\/01\/IMG-20200123-WA0003-150x150.jpg",150,150,true],"full":["https:\/\/aeterrasave.net\/webmedia\/wp-content\/uploads\/2020\/01\/IMG-20200123-WA0003.jpg",1024,768,false]},"categories_names":{"3":{"name":"Not\u00edcias","link":"https:\/\/aeterrasave.net\/webmedia\/category\/noticias\/"}},"tags_names":[],"comments_number":0,"wpmagazine_modules_lite_featured_media_urls":{"thumbnail":["https:\/\/aeterrasave.net\/webmedia\/wp-content\/uploads\/2020\/01\/IMG-20200123-WA0003-150x150.jpg",150,150,true],"cvmm-medium":["https:\/\/aeterrasave.net\/webmedia\/wp-content\/uploads\/2020\/01\/IMG-20200123-WA0003.jpg",300,225,false],"cvmm-medium-plus":["https:\/\/aeterrasave.net\/webmedia\/wp-content\/uploads\/2020\/01\/IMG-20200123-WA0003.jpg",276,207,false],"cvmm-portrait":["https:\/\/aeterrasave.net\/webmedia\/wp-content\/uploads\/2020\/01\/IMG-20200123-WA0003.jpg",400,300,false],"cvmm-medium-square":["https:\/\/aeterrasave.net\/webmedia\/wp-content\/uploads\/2020\/01\/IMG-20200123-WA0003.jpg",600,450,false],"cvmm-large":["https:\/\/aeterrasave.net\/webmedia\/wp-content\/uploads\/2020\/01\/IMG-20200123-WA0003.jpg",1024,768,false],"cvmm-small":["https:\/\/aeterrasave.net\/webmedia\/wp-content\/uploads\/2020\/01\/IMG-20200123-WA0003.jpg",127,95,false],"full":["https:\/\/aeterrasave.net\/webmedia\/wp-content\/uploads\/2020\/01\/IMG-20200123-WA0003.jpg",1024,768,false]},"_links":{"self":[{"href":"https:\/\/aeterrasave.net\/webmedia\/wp-json\/wp\/v2\/posts\/1667","targetHints":{"allow":["GET"]}}],"collection":[{"href":"https:\/\/aeterrasave.net\/webmedia\/wp-json\/wp\/v2\/posts"}],"about":[{"href":"https:\/\/aeterrasave.net\/webmedia\/wp-json\/wp\/v2\/types\/post"}],"author":[{"embeddable":true,"href":"https:\/\/aeterrasave.net\/webmedia\/wp-json\/wp\/v2\/users\/4"}],"replies":[{"embeddable":true,"href":"https:\/\/aeterrasave.net\/webmedia\/wp-json\/wp\/v2\/comments?post=1667"}],"version-history":[{"count":0,"href":"https:\/\/aeterrasave.net\/webmedia\/wp-json\/wp\/v2\/posts\/1667\/revisions"}],"wp:featuredmedia":[{"embeddable":true,"href":"https:\/\/aeterrasave.net\/webmedia\/wp-json\/wp\/v2\/media\/1709"}],"wp:attachment":[{"href":"https:\/\/aeterrasave.net\/webmedia\/wp-json\/wp\/v2\/media?parent=1667"}],"wp:term":[{"taxonomy":"category","embeddable":true,"href":"https:\/\/aeterrasave.net\/webmedia\/wp-json\/wp\/v2\/categories?post=1667"},{"taxonomy":"post_tag","embeddable":true,"href":"https:\/\/aeterrasave.net\/webmedia\/wp-json\/wp\/v2\/tags?post=1667"}],"curies":[{"name":"wp","href":"https:\/\/api.w.org\/{rel}","templated":true}]}}