{"id":17064,"date":"2024-10-16T16:57:07","date_gmt":"2024-10-16T15:57:07","guid":{"rendered":"https:\/\/aeterrasave.net\/webmedia\/?p=17064"},"modified":"2024-10-16T17:00:18","modified_gmt":"2024-10-16T16:00:18","slug":"a-eb-de-riba-de-ave-foi-ao-cinema","status":"publish","type":"post","link":"https:\/\/aeterrasave.net\/webmedia\/a-eb-de-riba-de-ave-foi-ao-cinema\/","title":{"rendered":"A EB de Riba de Ave foi ao cinema"},"content":{"rendered":"\n<p>Foi no dia 15 de outubro que todas as turmas da EB de Riba de Ave se deslocaram ao Teatro Narciso Ferreira para a visualiza\u00e7\u00e3o do filme <em><strong>\u201cPatos\u201d<\/strong><\/em>.<br>Os alunos mostraram-se muito entusiasmados com a atividade e com a oportunidade de assistirem a uma sess\u00e3o de cinema. Foi uma experi\u00eancia vivida de forma alegre e divertida, onde os alunos adquiriram e consolidaram conhecimentos relacionados com as migra\u00e7\u00f5es, desenvolvendo o esp\u00edrito de observa\u00e7\u00e3o, as rela\u00e7\u00f5es interpessoais, o trabalho de equipa e o esp\u00edrito de entreajuda.<br>Esta atividade permitiu ainda estimular o sentido de resili\u00eancia e de coragem de cada um.<\/p>\n\n\n\n<div class=\"wp-block-columns is-layout-flex wp-container-core-columns-is-layout-9d6595d7 wp-block-columns-is-layout-flex\">\n<div class=\"wp-block-column is-layout-flow wp-block-column-is-layout-flow\"><div class=\"wp-block-image\">\n<figure class=\"aligncenter size-full\"><img loading=\"lazy\" decoding=\"async\" width=\"700\" height=\"700\" src=\"https:\/\/aeterrasave.net\/webmedia\/wp-content\/uploads\/2024\/10\/foto6.jpg\" alt=\"\" class=\"wp-image-17075\" srcset=\"https:\/\/aeterrasave.net\/webmedia\/wp-content\/uploads\/2024\/10\/foto6.jpg 700w, https:\/\/aeterrasave.net\/webmedia\/wp-content\/uploads\/2024\/10\/foto6-400x400.jpg 400w, https:\/\/aeterrasave.net\/webmedia\/wp-content\/uploads\/2024\/10\/foto6-150x150.jpg 150w, https:\/\/aeterrasave.net\/webmedia\/wp-content\/uploads\/2024\/10\/foto6-560x560.jpg 560w\" sizes=\"auto, (max-width: 700px) 100vw, 700px\" \/><\/figure>\n<\/div><\/div>\n<\/div>\n","protected":false},"excerpt":{"rendered":"<p>Foi no dia 15 de outubro que todas as turmas da EB de Riba de Ave se deslocaram ao Teatro Narciso Ferreira para a visualiza\u00e7\u00e3o do filme \u201cPatos\u201d.Os alunos mostraram-se muito entusiasmados com a atividade e com a oportunidade de assistirem a uma sess\u00e3o de cinema. Foi uma experi\u00eancia vivida de forma alegre e divertida, [&hellip;]<\/p>\n","protected":false},"author":8,"featured_media":17078,"comment_status":"closed","ping_status":"closed","sticky":false,"template":"","format":"standard","meta":{"_eb_attr":"","footnotes":""},"categories":[3],"tags":[],"class_list":["post-17064","post","type-post","status-publish","format-standard","has-post-thumbnail","hentry","category-noticias"],"blog_post_layout_featured_media_urls":{"thumbnail":["https:\/\/aeterrasave.net\/webmedia\/wp-content\/uploads\/2024\/10\/Foto1-2-150x150.jpg",150,150,true],"full":["https:\/\/aeterrasave.net\/webmedia\/wp-content\/uploads\/2024\/10\/Foto1-2.jpg",1500,956,false]},"categories_names":{"3":{"name":"Not\u00edcias","link":"https:\/\/aeterrasave.net\/webmedia\/category\/noticias\/"}},"tags_names":[],"comments_number":0,"wpmagazine_modules_lite_featured_media_urls":{"thumbnail":["https:\/\/aeterrasave.net\/webmedia\/wp-content\/uploads\/2024\/10\/Foto1-2-150x150.jpg",150,150,true],"cvmm-medium":["https:\/\/aeterrasave.net\/webmedia\/wp-content\/uploads\/2024\/10\/Foto1-2.jpg",300,191,false],"cvmm-medium-plus":["https:\/\/aeterrasave.net\/webmedia\/wp-content\/uploads\/2024\/10\/Foto1-2.jpg",305,194,false],"cvmm-portrait":["https:\/\/aeterrasave.net\/webmedia\/wp-content\/uploads\/2024\/10\/Foto1-2.jpg",400,255,false],"cvmm-medium-square":["https:\/\/aeterrasave.net\/webmedia\/wp-content\/uploads\/2024\/10\/Foto1-2.jpg",600,382,false],"cvmm-large":["https:\/\/aeterrasave.net\/webmedia\/wp-content\/uploads\/2024\/10\/Foto1-2.jpg",1024,653,false],"cvmm-small":["https:\/\/aeterrasave.net\/webmedia\/wp-content\/uploads\/2024\/10\/Foto1-2.jpg",130,83,false],"full":["https:\/\/aeterrasave.net\/webmedia\/wp-content\/uploads\/2024\/10\/Foto1-2.jpg",1500,956,false]},"_links":{"self":[{"href":"https:\/\/aeterrasave.net\/webmedia\/wp-json\/wp\/v2\/posts\/17064","targetHints":{"allow":["GET"]}}],"collection":[{"href":"https:\/\/aeterrasave.net\/webmedia\/wp-json\/wp\/v2\/posts"}],"about":[{"href":"https:\/\/aeterrasave.net\/webmedia\/wp-json\/wp\/v2\/types\/post"}],"author":[{"embeddable":true,"href":"https:\/\/aeterrasave.net\/webmedia\/wp-json\/wp\/v2\/users\/8"}],"replies":[{"embeddable":true,"href":"https:\/\/aeterrasave.net\/webmedia\/wp-json\/wp\/v2\/comments?post=17064"}],"version-history":[{"count":2,"href":"https:\/\/aeterrasave.net\/webmedia\/wp-json\/wp\/v2\/posts\/17064\/revisions"}],"predecessor-version":[{"id":17077,"href":"https:\/\/aeterrasave.net\/webmedia\/wp-json\/wp\/v2\/posts\/17064\/revisions\/17077"}],"wp:featuredmedia":[{"embeddable":true,"href":"https:\/\/aeterrasave.net\/webmedia\/wp-json\/wp\/v2\/media\/17078"}],"wp:attachment":[{"href":"https:\/\/aeterrasave.net\/webmedia\/wp-json\/wp\/v2\/media?parent=17064"}],"wp:term":[{"taxonomy":"category","embeddable":true,"href":"https:\/\/aeterrasave.net\/webmedia\/wp-json\/wp\/v2\/categories?post=17064"},{"taxonomy":"post_tag","embeddable":true,"href":"https:\/\/aeterrasave.net\/webmedia\/wp-json\/wp\/v2\/tags?post=17064"}],"curies":[{"name":"wp","href":"https:\/\/api.w.org\/{rel}","templated":true}]}}