{"id":17079,"date":"2024-10-16T22:28:40","date_gmt":"2024-10-16T21:28:40","guid":{"rendered":"https:\/\/aeterrasave.net\/webmedia\/?p=17079"},"modified":"2024-10-16T22:28:41","modified_gmt":"2024-10-16T21:28:41","slug":"dia-da-alimentacao-na-eb-da-carreira","status":"publish","type":"post","link":"https:\/\/aeterrasave.net\/webmedia\/dia-da-alimentacao-na-eb-da-carreira\/","title":{"rendered":"Dia da Alimenta\u00e7\u00e3o na EB da Carreira"},"content":{"rendered":"\n<p>No \u00e2mbito do Dia Mundial da Alimenta\u00e7\u00e3o, a EB da Carreira, celebrou a data com diferentes atividades. Os alunos, foram sensibilizadas para a pr\u00e1tica de uma alimenta\u00e7\u00e3o saud\u00e1vel, como fator determinante de sa\u00fade e bem-estar. <\/p>\n\n\n\n<p>Com iogurte natural, frutas variadas e frutos secos, cada crian\u00e7a preparou o seu lanche matinal. Este foi um momento de confraterniza\u00e7\u00e3o e aprendizagem, que despertou as crian\u00e7as para a import\u00e2ncia de uma alimenta\u00e7\u00e3o variada, s\u00e3 e equilibrada.<\/p>\n\n\n\n<figure class=\"wp-block-image size-large is-resized\"><img loading=\"lazy\" decoding=\"async\" width=\"768\" height=\"1024\" src=\"https:\/\/aeterrasave.net\/webmedia\/wp-content\/uploads\/2024\/10\/7f4229b9-bfd7-4648-8c52-394306acb5be-768x1024.jpg\" alt=\"\" class=\"wp-image-17080\" style=\"width:836px;height:auto\" srcset=\"https:\/\/aeterrasave.net\/webmedia\/wp-content\/uploads\/2024\/10\/7f4229b9-bfd7-4648-8c52-394306acb5be-768x1024.jpg 768w, https:\/\/aeterrasave.net\/webmedia\/wp-content\/uploads\/2024\/10\/7f4229b9-bfd7-4648-8c52-394306acb5be-300x400.jpg 300w, https:\/\/aeterrasave.net\/webmedia\/wp-content\/uploads\/2024\/10\/7f4229b9-bfd7-4648-8c52-394306acb5be-560x747.jpg 560w, https:\/\/aeterrasave.net\/webmedia\/wp-content\/uploads\/2024\/10\/7f4229b9-bfd7-4648-8c52-394306acb5be.jpg 1200w\" sizes=\"auto, (max-width: 768px) 100vw, 768px\" \/><\/figure>\n\n\n\n<figure class=\"wp-block-image size-large is-resized\"><img loading=\"lazy\" decoding=\"async\" width=\"684\" height=\"1024\" src=\"https:\/\/aeterrasave.net\/webmedia\/wp-content\/uploads\/2024\/10\/269ffe93-5843-4381-9aa5-1574515e47b8-684x1024.jpg\" alt=\"\" class=\"wp-image-17081\" style=\"width:840px;height:auto\" srcset=\"https:\/\/aeterrasave.net\/webmedia\/wp-content\/uploads\/2024\/10\/269ffe93-5843-4381-9aa5-1574515e47b8-684x1024.jpg 684w, https:\/\/aeterrasave.net\/webmedia\/wp-content\/uploads\/2024\/10\/269ffe93-5843-4381-9aa5-1574515e47b8-267x400.jpg 267w, https:\/\/aeterrasave.net\/webmedia\/wp-content\/uploads\/2024\/10\/269ffe93-5843-4381-9aa5-1574515e47b8-768x1151.jpg 768w, https:\/\/aeterrasave.net\/webmedia\/wp-content\/uploads\/2024\/10\/269ffe93-5843-4381-9aa5-1574515e47b8-560x839.jpg 560w, https:\/\/aeterrasave.net\/webmedia\/wp-content\/uploads\/2024\/10\/269ffe93-5843-4381-9aa5-1574515e47b8.jpg 1068w\" sizes=\"auto, (max-width: 684px) 100vw, 684px\" \/><\/figure>\n\n\n\n<figure class=\"wp-block-image size-large is-resized\"><img loading=\"lazy\" decoding=\"async\" width=\"768\" height=\"1024\" src=\"https:\/\/aeterrasave.net\/webmedia\/wp-content\/uploads\/2024\/10\/dc794058-d687-42d1-84a9-6034b35b07ff-1-768x1024.jpg\" alt=\"\" class=\"wp-image-17084\" style=\"width:840px;height:auto\" srcset=\"https:\/\/aeterrasave.net\/webmedia\/wp-content\/uploads\/2024\/10\/dc794058-d687-42d1-84a9-6034b35b07ff-1-768x1024.jpg 768w, https:\/\/aeterrasave.net\/webmedia\/wp-content\/uploads\/2024\/10\/dc794058-d687-42d1-84a9-6034b35b07ff-1-300x400.jpg 300w, https:\/\/aeterrasave.net\/webmedia\/wp-content\/uploads\/2024\/10\/dc794058-d687-42d1-84a9-6034b35b07ff-1-560x747.jpg 560w, https:\/\/aeterrasave.net\/webmedia\/wp-content\/uploads\/2024\/10\/dc794058-d687-42d1-84a9-6034b35b07ff-1.jpg 1200w\" sizes=\"auto, (max-width: 768px) 100vw, 768px\" \/><\/figure>\n","protected":false},"excerpt":{"rendered":"<p>No \u00e2mbito do Dia Mundial da Alimenta\u00e7\u00e3o, a EB da Carreira, celebrou a data com diferentes atividades. Os alunos, foram sensibilizadas para a pr\u00e1tica de uma alimenta\u00e7\u00e3o saud\u00e1vel, como fator determinante de sa\u00fade e bem-estar. Com iogurte natural, frutas variadas e frutos secos, cada crian\u00e7a preparou o seu lanche matinal. Este foi um momento de [&hellip;]<\/p>\n","protected":false},"author":4,"featured_media":17083,"comment_status":"closed","ping_status":"closed","sticky":false,"template":"","format":"standard","meta":{"_eb_attr":"","footnotes":""},"categories":[3],"tags":[],"class_list":["post-17079","post","type-post","status-publish","format-standard","has-post-thumbnail","hentry","category-noticias"],"blog_post_layout_featured_media_urls":{"thumbnail":["https:\/\/aeterrasave.net\/webmedia\/wp-content\/uploads\/2024\/10\/IMG_3871-150x150.jpg",150,150,true],"full":["https:\/\/aeterrasave.net\/webmedia\/wp-content\/uploads\/2024\/10\/IMG_3871.jpg",640,480,false]},"categories_names":{"3":{"name":"Not\u00edcias","link":"https:\/\/aeterrasave.net\/webmedia\/category\/noticias\/"}},"tags_names":[],"comments_number":0,"wpmagazine_modules_lite_featured_media_urls":{"thumbnail":["https:\/\/aeterrasave.net\/webmedia\/wp-content\/uploads\/2024\/10\/IMG_3871-150x150.jpg",150,150,true],"cvmm-medium":["https:\/\/aeterrasave.net\/webmedia\/wp-content\/uploads\/2024\/10\/IMG_3871.jpg",300,225,false],"cvmm-medium-plus":["https:\/\/aeterrasave.net\/webmedia\/wp-content\/uploads\/2024\/10\/IMG_3871.jpg",276,207,false],"cvmm-portrait":["https:\/\/aeterrasave.net\/webmedia\/wp-content\/uploads\/2024\/10\/IMG_3871.jpg",400,300,false],"cvmm-medium-square":["https:\/\/aeterrasave.net\/webmedia\/wp-content\/uploads\/2024\/10\/IMG_3871.jpg",600,450,false],"cvmm-large":["https:\/\/aeterrasave.net\/webmedia\/wp-content\/uploads\/2024\/10\/IMG_3871.jpg",640,480,false],"cvmm-small":["https:\/\/aeterrasave.net\/webmedia\/wp-content\/uploads\/2024\/10\/IMG_3871.jpg",127,95,false],"full":["https:\/\/aeterrasave.net\/webmedia\/wp-content\/uploads\/2024\/10\/IMG_3871.jpg",640,480,false]},"_links":{"self":[{"href":"https:\/\/aeterrasave.net\/webmedia\/wp-json\/wp\/v2\/posts\/17079","targetHints":{"allow":["GET"]}}],"collection":[{"href":"https:\/\/aeterrasave.net\/webmedia\/wp-json\/wp\/v2\/posts"}],"about":[{"href":"https:\/\/aeterrasave.net\/webmedia\/wp-json\/wp\/v2\/types\/post"}],"author":[{"embeddable":true,"href":"https:\/\/aeterrasave.net\/webmedia\/wp-json\/wp\/v2\/users\/4"}],"replies":[{"embeddable":true,"href":"https:\/\/aeterrasave.net\/webmedia\/wp-json\/wp\/v2\/comments?post=17079"}],"version-history":[{"count":1,"href":"https:\/\/aeterrasave.net\/webmedia\/wp-json\/wp\/v2\/posts\/17079\/revisions"}],"predecessor-version":[{"id":17085,"href":"https:\/\/aeterrasave.net\/webmedia\/wp-json\/wp\/v2\/posts\/17079\/revisions\/17085"}],"wp:featuredmedia":[{"embeddable":true,"href":"https:\/\/aeterrasave.net\/webmedia\/wp-json\/wp\/v2\/media\/17083"}],"wp:attachment":[{"href":"https:\/\/aeterrasave.net\/webmedia\/wp-json\/wp\/v2\/media?parent=17079"}],"wp:term":[{"taxonomy":"category","embeddable":true,"href":"https:\/\/aeterrasave.net\/webmedia\/wp-json\/wp\/v2\/categories?post=17079"},{"taxonomy":"post_tag","embeddable":true,"href":"https:\/\/aeterrasave.net\/webmedia\/wp-json\/wp\/v2\/tags?post=17079"}],"curies":[{"name":"wp","href":"https:\/\/api.w.org\/{rel}","templated":true}]}}