{"id":17244,"date":"2024-10-31T13:49:02","date_gmt":"2024-10-31T12:49:02","guid":{"rendered":"https:\/\/aeterrasave.net\/webmedia\/?p=17244"},"modified":"2024-10-31T13:49:02","modified_gmt":"2024-10-31T12:49:02","slug":"outubro-rosa-no-ji-de-bairro-3","status":"publish","type":"post","link":"https:\/\/aeterrasave.net\/webmedia\/outubro-rosa-no-ji-de-bairro-3\/","title":{"rendered":"Outubro Rosa no JI de Bairro"},"content":{"rendered":"\n<p class=\"wp-block-paragraph\">Com a finalidade de consciencializar para preven\u00e7\u00e3o e diagnostico precoce do Cancro da Mama, a Equipa de Educa\u00e7\u00e3o para a Sa\u00fade desafiou toda a Comunidade Educativa de AE Terras do Ave, a vestir no dia 30 de outubro uma pe\u00e7a de vestu\u00e1rio \/adorno Rosa!<\/p>\n\n\n\n<p class=\"wp-block-paragraph\">Durante esta semana as crian\u00e7as fizeram la\u00e7os cor-de-rosa com v\u00e1rios materiais de  express\u00e3o art\u00edstica, entre outras atividades para simbolizar este dia.<\/p>\n\n\n\n<p class=\"wp-block-paragraph\">Foi um momento cheio de emo\u00e7\u00f5es!<\/p>\n\n\n\n<figure class=\"wp-block-gallery has-nested-images columns-default is-cropped wp-block-gallery-1 is-layout-flex wp-block-gallery-is-layout-flex\">\n<figure class=\"wp-block-image size-large\"><img loading=\"lazy\" decoding=\"async\" width=\"767\" height=\"1024\" data-id=\"17252\" src=\"https:\/\/aeterrasave.net\/webmedia\/wp-content\/uploads\/2024\/10\/20241030_093744-1-min_11zon-767x1024.jpg\" alt=\"\" class=\"wp-image-17252\" srcset=\"https:\/\/aeterrasave.net\/webmedia\/wp-content\/uploads\/2024\/10\/20241030_093744-1-min_11zon-767x1024.jpg 767w, https:\/\/aeterrasave.net\/webmedia\/wp-content\/uploads\/2024\/10\/20241030_093744-1-min_11zon-299x400.jpg 299w, https:\/\/aeterrasave.net\/webmedia\/wp-content\/uploads\/2024\/10\/20241030_093744-1-min_11zon-768x1026.jpg 768w, https:\/\/aeterrasave.net\/webmedia\/wp-content\/uploads\/2024\/10\/20241030_093744-1-min_11zon-560x748.jpg 560w, https:\/\/aeterrasave.net\/webmedia\/wp-content\/uploads\/2024\/10\/20241030_093744-1-min_11zon.jpg 855w\" sizes=\"auto, (max-width: 767px) 100vw, 767px\" \/><\/figure>\n<\/figure>\n\n\n\n<figure class=\"wp-block-gallery has-nested-images columns-default is-cropped wp-block-gallery-2 is-layout-flex wp-block-gallery-is-layout-flex\"><\/figure>\n\n\n\n<p class=\"wp-block-paragraph\"><\/p>\n\n\n\n\n\n\n\n<figure class=\"wp-block-image size-large\"><img loading=\"lazy\" decoding=\"async\" width=\"767\" height=\"1024\" src=\"https:\/\/aeterrasave.net\/webmedia\/wp-content\/uploads\/2024\/10\/20241030_135436-1-min-767x1024.jpg\" alt=\"\" class=\"wp-image-17251\" srcset=\"https:\/\/aeterrasave.net\/webmedia\/wp-content\/uploads\/2024\/10\/20241030_135436-1-min-767x1024.jpg 767w, https:\/\/aeterrasave.net\/webmedia\/wp-content\/uploads\/2024\/10\/20241030_135436-1-min-300x400.jpg 300w, https:\/\/aeterrasave.net\/webmedia\/wp-content\/uploads\/2024\/10\/20241030_135436-1-min-768x1025.jpg 768w, https:\/\/aeterrasave.net\/webmedia\/wp-content\/uploads\/2024\/10\/20241030_135436-1-min-560x748.jpg 560w, https:\/\/aeterrasave.net\/webmedia\/wp-content\/uploads\/2024\/10\/20241030_135436-1-min-scaled.jpg 1917w\" sizes=\"auto, (max-width: 767px) 100vw, 767px\" \/><\/figure>\n","protected":false},"excerpt":{"rendered":"<p>Com a finalidade de consciencializar para preven\u00e7\u00e3o e diagnostico precoce do Cancro da Mama, a Equipa de Educa\u00e7\u00e3o para a Sa\u00fade desafiou toda a Comunidade Educativa de AE Terras do Ave, a vestir no dia 30 de outubro uma pe\u00e7a de vestu\u00e1rio \/adorno Rosa! Durante esta semana as crian\u00e7as fizeram la\u00e7os cor-de-rosa com v\u00e1rios materiais [&hellip;]<\/p>\n","protected":false},"author":3,"featured_media":17252,"comment_status":"closed","ping_status":"closed","sticky":false,"template":"","format":"standard","meta":{"_eb_attr":"","footnotes":""},"categories":[3],"tags":[],"class_list":["post-17244","post","type-post","status-publish","format-standard","has-post-thumbnail","hentry","category-noticias"],"blog_post_layout_featured_media_urls":{"thumbnail":["https:\/\/aeterrasave.net\/webmedia\/wp-content\/uploads\/2024\/10\/20241030_093744-1-min_11zon-150x150.jpg",150,150,true],"full":["https:\/\/aeterrasave.net\/webmedia\/wp-content\/uploads\/2024\/10\/20241030_093744-1-min_11zon.jpg",855,1142,false]},"categories_names":{"3":{"name":"Not\u00edcias","link":"https:\/\/aeterrasave.net\/webmedia\/category\/noticias\/"}},"tags_names":[],"comments_number":0,"wpmagazine_modules_lite_featured_media_urls":{"thumbnail":["https:\/\/aeterrasave.net\/webmedia\/wp-content\/uploads\/2024\/10\/20241030_093744-1-min_11zon-150x150.jpg",150,150,true],"cvmm-medium":["https:\/\/aeterrasave.net\/webmedia\/wp-content\/uploads\/2024\/10\/20241030_093744-1-min_11zon.jpg",225,300,false],"cvmm-medium-plus":["https:\/\/aeterrasave.net\/webmedia\/wp-content\/uploads\/2024\/10\/20241030_093744-1-min_11zon.jpg",155,207,false],"cvmm-portrait":["https:\/\/aeterrasave.net\/webmedia\/wp-content\/uploads\/2024\/10\/20241030_093744-1-min_11zon.jpg",400,534,false],"cvmm-medium-square":["https:\/\/aeterrasave.net\/webmedia\/wp-content\/uploads\/2024\/10\/20241030_093744-1-min_11zon.jpg",449,600,false],"cvmm-large":["https:\/\/aeterrasave.net\/webmedia\/wp-content\/uploads\/2024\/10\/20241030_093744-1-min_11zon.jpg",767,1024,false],"cvmm-small":["https:\/\/aeterrasave.net\/webmedia\/wp-content\/uploads\/2024\/10\/20241030_093744-1-min_11zon.jpg",71,95,false],"full":["https:\/\/aeterrasave.net\/webmedia\/wp-content\/uploads\/2024\/10\/20241030_093744-1-min_11zon.jpg",855,1142,false]},"_links":{"self":[{"href":"https:\/\/aeterrasave.net\/webmedia\/wp-json\/wp\/v2\/posts\/17244","targetHints":{"allow":["GET"]}}],"collection":[{"href":"https:\/\/aeterrasave.net\/webmedia\/wp-json\/wp\/v2\/posts"}],"about":[{"href":"https:\/\/aeterrasave.net\/webmedia\/wp-json\/wp\/v2\/types\/post"}],"author":[{"embeddable":true,"href":"https:\/\/aeterrasave.net\/webmedia\/wp-json\/wp\/v2\/users\/3"}],"replies":[{"embeddable":true,"href":"https:\/\/aeterrasave.net\/webmedia\/wp-json\/wp\/v2\/comments?post=17244"}],"version-history":[{"count":1,"href":"https:\/\/aeterrasave.net\/webmedia\/wp-json\/wp\/v2\/posts\/17244\/revisions"}],"predecessor-version":[{"id":17253,"href":"https:\/\/aeterrasave.net\/webmedia\/wp-json\/wp\/v2\/posts\/17244\/revisions\/17253"}],"wp:featuredmedia":[{"embeddable":true,"href":"https:\/\/aeterrasave.net\/webmedia\/wp-json\/wp\/v2\/media\/17252"}],"wp:attachment":[{"href":"https:\/\/aeterrasave.net\/webmedia\/wp-json\/wp\/v2\/media?parent=17244"}],"wp:term":[{"taxonomy":"category","embeddable":true,"href":"https:\/\/aeterrasave.net\/webmedia\/wp-json\/wp\/v2\/categories?post=17244"},{"taxonomy":"post_tag","embeddable":true,"href":"https:\/\/aeterrasave.net\/webmedia\/wp-json\/wp\/v2\/tags?post=17244"}],"curies":[{"name":"wp","href":"https:\/\/api.w.org\/{rel}","templated":true}]}}