{"id":17586,"date":"2024-11-18T23:13:22","date_gmt":"2024-11-18T22:13:22","guid":{"rendered":"https:\/\/aeterrasave.net\/webmedia\/?p=17586"},"modified":"2024-11-18T23:13:22","modified_gmt":"2024-11-18T22:13:22","slug":"eb-carreira-no-berco-da-nacao","status":"publish","type":"post","link":"https:\/\/aeterrasave.net\/webmedia\/eb-carreira-no-berco-da-nacao\/","title":{"rendered":"EB Carreira no Ber\u00e7o da Na\u00e7\u00e3o!"},"content":{"rendered":"\n<p>Os alunos da EB Carreira, realizaram uma agrad\u00e1vel visita de estudo, ao Pa\u00e7o dos Duques e ao Castelo de Guimar\u00e3es. Esta atividade teve como principais objetivos, a descoberta de espa\u00e7os museol\u00f3gicos, como um desafio \u00e0 aprendizagem, atrav\u00e9s da participa\u00e7\u00e3o em atividades l\u00fadicas e pedag\u00f3gicas diversificadas.<br><br>As crian\u00e7as tiveram oportunidade de conhecer o Castelo de Guimar\u00e3es, reconhecendo a sua liga\u00e7\u00e3o \u00e0s origens de Portugal, fomentando o gosto pelo patrim\u00f3nio, pela sua valoriza\u00e7\u00e3o e preserva\u00e7\u00e3o.<\/p>\n\n\n\n<p>Esta foi uma experi\u00eancia rica em aprendizagens, onde diversas \u00e1reas do conhecimento se entrela\u00e7aram de forma adequada e divertida.<\/p>\n\n\n\n<figure class=\"wp-block-image size-large is-resized\"><img loading=\"lazy\" decoding=\"async\" width=\"529\" height=\"628\" src=\"https:\/\/aeterrasave.net\/webmedia\/wp-content\/uploads\/2024\/11\/castelo-529x628.jpg\" alt=\"\" class=\"wp-image-17587\" style=\"width:839px;height:auto\" srcset=\"https:\/\/aeterrasave.net\/webmedia\/wp-content\/uploads\/2024\/11\/castelo-529x628.jpg 529w, https:\/\/aeterrasave.net\/webmedia\/wp-content\/uploads\/2024\/11\/castelo.jpg 539w\" sizes=\"auto, (max-width: 529px) 100vw, 529px\" \/><\/figure>\n\n\n\n<figure class=\"wp-block-image size-full is-resized\"><img loading=\"lazy\" decoding=\"async\" width=\"640\" height=\"431\" src=\"https:\/\/aeterrasave.net\/webmedia\/wp-content\/uploads\/2024\/11\/teatro.jpg\" alt=\"\" class=\"wp-image-17588\" style=\"width:840px;height:auto\" srcset=\"https:\/\/aeterrasave.net\/webmedia\/wp-content\/uploads\/2024\/11\/teatro.jpg 640w, https:\/\/aeterrasave.net\/webmedia\/wp-content\/uploads\/2024\/11\/teatro-560x377.jpg 560w\" sizes=\"auto, (max-width: 640px) 100vw, 640px\" \/><\/figure>\n","protected":false},"excerpt":{"rendered":"<p>Os alunos da EB Carreira, realizaram uma agrad\u00e1vel visita de estudo, ao Pa\u00e7o dos Duques e ao Castelo de Guimar\u00e3es. Esta atividade teve como principais objetivos, a descoberta de espa\u00e7os museol\u00f3gicos, como um desafio \u00e0 aprendizagem, atrav\u00e9s da participa\u00e7\u00e3o em atividades l\u00fadicas e pedag\u00f3gicas diversificadas. As crian\u00e7as tiveram oportunidade de conhecer o Castelo de Guimar\u00e3es, [&hellip;]<\/p>\n","protected":false},"author":4,"featured_media":17589,"comment_status":"closed","ping_status":"closed","sticky":false,"template":"","format":"standard","meta":{"_eb_attr":"","footnotes":""},"categories":[3],"tags":[],"class_list":["post-17586","post","type-post","status-publish","format-standard","has-post-thumbnail","hentry","category-noticias"],"blog_post_layout_featured_media_urls":{"thumbnail":["https:\/\/aeterrasave.net\/webmedia\/wp-content\/uploads\/2024\/11\/afonso-h-150x150.jpg",150,150,true],"full":["https:\/\/aeterrasave.net\/webmedia\/wp-content\/uploads\/2024\/11\/afonso-h.jpg",569,640,false]},"categories_names":{"3":{"name":"Not\u00edcias","link":"https:\/\/aeterrasave.net\/webmedia\/category\/noticias\/"}},"tags_names":[],"comments_number":0,"wpmagazine_modules_lite_featured_media_urls":{"thumbnail":["https:\/\/aeterrasave.net\/webmedia\/wp-content\/uploads\/2024\/11\/afonso-h-150x150.jpg",150,150,true],"cvmm-medium":["https:\/\/aeterrasave.net\/webmedia\/wp-content\/uploads\/2024\/11\/afonso-h.jpg",267,300,false],"cvmm-medium-plus":["https:\/\/aeterrasave.net\/webmedia\/wp-content\/uploads\/2024\/11\/afonso-h.jpg",184,207,false],"cvmm-portrait":["https:\/\/aeterrasave.net\/webmedia\/wp-content\/uploads\/2024\/11\/afonso-h.jpg",400,450,false],"cvmm-medium-square":["https:\/\/aeterrasave.net\/webmedia\/wp-content\/uploads\/2024\/11\/afonso-h.jpg",533,600,false],"cvmm-large":["https:\/\/aeterrasave.net\/webmedia\/wp-content\/uploads\/2024\/11\/afonso-h.jpg",569,640,false],"cvmm-small":["https:\/\/aeterrasave.net\/webmedia\/wp-content\/uploads\/2024\/11\/afonso-h.jpg",84,95,false],"full":["https:\/\/aeterrasave.net\/webmedia\/wp-content\/uploads\/2024\/11\/afonso-h.jpg",569,640,false]},"_links":{"self":[{"href":"https:\/\/aeterrasave.net\/webmedia\/wp-json\/wp\/v2\/posts\/17586","targetHints":{"allow":["GET"]}}],"collection":[{"href":"https:\/\/aeterrasave.net\/webmedia\/wp-json\/wp\/v2\/posts"}],"about":[{"href":"https:\/\/aeterrasave.net\/webmedia\/wp-json\/wp\/v2\/types\/post"}],"author":[{"embeddable":true,"href":"https:\/\/aeterrasave.net\/webmedia\/wp-json\/wp\/v2\/users\/4"}],"replies":[{"embeddable":true,"href":"https:\/\/aeterrasave.net\/webmedia\/wp-json\/wp\/v2\/comments?post=17586"}],"version-history":[{"count":1,"href":"https:\/\/aeterrasave.net\/webmedia\/wp-json\/wp\/v2\/posts\/17586\/revisions"}],"predecessor-version":[{"id":17590,"href":"https:\/\/aeterrasave.net\/webmedia\/wp-json\/wp\/v2\/posts\/17586\/revisions\/17590"}],"wp:featuredmedia":[{"embeddable":true,"href":"https:\/\/aeterrasave.net\/webmedia\/wp-json\/wp\/v2\/media\/17589"}],"wp:attachment":[{"href":"https:\/\/aeterrasave.net\/webmedia\/wp-json\/wp\/v2\/media?parent=17586"}],"wp:term":[{"taxonomy":"category","embeddable":true,"href":"https:\/\/aeterrasave.net\/webmedia\/wp-json\/wp\/v2\/categories?post=17586"},{"taxonomy":"post_tag","embeddable":true,"href":"https:\/\/aeterrasave.net\/webmedia\/wp-json\/wp\/v2\/tags?post=17586"}],"curies":[{"name":"wp","href":"https:\/\/api.w.org\/{rel}","templated":true}]}}