{"id":17622,"date":"2024-11-20T18:21:11","date_gmt":"2024-11-20T17:21:11","guid":{"rendered":"https:\/\/aeterrasave.net\/webmedia\/?p=17622"},"modified":"2024-11-20T18:21:11","modified_gmt":"2024-11-20T17:21:11","slug":"erasmus-intercambio-com-centro-educativo-da-coruna-ji-de-bente","status":"publish","type":"post","link":"https:\/\/aeterrasave.net\/webmedia\/erasmus-intercambio-com-centro-educativo-da-coruna-ji-de-bente\/","title":{"rendered":"Erasmus: Interc\u00e2mbio com Centro Educativo da Coru\u00f1a [JI de Bente]"},"content":{"rendered":"\n<p>No \u00e2mbito de uma mobilidade do Projeto Erasmus, a educadora Marta e a professora Inma, ambas docentes no Centro de Educaci\u00f3n Infantil e Primaria Pluril\u00edngue &#8220;Praia Xard\u00edn&#8221; (Boiro &#8211; A Coru\u00f1a), estiveram presentes, na manh\u00e3 do dia de hoje, no JI de Bente, acompanhando as rotinas educativas das crian\u00e7as e o desenvolvimento das diferentes tarefas e atividades. Coincidiu a sua presen\u00e7a com a comemora\u00e7\u00e3o do Dia Nacional do Pijama, com todos vestidos a rigor. Conheceram tamb\u00e9m o espa\u00e7o f\u00edsico e apropriaram-se dos diferentes projetos em curso, demonstrando particular interesse pelo Projeto Eco-Escolas e pelo Projeto de CoCria\u00e7\u00e3o da Sala Snoezelen, este \u00faltimo diretamente relacionado com a montagem de um espa\u00e7o de estimula\u00e7\u00e3o multissensorial que sirva toda a popula\u00e7\u00e3o educativa do agrupamento. <\/p>\n\n\n\n<p>A partir da explora\u00e7\u00e3o da hist\u00f3ria &#8220;O Galo Galar\u00f3&#8221;, proposta neste ano pela Miss\u00e3o Pijama, as crian\u00e7as sugeriram animais que poderiam participar no espet\u00e1culo do Circo de Ouro e envolveram-se em atividades de consci\u00eancia fonol\u00f3gica, identificando e manipulando partes da linguagem oral, como palavras, s\u00edlabas, sons iniciais e rimas.<\/p>\n\n\n\n<p>A manh\u00e3 constitui-se como proveitosa no sentido da troca de experi\u00eancias e do interc\u00e2mbio de realidades em diferentes contextos, com vista ao desenvolvimento de compet\u00eancias profissionais e \u00e0 consequente defini\u00e7\u00e3o de programas de melhoria da qualidade educativa.<\/p>\n\n\n\n<figure class=\"wp-block-gallery has-nested-images columns-default is-cropped wp-block-gallery-1 is-layout-flex wp-block-gallery-is-layout-flex\">\n<figure class=\"wp-block-image size-large\"><img loading=\"lazy\" decoding=\"async\" width=\"471\" height=\"628\" data-id=\"17641\" src=\"https:\/\/aeterrasave.net\/webmedia\/wp-content\/uploads\/2024\/11\/tempImage5pfcbq-471x628.jpg\" alt=\"\" class=\"wp-image-17641\" srcset=\"https:\/\/aeterrasave.net\/webmedia\/wp-content\/uploads\/2024\/11\/tempImage5pfcbq-471x628.jpg 471w, https:\/\/aeterrasave.net\/webmedia\/wp-content\/uploads\/2024\/11\/tempImage5pfcbq-768x1024.jpg 768w, https:\/\/aeterrasave.net\/webmedia\/wp-content\/uploads\/2024\/11\/tempImage5pfcbq-560x747.jpg 560w, https:\/\/aeterrasave.net\/webmedia\/wp-content\/uploads\/2024\/11\/tempImage5pfcbq.jpg 1200w\" sizes=\"auto, (max-width: 471px) 100vw, 471px\" \/><\/figure>\n\n\n\n<figure class=\"wp-block-image size-large\"><img loading=\"lazy\" decoding=\"async\" width=\"471\" height=\"628\" data-id=\"17640\" src=\"https:\/\/aeterrasave.net\/webmedia\/wp-content\/uploads\/2024\/11\/tempImageogTdgv-471x628.jpg\" alt=\"\" class=\"wp-image-17640\" srcset=\"https:\/\/aeterrasave.net\/webmedia\/wp-content\/uploads\/2024\/11\/tempImageogTdgv-471x628.jpg 471w, https:\/\/aeterrasave.net\/webmedia\/wp-content\/uploads\/2024\/11\/tempImageogTdgv-768x1024.jpg 768w, https:\/\/aeterrasave.net\/webmedia\/wp-content\/uploads\/2024\/11\/tempImageogTdgv-560x747.jpg 560w, https:\/\/aeterrasave.net\/webmedia\/wp-content\/uploads\/2024\/11\/tempImageogTdgv.jpg 1200w\" sizes=\"auto, (max-width: 471px) 100vw, 471px\" \/><\/figure>\n\n\n\n<figure class=\"wp-block-image size-large\"><img loading=\"lazy\" decoding=\"async\" width=\"471\" height=\"628\" data-id=\"17637\" src=\"https:\/\/aeterrasave.net\/webmedia\/wp-content\/uploads\/2024\/11\/tempImageOftvlT-471x628.jpg\" alt=\"\" class=\"wp-image-17637\" srcset=\"https:\/\/aeterrasave.net\/webmedia\/wp-content\/uploads\/2024\/11\/tempImageOftvlT-471x628.jpg 471w, https:\/\/aeterrasave.net\/webmedia\/wp-content\/uploads\/2024\/11\/tempImageOftvlT-768x1024.jpg 768w, https:\/\/aeterrasave.net\/webmedia\/wp-content\/uploads\/2024\/11\/tempImageOftvlT-560x747.jpg 560w, https:\/\/aeterrasave.net\/webmedia\/wp-content\/uploads\/2024\/11\/tempImageOftvlT.jpg 1200w\" sizes=\"auto, (max-width: 471px) 100vw, 471px\" \/><\/figure>\n\n\n\n<figure class=\"wp-block-image size-large\"><img loading=\"lazy\" decoding=\"async\" width=\"471\" height=\"628\" data-id=\"17639\" src=\"https:\/\/aeterrasave.net\/webmedia\/wp-content\/uploads\/2024\/11\/tempImageWz8wid-471x628.jpg\" alt=\"\" class=\"wp-image-17639\" srcset=\"https:\/\/aeterrasave.net\/webmedia\/wp-content\/uploads\/2024\/11\/tempImageWz8wid-471x628.jpg 471w, https:\/\/aeterrasave.net\/webmedia\/wp-content\/uploads\/2024\/11\/tempImageWz8wid-768x1024.jpg 768w, https:\/\/aeterrasave.net\/webmedia\/wp-content\/uploads\/2024\/11\/tempImageWz8wid-560x747.jpg 560w, https:\/\/aeterrasave.net\/webmedia\/wp-content\/uploads\/2024\/11\/tempImageWz8wid.jpg 1200w\" sizes=\"auto, (max-width: 471px) 100vw, 471px\" \/><\/figure>\n\n\n\n<figure class=\"wp-block-image size-large\"><img loading=\"lazy\" decoding=\"async\" width=\"471\" height=\"628\" data-id=\"17638\" src=\"https:\/\/aeterrasave.net\/webmedia\/wp-content\/uploads\/2024\/11\/tempImageSeFiit-471x628.jpg\" alt=\"\" class=\"wp-image-17638\" srcset=\"https:\/\/aeterrasave.net\/webmedia\/wp-content\/uploads\/2024\/11\/tempImageSeFiit-471x628.jpg 471w, https:\/\/aeterrasave.net\/webmedia\/wp-content\/uploads\/2024\/11\/tempImageSeFiit-768x1024.jpg 768w, https:\/\/aeterrasave.net\/webmedia\/wp-content\/uploads\/2024\/11\/tempImageSeFiit-560x747.jpg 560w, https:\/\/aeterrasave.net\/webmedia\/wp-content\/uploads\/2024\/11\/tempImageSeFiit.jpg 1200w\" sizes=\"auto, (max-width: 471px) 100vw, 471px\" \/><\/figure>\n\n\n\n<figure class=\"wp-block-image size-large\"><img loading=\"lazy\" decoding=\"async\" width=\"471\" height=\"628\" data-id=\"17642\" src=\"https:\/\/aeterrasave.net\/webmedia\/wp-content\/uploads\/2024\/11\/tempImageVOUNOJ-471x628.jpg\" alt=\"\" class=\"wp-image-17642\" srcset=\"https:\/\/aeterrasave.net\/webmedia\/wp-content\/uploads\/2024\/11\/tempImageVOUNOJ-471x628.jpg 471w, https:\/\/aeterrasave.net\/webmedia\/wp-content\/uploads\/2024\/11\/tempImageVOUNOJ-768x1024.jpg 768w, https:\/\/aeterrasave.net\/webmedia\/wp-content\/uploads\/2024\/11\/tempImageVOUNOJ-560x747.jpg 560w, https:\/\/aeterrasave.net\/webmedia\/wp-content\/uploads\/2024\/11\/tempImageVOUNOJ.jpg 1200w\" sizes=\"auto, (max-width: 471px) 100vw, 471px\" \/><\/figure>\n\n\n\n<figure class=\"wp-block-image size-large\"><img loading=\"lazy\" decoding=\"async\" width=\"837\" height=\"628\" data-id=\"17643\" src=\"https:\/\/aeterrasave.net\/webmedia\/wp-content\/uploads\/2024\/11\/tempImageM4NCxT-837x628.jpg\" alt=\"\" class=\"wp-image-17643\" srcset=\"https:\/\/aeterrasave.net\/webmedia\/wp-content\/uploads\/2024\/11\/tempImageM4NCxT-837x628.jpg 837w, https:\/\/aeterrasave.net\/webmedia\/wp-content\/uploads\/2024\/11\/tempImageM4NCxT-768x576.jpg 768w, https:\/\/aeterrasave.net\/webmedia\/wp-content\/uploads\/2024\/11\/tempImageM4NCxT-560x420.jpg 560w, https:\/\/aeterrasave.net\/webmedia\/wp-content\/uploads\/2024\/11\/tempImageM4NCxT.jpg 1600w\" sizes=\"auto, (max-width: 837px) 100vw, 837px\" \/><\/figure>\n<\/figure>\n","protected":false},"excerpt":{"rendered":"<p>No \u00e2mbito de uma mobilidade do Projeto Erasmus, a educadora Marta e a professora Inma, ambas docentes no Centro de Educaci\u00f3n Infantil e Primaria Pluril\u00edngue &#8220;Praia Xard\u00edn&#8221; (Boiro &#8211; A Coru\u00f1a), estiveram presentes, na manh\u00e3 do dia de hoje, no JI de Bente, acompanhando as rotinas educativas das crian\u00e7as e o desenvolvimento das diferentes tarefas [&hellip;]<\/p>\n","protected":false},"author":4,"featured_media":17624,"comment_status":"closed","ping_status":"closed","sticky":false,"template":"","format":"standard","meta":{"_eb_attr":"","footnotes":""},"categories":[3],"tags":[],"class_list":["post-17622","post","type-post","status-publish","format-standard","has-post-thumbnail","hentry","category-noticias"],"blog_post_layout_featured_media_urls":{"thumbnail":["https:\/\/aeterrasave.net\/webmedia\/wp-content\/uploads\/2024\/11\/IMG_7331-2-150x150.jpg",150,150,true],"full":["https:\/\/aeterrasave.net\/webmedia\/wp-content\/uploads\/2024\/11\/IMG_7331-2-scaled.jpg",2560,1498,false]},"categories_names":{"3":{"name":"Not\u00edcias","link":"https:\/\/aeterrasave.net\/webmedia\/category\/noticias\/"}},"tags_names":[],"comments_number":0,"wpmagazine_modules_lite_featured_media_urls":{"thumbnail":["https:\/\/aeterrasave.net\/webmedia\/wp-content\/uploads\/2024\/11\/IMG_7331-2-150x150.jpg",150,150,true],"cvmm-medium":["https:\/\/aeterrasave.net\/webmedia\/wp-content\/uploads\/2024\/11\/IMG_7331-2-scaled.jpg",300,176,false],"cvmm-medium-plus":["https:\/\/aeterrasave.net\/webmedia\/wp-content\/uploads\/2024\/11\/IMG_7331-2-scaled.jpg",305,178,false],"cvmm-portrait":["https:\/\/aeterrasave.net\/webmedia\/wp-content\/uploads\/2024\/11\/IMG_7331-2-scaled.jpg",400,234,false],"cvmm-medium-square":["https:\/\/aeterrasave.net\/webmedia\/wp-content\/uploads\/2024\/11\/IMG_7331-2-scaled.jpg",600,351,false],"cvmm-large":["https:\/\/aeterrasave.net\/webmedia\/wp-content\/uploads\/2024\/11\/IMG_7331-2-scaled.jpg",1024,599,false],"cvmm-small":["https:\/\/aeterrasave.net\/webmedia\/wp-content\/uploads\/2024\/11\/IMG_7331-2-scaled.jpg",130,76,false],"full":["https:\/\/aeterrasave.net\/webmedia\/wp-content\/uploads\/2024\/11\/IMG_7331-2-scaled.jpg",2560,1498,false]},"_links":{"self":[{"href":"https:\/\/aeterrasave.net\/webmedia\/wp-json\/wp\/v2\/posts\/17622","targetHints":{"allow":["GET"]}}],"collection":[{"href":"https:\/\/aeterrasave.net\/webmedia\/wp-json\/wp\/v2\/posts"}],"about":[{"href":"https:\/\/aeterrasave.net\/webmedia\/wp-json\/wp\/v2\/types\/post"}],"author":[{"embeddable":true,"href":"https:\/\/aeterrasave.net\/webmedia\/wp-json\/wp\/v2\/users\/4"}],"replies":[{"embeddable":true,"href":"https:\/\/aeterrasave.net\/webmedia\/wp-json\/wp\/v2\/comments?post=17622"}],"version-history":[{"count":1,"href":"https:\/\/aeterrasave.net\/webmedia\/wp-json\/wp\/v2\/posts\/17622\/revisions"}],"predecessor-version":[{"id":17644,"href":"https:\/\/aeterrasave.net\/webmedia\/wp-json\/wp\/v2\/posts\/17622\/revisions\/17644"}],"wp:featuredmedia":[{"embeddable":true,"href":"https:\/\/aeterrasave.net\/webmedia\/wp-json\/wp\/v2\/media\/17624"}],"wp:attachment":[{"href":"https:\/\/aeterrasave.net\/webmedia\/wp-json\/wp\/v2\/media?parent=17622"}],"wp:term":[{"taxonomy":"category","embeddable":true,"href":"https:\/\/aeterrasave.net\/webmedia\/wp-json\/wp\/v2\/categories?post=17622"},{"taxonomy":"post_tag","embeddable":true,"href":"https:\/\/aeterrasave.net\/webmedia\/wp-json\/wp\/v2\/tags?post=17622"}],"curies":[{"name":"wp","href":"https:\/\/api.w.org\/{rel}","templated":true}]}}