{"id":17654,"date":"2024-11-21T13:20:24","date_gmt":"2024-11-21T12:20:24","guid":{"rendered":"https:\/\/aeterrasave.net\/webmedia\/?p=17654"},"modified":"2024-11-21T13:20:24","modified_gmt":"2024-11-21T12:20:24","slug":"dia-do-pijama-no-ji-bairro","status":"publish","type":"post","link":"https:\/\/aeterrasave.net\/webmedia\/dia-do-pijama-no-ji-bairro\/","title":{"rendered":"Dia do Pijama no JI Bairro"},"content":{"rendered":"\n<p>No dia 20 de novembro as crian\u00e7as participaram na comemora\u00e7\u00e3o do Dia do Pijama.<\/p>\n\n\n\n<p>Esta miss\u00e3o pretende promover o tema &#8220;Os direitos da Inf\u00e2ncia&#8221;, sobretudo o direito de crescer numa fam\u00edlia.<\/p>\n\n\n\n<p>Na semana anterior as crian\u00e7as realizaram v\u00e1rias atividades , tendo por base a hist\u00f3ria &#8221; O Galo Galar\u00f3&#8221; e a coreografia da can\u00e7\u00e3o &#8221; D\u00e1 um passo&#8221; da Miss\u00e3o Pijama- hino- dan\u00e7a -can\u00e7\u00e3o 2024.<\/p>\n\n\n\n<p>Agradecemos a colabora\u00e7\u00e3o das fam\u00edlias na entrega dos donativos.<\/p>\n\n\n\n<figure class=\"wp-block-image size-large\"><img loading=\"lazy\" decoding=\"async\" width=\"834\" height=\"628\" src=\"https:\/\/aeterrasave.net\/webmedia\/wp-content\/uploads\/2024\/11\/IMG-20241120-WA0023-834x628.jpg\" alt=\"\" class=\"wp-image-17655\" srcset=\"https:\/\/aeterrasave.net\/webmedia\/wp-content\/uploads\/2024\/11\/IMG-20241120-WA0023-834x628.jpg 834w, https:\/\/aeterrasave.net\/webmedia\/wp-content\/uploads\/2024\/11\/IMG-20241120-WA0023-768x578.jpg 768w, https:\/\/aeterrasave.net\/webmedia\/wp-content\/uploads\/2024\/11\/IMG-20241120-WA0023-560x422.jpg 560w, https:\/\/aeterrasave.net\/webmedia\/wp-content\/uploads\/2024\/11\/IMG-20241120-WA0023.jpg 2040w\" sizes=\"auto, (max-width: 834px) 100vw, 834px\" \/><\/figure>\n\n\n\n<figure class=\"wp-block-image size-large\"><img loading=\"lazy\" decoding=\"async\" width=\"834\" height=\"628\" src=\"https:\/\/aeterrasave.net\/webmedia\/wp-content\/uploads\/2024\/11\/IMG-20241120-WA0024-834x628.jpg\" alt=\"\" class=\"wp-image-17656\" srcset=\"https:\/\/aeterrasave.net\/webmedia\/wp-content\/uploads\/2024\/11\/IMG-20241120-WA0024-834x628.jpg 834w, https:\/\/aeterrasave.net\/webmedia\/wp-content\/uploads\/2024\/11\/IMG-20241120-WA0024-768x578.jpg 768w, https:\/\/aeterrasave.net\/webmedia\/wp-content\/uploads\/2024\/11\/IMG-20241120-WA0024-560x422.jpg 560w, https:\/\/aeterrasave.net\/webmedia\/wp-content\/uploads\/2024\/11\/IMG-20241120-WA0024.jpg 2040w\" sizes=\"auto, (max-width: 834px) 100vw, 834px\" \/><\/figure>\n\n\n\n\n\n<p><\/p>\n\n\n\n\n\n<figure class=\"wp-block-image size-large\"><img loading=\"lazy\" decoding=\"async\" width=\"473\" height=\"628\" src=\"https:\/\/aeterrasave.net\/webmedia\/wp-content\/uploads\/2024\/11\/IMG-20241120-WA0027-473x628.jpg\" alt=\"\" class=\"wp-image-17657\" srcset=\"https:\/\/aeterrasave.net\/webmedia\/wp-content\/uploads\/2024\/11\/IMG-20241120-WA0027-473x628.jpg 473w, https:\/\/aeterrasave.net\/webmedia\/wp-content\/uploads\/2024\/11\/IMG-20241120-WA0027-768x1020.jpg 768w, https:\/\/aeterrasave.net\/webmedia\/wp-content\/uploads\/2024\/11\/IMG-20241120-WA0027-560x744.jpg 560w, https:\/\/aeterrasave.net\/webmedia\/wp-content\/uploads\/2024\/11\/IMG-20241120-WA0027.jpg 1536w\" sizes=\"auto, (max-width: 473px) 100vw, 473px\" \/><\/figure>\n","protected":false},"excerpt":{"rendered":"<p>No dia 20 de novembro as crian\u00e7as participaram na comemora\u00e7\u00e3o do Dia do Pijama. Esta miss\u00e3o pretende promover o tema &#8220;Os direitos da Inf\u00e2ncia&#8221;, sobretudo o direito de crescer numa fam\u00edlia. Na semana anterior as crian\u00e7as realizaram v\u00e1rias atividades , tendo por base a hist\u00f3ria &#8221; O Galo Galar\u00f3&#8221; e a coreografia da can\u00e7\u00e3o &#8221; [&hellip;]<\/p>\n","protected":false},"author":3,"featured_media":17655,"comment_status":"closed","ping_status":"closed","sticky":false,"template":"","format":"standard","meta":{"_eb_attr":"","footnotes":""},"categories":[3],"tags":[],"class_list":["post-17654","post","type-post","status-publish","format-standard","has-post-thumbnail","hentry","category-noticias"],"blog_post_layout_featured_media_urls":{"thumbnail":["https:\/\/aeterrasave.net\/webmedia\/wp-content\/uploads\/2024\/11\/IMG-20241120-WA0023-150x150.jpg",150,150,true],"full":["https:\/\/aeterrasave.net\/webmedia\/wp-content\/uploads\/2024\/11\/IMG-20241120-WA0023.jpg",2040,1536,false]},"categories_names":{"3":{"name":"Not\u00edcias","link":"https:\/\/aeterrasave.net\/webmedia\/category\/noticias\/"}},"tags_names":[],"comments_number":0,"wpmagazine_modules_lite_featured_media_urls":{"thumbnail":["https:\/\/aeterrasave.net\/webmedia\/wp-content\/uploads\/2024\/11\/IMG-20241120-WA0023-150x150.jpg",150,150,true],"cvmm-medium":["https:\/\/aeterrasave.net\/webmedia\/wp-content\/uploads\/2024\/11\/IMG-20241120-WA0023.jpg",300,226,false],"cvmm-medium-plus":["https:\/\/aeterrasave.net\/webmedia\/wp-content\/uploads\/2024\/11\/IMG-20241120-WA0023.jpg",275,207,false],"cvmm-portrait":["https:\/\/aeterrasave.net\/webmedia\/wp-content\/uploads\/2024\/11\/IMG-20241120-WA0023.jpg",400,301,false],"cvmm-medium-square":["https:\/\/aeterrasave.net\/webmedia\/wp-content\/uploads\/2024\/11\/IMG-20241120-WA0023.jpg",600,452,false],"cvmm-large":["https:\/\/aeterrasave.net\/webmedia\/wp-content\/uploads\/2024\/11\/IMG-20241120-WA0023.jpg",1024,771,false],"cvmm-small":["https:\/\/aeterrasave.net\/webmedia\/wp-content\/uploads\/2024\/11\/IMG-20241120-WA0023.jpg",126,95,false],"full":["https:\/\/aeterrasave.net\/webmedia\/wp-content\/uploads\/2024\/11\/IMG-20241120-WA0023.jpg",2040,1536,false]},"_links":{"self":[{"href":"https:\/\/aeterrasave.net\/webmedia\/wp-json\/wp\/v2\/posts\/17654","targetHints":{"allow":["GET"]}}],"collection":[{"href":"https:\/\/aeterrasave.net\/webmedia\/wp-json\/wp\/v2\/posts"}],"about":[{"href":"https:\/\/aeterrasave.net\/webmedia\/wp-json\/wp\/v2\/types\/post"}],"author":[{"embeddable":true,"href":"https:\/\/aeterrasave.net\/webmedia\/wp-json\/wp\/v2\/users\/3"}],"replies":[{"embeddable":true,"href":"https:\/\/aeterrasave.net\/webmedia\/wp-json\/wp\/v2\/comments?post=17654"}],"version-history":[{"count":1,"href":"https:\/\/aeterrasave.net\/webmedia\/wp-json\/wp\/v2\/posts\/17654\/revisions"}],"predecessor-version":[{"id":17658,"href":"https:\/\/aeterrasave.net\/webmedia\/wp-json\/wp\/v2\/posts\/17654\/revisions\/17658"}],"wp:featuredmedia":[{"embeddable":true,"href":"https:\/\/aeterrasave.net\/webmedia\/wp-json\/wp\/v2\/media\/17655"}],"wp:attachment":[{"href":"https:\/\/aeterrasave.net\/webmedia\/wp-json\/wp\/v2\/media?parent=17654"}],"wp:term":[{"taxonomy":"category","embeddable":true,"href":"https:\/\/aeterrasave.net\/webmedia\/wp-json\/wp\/v2\/categories?post=17654"},{"taxonomy":"post_tag","embeddable":true,"href":"https:\/\/aeterrasave.net\/webmedia\/wp-json\/wp\/v2\/tags?post=17654"}],"curies":[{"name":"wp","href":"https:\/\/api.w.org\/{rel}","templated":true}]}}