{"id":17710,"date":"2024-11-24T19:37:37","date_gmt":"2024-11-24T18:37:37","guid":{"rendered":"https:\/\/aeterrasave.net\/webmedia\/?p=17710"},"modified":"2024-11-24T19:37:37","modified_gmt":"2024-11-24T18:37:37","slug":"1-a-parte-do-1-o-conselho-eco-escolas","status":"publish","type":"post","link":"https:\/\/aeterrasave.net\/webmedia\/1-a-parte-do-1-o-conselho-eco-escolas\/","title":{"rendered":"1.\u00aa parte do 1.\u00ba Conselho Eco &#8211; Escolas"},"content":{"rendered":"\n<p>&#8220;No dia 18 de novembro, na escola sede do Agrupamento de Escolas Terras do Ave, estiveram reunidos os coordenadores das Eco &#8211; Escolas, das diferentes\u00a0unidades escolares que comp\u00f5em\u00a0o Agrupamento, juntamente com alguns Presidentes de Juntas de Freguesia e representante do Gabinete de Sensibiliza\u00e7\u00e3o Ambiental\u00a0de V. N. de Famalic\u00e3o. Para al\u00e9m da distribui\u00e7\u00e3o das Bandeiras Verdes, que representam os bons resultados e boas pr\u00e1ticas em prol da Educa\u00e7\u00e3o Ambiental, tamb\u00e9m foram distribu\u00eddos os pr\u00e9mios que foram ganhos pelas escolas, no ano letivo transato.\u00a0Foram dadas a conhecer diferentes\u00a0din\u00e2micas que podem ser dinamizadas no decorrer do presente ano letivo.<\/p>\n\n\n\n<p>Todos os contributos s\u00e3o bem-vindos&nbsp;para garantir a sustentabilidade do nosso territ\u00f3rio educativo. Estamos todos de parab\u00e9ns.&#8221;<\/p>\n\n\n\n<figure class=\"wp-block-image size-large\"><img loading=\"lazy\" decoding=\"async\" width=\"837\" height=\"628\" src=\"https:\/\/aeterrasave.net\/webmedia\/wp-content\/uploads\/2024\/11\/WhatsApp-Image-2024-11-21-at-16.46.10-837x628.jpeg\" alt=\"\" class=\"wp-image-17711\" srcset=\"https:\/\/aeterrasave.net\/webmedia\/wp-content\/uploads\/2024\/11\/WhatsApp-Image-2024-11-21-at-16.46.10-837x628.jpeg 837w, https:\/\/aeterrasave.net\/webmedia\/wp-content\/uploads\/2024\/11\/WhatsApp-Image-2024-11-21-at-16.46.10-768x576.jpeg 768w, https:\/\/aeterrasave.net\/webmedia\/wp-content\/uploads\/2024\/11\/WhatsApp-Image-2024-11-21-at-16.46.10-560x420.jpeg 560w, https:\/\/aeterrasave.net\/webmedia\/wp-content\/uploads\/2024\/11\/WhatsApp-Image-2024-11-21-at-16.46.10.jpeg 2000w\" sizes=\"auto, (max-width: 837px) 100vw, 837px\" \/><\/figure>\n","protected":false},"excerpt":{"rendered":"<p>&#8220;No dia 18 de novembro, na escola sede do Agrupamento de Escolas Terras do Ave, estiveram reunidos os coordenadores das Eco &#8211; Escolas, das diferentes\u00a0unidades escolares que comp\u00f5em\u00a0o Agrupamento, juntamente com alguns Presidentes de Juntas de Freguesia e representante do Gabinete de Sensibiliza\u00e7\u00e3o Ambiental\u00a0de V. N. de Famalic\u00e3o. Para al\u00e9m da distribui\u00e7\u00e3o das Bandeiras Verdes, [&hellip;]<\/p>\n","protected":false},"author":43,"featured_media":17711,"comment_status":"closed","ping_status":"closed","sticky":false,"template":"","format":"standard","meta":{"_eb_attr":"","footnotes":""},"categories":[3],"tags":[],"class_list":["post-17710","post","type-post","status-publish","format-standard","has-post-thumbnail","hentry","category-noticias"],"blog_post_layout_featured_media_urls":{"thumbnail":["https:\/\/aeterrasave.net\/webmedia\/wp-content\/uploads\/2024\/11\/WhatsApp-Image-2024-11-21-at-16.46.10-150x150.jpeg",150,150,true],"full":["https:\/\/aeterrasave.net\/webmedia\/wp-content\/uploads\/2024\/11\/WhatsApp-Image-2024-11-21-at-16.46.10.jpeg",2000,1500,false]},"categories_names":{"3":{"name":"Not\u00edcias","link":"https:\/\/aeterrasave.net\/webmedia\/category\/noticias\/"}},"tags_names":[],"comments_number":0,"wpmagazine_modules_lite_featured_media_urls":{"thumbnail":["https:\/\/aeterrasave.net\/webmedia\/wp-content\/uploads\/2024\/11\/WhatsApp-Image-2024-11-21-at-16.46.10-150x150.jpeg",150,150,true],"cvmm-medium":["https:\/\/aeterrasave.net\/webmedia\/wp-content\/uploads\/2024\/11\/WhatsApp-Image-2024-11-21-at-16.46.10.jpeg",300,225,false],"cvmm-medium-plus":["https:\/\/aeterrasave.net\/webmedia\/wp-content\/uploads\/2024\/11\/WhatsApp-Image-2024-11-21-at-16.46.10.jpeg",276,207,false],"cvmm-portrait":["https:\/\/aeterrasave.net\/webmedia\/wp-content\/uploads\/2024\/11\/WhatsApp-Image-2024-11-21-at-16.46.10.jpeg",400,300,false],"cvmm-medium-square":["https:\/\/aeterrasave.net\/webmedia\/wp-content\/uploads\/2024\/11\/WhatsApp-Image-2024-11-21-at-16.46.10.jpeg",600,450,false],"cvmm-large":["https:\/\/aeterrasave.net\/webmedia\/wp-content\/uploads\/2024\/11\/WhatsApp-Image-2024-11-21-at-16.46.10.jpeg",1024,768,false],"cvmm-small":["https:\/\/aeterrasave.net\/webmedia\/wp-content\/uploads\/2024\/11\/WhatsApp-Image-2024-11-21-at-16.46.10.jpeg",127,95,false],"full":["https:\/\/aeterrasave.net\/webmedia\/wp-content\/uploads\/2024\/11\/WhatsApp-Image-2024-11-21-at-16.46.10.jpeg",2000,1500,false]},"_links":{"self":[{"href":"https:\/\/aeterrasave.net\/webmedia\/wp-json\/wp\/v2\/posts\/17710","targetHints":{"allow":["GET"]}}],"collection":[{"href":"https:\/\/aeterrasave.net\/webmedia\/wp-json\/wp\/v2\/posts"}],"about":[{"href":"https:\/\/aeterrasave.net\/webmedia\/wp-json\/wp\/v2\/types\/post"}],"author":[{"embeddable":true,"href":"https:\/\/aeterrasave.net\/webmedia\/wp-json\/wp\/v2\/users\/43"}],"replies":[{"embeddable":true,"href":"https:\/\/aeterrasave.net\/webmedia\/wp-json\/wp\/v2\/comments?post=17710"}],"version-history":[{"count":2,"href":"https:\/\/aeterrasave.net\/webmedia\/wp-json\/wp\/v2\/posts\/17710\/revisions"}],"predecessor-version":[{"id":17713,"href":"https:\/\/aeterrasave.net\/webmedia\/wp-json\/wp\/v2\/posts\/17710\/revisions\/17713"}],"wp:featuredmedia":[{"embeddable":true,"href":"https:\/\/aeterrasave.net\/webmedia\/wp-json\/wp\/v2\/media\/17711"}],"wp:attachment":[{"href":"https:\/\/aeterrasave.net\/webmedia\/wp-json\/wp\/v2\/media?parent=17710"}],"wp:term":[{"taxonomy":"category","embeddable":true,"href":"https:\/\/aeterrasave.net\/webmedia\/wp-json\/wp\/v2\/categories?post=17710"},{"taxonomy":"post_tag","embeddable":true,"href":"https:\/\/aeterrasave.net\/webmedia\/wp-json\/wp\/v2\/tags?post=17710"}],"curies":[{"name":"wp","href":"https:\/\/api.w.org\/{rel}","templated":true}]}}