{"id":18191,"date":"2025-01-10T23:06:38","date_gmt":"2025-01-10T22:06:38","guid":{"rendered":"https:\/\/aeterrasave.net\/webmedia\/?p=18191"},"modified":"2025-01-10T23:06:38","modified_gmt":"2025-01-10T22:06:38","slug":"eb-terras-do-ave-8-o-ano-e-empreendedorismo-verde","status":"publish","type":"post","link":"https:\/\/aeterrasave.net\/webmedia\/eb-terras-do-ave-8-o-ano-e-empreendedorismo-verde\/","title":{"rendered":"EB Terras do Ave &#8211; 8.\u00ba ano e Empreendedorismo Verde"},"content":{"rendered":"\n<p>Os alunos das turmas do 8.\u00ba ano na semana de 6 a 10 de janeiro tiveram a oportunidade de participar num workshop de empreendedorismo verde &#8211; &#8220;O que fazer com as Bandeiras Verdes?&#8221;<\/p>\n\n\n\n<p>Sob a orienta\u00e7\u00e3o da Dr\u00aa Filipa Gouveia, e em parceria com os Gabinete de Sensibiliza\u00e7\u00e3o Ambiental de V. N. de Famalic\u00e3o, os alunos das turmas do 8.\u00ba ano tiveram a oportunidade de refletir e apresentar solu\u00e7\u00f5es para as 15 Bandeiras Verdes que a escola j\u00e1 obteve. E com isto identificar problemas no que se refere aos res\u00edduos t\u00eaxteis e outros, numa atividade promotora de criatividade e capacidade de criar solu\u00e7\u00f5es. Aprender a criar solu\u00e7\u00f5es porque se conhece os problemas. <\/p>\n\n\n\n<figure class=\"wp-block-image size-large\"><img loading=\"lazy\" decoding=\"async\" width=\"837\" height=\"628\" src=\"https:\/\/aeterrasave.net\/webmedia\/wp-content\/uploads\/2025\/01\/WhatsApp-Image-2025-01-10-at-18.55.48-837x628.jpeg\" alt=\"\" class=\"wp-image-18192\" srcset=\"https:\/\/aeterrasave.net\/webmedia\/wp-content\/uploads\/2025\/01\/WhatsApp-Image-2025-01-10-at-18.55.48-837x628.jpeg 837w, https:\/\/aeterrasave.net\/webmedia\/wp-content\/uploads\/2025\/01\/WhatsApp-Image-2025-01-10-at-18.55.48-768x576.jpeg 768w, https:\/\/aeterrasave.net\/webmedia\/wp-content\/uploads\/2025\/01\/WhatsApp-Image-2025-01-10-at-18.55.48-560x420.jpeg 560w, https:\/\/aeterrasave.net\/webmedia\/wp-content\/uploads\/2025\/01\/WhatsApp-Image-2025-01-10-at-18.55.48.jpeg 1600w\" sizes=\"auto, (max-width: 837px) 100vw, 837px\" \/><\/figure>\n\n\n\n<figure class=\"wp-block-image size-large\"><img loading=\"lazy\" decoding=\"async\" width=\"837\" height=\"628\" src=\"https:\/\/aeterrasave.net\/webmedia\/wp-content\/uploads\/2025\/01\/WhatsApp-Image-2025-01-10-at-18.52.29-837x628.jpeg\" alt=\"\" class=\"wp-image-18193\" srcset=\"https:\/\/aeterrasave.net\/webmedia\/wp-content\/uploads\/2025\/01\/WhatsApp-Image-2025-01-10-at-18.52.29-837x628.jpeg 837w, https:\/\/aeterrasave.net\/webmedia\/wp-content\/uploads\/2025\/01\/WhatsApp-Image-2025-01-10-at-18.52.29-768x576.jpeg 768w, https:\/\/aeterrasave.net\/webmedia\/wp-content\/uploads\/2025\/01\/WhatsApp-Image-2025-01-10-at-18.52.29-560x420.jpeg 560w, https:\/\/aeterrasave.net\/webmedia\/wp-content\/uploads\/2025\/01\/WhatsApp-Image-2025-01-10-at-18.52.29.jpeg 1600w\" sizes=\"auto, (max-width: 837px) 100vw, 837px\" \/><\/figure>\n\n\n\n<figure class=\"wp-block-image size-large\"><img loading=\"lazy\" decoding=\"async\" width=\"837\" height=\"628\" src=\"https:\/\/aeterrasave.net\/webmedia\/wp-content\/uploads\/2025\/01\/WhatsApp-Image-2025-01-10-at-18.52.29-1-837x628.jpeg\" alt=\"\" class=\"wp-image-18194\" srcset=\"https:\/\/aeterrasave.net\/webmedia\/wp-content\/uploads\/2025\/01\/WhatsApp-Image-2025-01-10-at-18.52.29-1-837x628.jpeg 837w, https:\/\/aeterrasave.net\/webmedia\/wp-content\/uploads\/2025\/01\/WhatsApp-Image-2025-01-10-at-18.52.29-1-768x576.jpeg 768w, https:\/\/aeterrasave.net\/webmedia\/wp-content\/uploads\/2025\/01\/WhatsApp-Image-2025-01-10-at-18.52.29-1-560x420.jpeg 560w, https:\/\/aeterrasave.net\/webmedia\/wp-content\/uploads\/2025\/01\/WhatsApp-Image-2025-01-10-at-18.52.29-1.jpeg 1600w\" sizes=\"auto, (max-width: 837px) 100vw, 837px\" \/><\/figure>\n","protected":false},"excerpt":{"rendered":"<p>Os alunos das turmas do 8.\u00ba ano na semana de 6 a 10 de janeiro tiveram a oportunidade de participar num workshop de empreendedorismo verde &#8211; &#8220;O que fazer com as Bandeiras Verdes?&#8221; Sob a orienta\u00e7\u00e3o da Dr\u00aa Filipa Gouveia, e em parceria com os Gabinete de Sensibiliza\u00e7\u00e3o Ambiental de V. N. de Famalic\u00e3o, os [&hellip;]<\/p>\n","protected":false},"author":43,"featured_media":18192,"comment_status":"closed","ping_status":"closed","sticky":false,"template":"","format":"standard","meta":{"_eb_attr":"","footnotes":""},"categories":[3],"tags":[],"class_list":["post-18191","post","type-post","status-publish","format-standard","has-post-thumbnail","hentry","category-noticias"],"blog_post_layout_featured_media_urls":{"thumbnail":["https:\/\/aeterrasave.net\/webmedia\/wp-content\/uploads\/2025\/01\/WhatsApp-Image-2025-01-10-at-18.55.48-150x150.jpeg",150,150,true],"full":["https:\/\/aeterrasave.net\/webmedia\/wp-content\/uploads\/2025\/01\/WhatsApp-Image-2025-01-10-at-18.55.48.jpeg",1600,1200,false]},"categories_names":{"3":{"name":"Not\u00edcias","link":"https:\/\/aeterrasave.net\/webmedia\/category\/noticias\/"}},"tags_names":[],"comments_number":0,"wpmagazine_modules_lite_featured_media_urls":{"thumbnail":["https:\/\/aeterrasave.net\/webmedia\/wp-content\/uploads\/2025\/01\/WhatsApp-Image-2025-01-10-at-18.55.48-150x150.jpeg",150,150,true],"cvmm-medium":["https:\/\/aeterrasave.net\/webmedia\/wp-content\/uploads\/2025\/01\/WhatsApp-Image-2025-01-10-at-18.55.48.jpeg",300,225,false],"cvmm-medium-plus":["https:\/\/aeterrasave.net\/webmedia\/wp-content\/uploads\/2025\/01\/WhatsApp-Image-2025-01-10-at-18.55.48.jpeg",276,207,false],"cvmm-portrait":["https:\/\/aeterrasave.net\/webmedia\/wp-content\/uploads\/2025\/01\/WhatsApp-Image-2025-01-10-at-18.55.48.jpeg",400,300,false],"cvmm-medium-square":["https:\/\/aeterrasave.net\/webmedia\/wp-content\/uploads\/2025\/01\/WhatsApp-Image-2025-01-10-at-18.55.48.jpeg",600,450,false],"cvmm-large":["https:\/\/aeterrasave.net\/webmedia\/wp-content\/uploads\/2025\/01\/WhatsApp-Image-2025-01-10-at-18.55.48.jpeg",1024,768,false],"cvmm-small":["https:\/\/aeterrasave.net\/webmedia\/wp-content\/uploads\/2025\/01\/WhatsApp-Image-2025-01-10-at-18.55.48.jpeg",127,95,false],"full":["https:\/\/aeterrasave.net\/webmedia\/wp-content\/uploads\/2025\/01\/WhatsApp-Image-2025-01-10-at-18.55.48.jpeg",1600,1200,false]},"_links":{"self":[{"href":"https:\/\/aeterrasave.net\/webmedia\/wp-json\/wp\/v2\/posts\/18191","targetHints":{"allow":["GET"]}}],"collection":[{"href":"https:\/\/aeterrasave.net\/webmedia\/wp-json\/wp\/v2\/posts"}],"about":[{"href":"https:\/\/aeterrasave.net\/webmedia\/wp-json\/wp\/v2\/types\/post"}],"author":[{"embeddable":true,"href":"https:\/\/aeterrasave.net\/webmedia\/wp-json\/wp\/v2\/users\/43"}],"replies":[{"embeddable":true,"href":"https:\/\/aeterrasave.net\/webmedia\/wp-json\/wp\/v2\/comments?post=18191"}],"version-history":[{"count":1,"href":"https:\/\/aeterrasave.net\/webmedia\/wp-json\/wp\/v2\/posts\/18191\/revisions"}],"predecessor-version":[{"id":18195,"href":"https:\/\/aeterrasave.net\/webmedia\/wp-json\/wp\/v2\/posts\/18191\/revisions\/18195"}],"wp:featuredmedia":[{"embeddable":true,"href":"https:\/\/aeterrasave.net\/webmedia\/wp-json\/wp\/v2\/media\/18192"}],"wp:attachment":[{"href":"https:\/\/aeterrasave.net\/webmedia\/wp-json\/wp\/v2\/media?parent=18191"}],"wp:term":[{"taxonomy":"category","embeddable":true,"href":"https:\/\/aeterrasave.net\/webmedia\/wp-json\/wp\/v2\/categories?post=18191"},{"taxonomy":"post_tag","embeddable":true,"href":"https:\/\/aeterrasave.net\/webmedia\/wp-json\/wp\/v2\/tags?post=18191"}],"curies":[{"name":"wp","href":"https:\/\/api.w.org\/{rel}","templated":true}]}}