{"id":18202,"date":"2025-01-14T19:18:16","date_gmt":"2025-01-14T18:18:16","guid":{"rendered":"https:\/\/aeterrasave.net\/webmedia\/?p=18202"},"modified":"2025-01-14T19:18:16","modified_gmt":"2025-01-14T18:18:16","slug":"preparativos-para-o-programa-de-educacao-parental","status":"publish","type":"post","link":"https:\/\/aeterrasave.net\/webmedia\/preparativos-para-o-programa-de-educacao-parental\/","title":{"rendered":"Preparativos para o Programa de Educa\u00e7\u00e3o Parental"},"content":{"rendered":"\n<p>Estamos a preparar o Programa de Educa\u00e7\u00e3o Parental, o qual vai iniciar j\u00e1 na pr\u00f3xima segunda-feira.<\/p>\n\n\n\n<p>Este programa tem como objetivos: melhorar a rela\u00e7\u00e3o pais-filhos e escola-fam\u00edlia; ajudar as fam\u00edlias a aprofundar algumas estrat\u00e9gias importantes para conhecer, compreender, acompanhar, orientar e apoiar o respetivo educando; melhorar, consequentemente, o sucesso educativo das nossas crian\u00e7as.<\/p>\n\n\n\n<figure class=\"wp-block-image size-full\"><img loading=\"lazy\" decoding=\"async\" width=\"846\" height=\"199\" src=\"https:\/\/aeterrasave.net\/webmedia\/wp-content\/uploads\/2025\/01\/calendarizacao.jpg\" alt=\"\" class=\"wp-image-18204\" srcset=\"https:\/\/aeterrasave.net\/webmedia\/wp-content\/uploads\/2025\/01\/calendarizacao.jpg 846w, https:\/\/aeterrasave.net\/webmedia\/wp-content\/uploads\/2025\/01\/calendarizacao-768x181.jpg 768w, https:\/\/aeterrasave.net\/webmedia\/wp-content\/uploads\/2025\/01\/calendarizacao-560x132.jpg 560w\" sizes=\"auto, (max-width: 846px) 100vw, 846px\" \/><\/figure>\n\n\n\n<p>Para os pais \/ encarregados de educa\u00e7\u00e3o que estejam interessados, dever\u00e3o preencher o formul\u00e1rio dispon\u00edvel atrav\u00e9s da leitura do QR Code seguinte:\u00a0<\/p>\n\n\n\n<figure class=\"wp-block-gallery has-nested-images columns-default is-cropped wp-block-gallery-1 is-layout-flex wp-block-gallery-is-layout-flex\">\n<figure class=\"wp-block-image size-large\"><img loading=\"lazy\" decoding=\"async\" width=\"259\" height=\"231\" data-id=\"18205\" src=\"https:\/\/aeterrasave.net\/webmedia\/wp-content\/uploads\/2025\/01\/QR_Code.jpg\" alt=\"\" class=\"wp-image-18205\" \/><\/figure>\n<\/figure>\n\n\n\n<p><strong>Contamos consigo!<\/strong><\/p>\n\n\n\n<p><\/p>\n","protected":false},"excerpt":{"rendered":"<p>Estamos a preparar o Programa de Educa\u00e7\u00e3o Parental, o qual vai iniciar j\u00e1 na pr\u00f3xima segunda-feira. Este programa tem como objetivos: melhorar a rela\u00e7\u00e3o pais-filhos e escola-fam\u00edlia; ajudar as fam\u00edlias a aprofundar algumas estrat\u00e9gias importantes para conhecer, compreender, acompanhar, orientar e apoiar o respetivo educando; melhorar, consequentemente, o sucesso educativo das nossas crian\u00e7as. Para os [&hellip;]<\/p>\n","protected":false},"author":15,"featured_media":18208,"comment_status":"closed","ping_status":"closed","sticky":false,"template":"","format":"standard","meta":{"_eb_attr":"","footnotes":""},"categories":[3],"tags":[],"class_list":["post-18202","post","type-post","status-publish","format-standard","has-post-thumbnail","hentry","category-noticias"],"blog_post_layout_featured_media_urls":{"thumbnail":["https:\/\/aeterrasave.net\/webmedia\/wp-content\/uploads\/2025\/01\/father-child-9262060_1280-150x150.webp",150,150,true],"full":["https:\/\/aeterrasave.net\/webmedia\/wp-content\/uploads\/2025\/01\/father-child-9262060_1280.webp",1280,853,false]},"categories_names":{"3":{"name":"Not\u00edcias","link":"https:\/\/aeterrasave.net\/webmedia\/category\/noticias\/"}},"tags_names":[],"comments_number":0,"wpmagazine_modules_lite_featured_media_urls":{"thumbnail":["https:\/\/aeterrasave.net\/webmedia\/wp-content\/uploads\/2025\/01\/father-child-9262060_1280-150x150.webp",150,150,true],"cvmm-medium":["https:\/\/aeterrasave.net\/webmedia\/wp-content\/uploads\/2025\/01\/father-child-9262060_1280.webp",300,200,false],"cvmm-medium-plus":["https:\/\/aeterrasave.net\/webmedia\/wp-content\/uploads\/2025\/01\/father-child-9262060_1280.webp",305,203,false],"cvmm-portrait":["https:\/\/aeterrasave.net\/webmedia\/wp-content\/uploads\/2025\/01\/father-child-9262060_1280.webp",400,267,false],"cvmm-medium-square":["https:\/\/aeterrasave.net\/webmedia\/wp-content\/uploads\/2025\/01\/father-child-9262060_1280.webp",600,400,false],"cvmm-large":["https:\/\/aeterrasave.net\/webmedia\/wp-content\/uploads\/2025\/01\/father-child-9262060_1280.webp",1024,682,false],"cvmm-small":["https:\/\/aeterrasave.net\/webmedia\/wp-content\/uploads\/2025\/01\/father-child-9262060_1280.webp",130,87,false],"full":["https:\/\/aeterrasave.net\/webmedia\/wp-content\/uploads\/2025\/01\/father-child-9262060_1280.webp",1280,853,false]},"_links":{"self":[{"href":"https:\/\/aeterrasave.net\/webmedia\/wp-json\/wp\/v2\/posts\/18202","targetHints":{"allow":["GET"]}}],"collection":[{"href":"https:\/\/aeterrasave.net\/webmedia\/wp-json\/wp\/v2\/posts"}],"about":[{"href":"https:\/\/aeterrasave.net\/webmedia\/wp-json\/wp\/v2\/types\/post"}],"author":[{"embeddable":true,"href":"https:\/\/aeterrasave.net\/webmedia\/wp-json\/wp\/v2\/users\/15"}],"replies":[{"embeddable":true,"href":"https:\/\/aeterrasave.net\/webmedia\/wp-json\/wp\/v2\/comments?post=18202"}],"version-history":[{"count":1,"href":"https:\/\/aeterrasave.net\/webmedia\/wp-json\/wp\/v2\/posts\/18202\/revisions"}],"predecessor-version":[{"id":18209,"href":"https:\/\/aeterrasave.net\/webmedia\/wp-json\/wp\/v2\/posts\/18202\/revisions\/18209"}],"wp:featuredmedia":[{"embeddable":true,"href":"https:\/\/aeterrasave.net\/webmedia\/wp-json\/wp\/v2\/media\/18208"}],"wp:attachment":[{"href":"https:\/\/aeterrasave.net\/webmedia\/wp-json\/wp\/v2\/media?parent=18202"}],"wp:term":[{"taxonomy":"category","embeddable":true,"href":"https:\/\/aeterrasave.net\/webmedia\/wp-json\/wp\/v2\/categories?post=18202"},{"taxonomy":"post_tag","embeddable":true,"href":"https:\/\/aeterrasave.net\/webmedia\/wp-json\/wp\/v2\/tags?post=18202"}],"curies":[{"name":"wp","href":"https:\/\/api.w.org\/{rel}","templated":true}]}}